    
{"id":56929,"date":"2022-04-27T12:40:14","date_gmt":"2022-04-27T10:40:14","guid":{"rendered":"https:\/\/www.praha7.cz\/?p=56929"},"modified":"2022-04-27T12:40:14","modified_gmt":"2022-04-27T10:40:14","slug":"praha-7-ziskala-oceneni-za-nejlepsi-webove-stranky","status":"publish","type":"post","link":"https:\/\/www.praha7.cz\/praha-7-ziskala-oceneni-za-nejlepsi-webove-stranky\/","title":{"rendered":"Praha&nbsp;7 z\u00edskala ocen\u011bn\u00ed za nejlep\u0161\u00ed webov\u00e9 str\u00e1nky"},"content":{"rendered":"<p>[perex]<\/p>\r\n<p>V\u00a0\u00fater\u00fd 26.&nbsp;dubna 2022 prob\u011bhlo v&nbsp;Rezidenci prim\u00e1tora hlavn\u00edho m\u011bsta Prahy slavnostn\u00ed p\u0159ed\u00e1v\u00e1n\u00ed cen krajsk\u00e9ho kola sout\u011b\u017ee o&nbsp;nejlep\u0161\u00ed webov\u00e9 str\u00e1nky m\u011bst a&nbsp;obc\u00ed Zlat\u00fd erb 2022. V&nbsp;r\u00e1mci hl. m. Prahy spole\u010dn\u00e9 prvn\u00ed m\u00edsto obsadily m\u011bstsk\u00e9 \u010d\u00e1sti Praha&nbsp;7 a&nbsp;Praha 2.<\/p>\r\n<p>[\/perex]<\/p>\r\n<p>Sedm\u00e1 m\u011bstsk\u00e1 \u010d\u00e1st byla ocen\u011bna za celkov\u00e9 zpracov\u00e1n\u00ed sv\u00fdch webov\u00fdch str\u00e1nek <a href=\"https:\/\/www.praha7.cz\/\">www.praha7.cz<\/a> i&nbsp;inovativn\u00ed slu\u017eby, jako je webov\u00fd port\u00e1l <a href=\"https:\/\/www.praha7.cz\/temata\/pomahame\/praha-7-pomaha\/\">Praha&nbsp;7 pom\u00e1h\u00e1<\/a>. V\u00edt\u011bzov\u00e9 krajsk\u00fdch kol postupuj\u00ed d\u00e1le do celost\u00e1tn\u00edho kola, jeho v\u00fdsledky budou vyhl\u00e1\u0161eny dne 16.&nbsp;5.&nbsp;2022<\/p>\r\n<p>V\u00a0leto\u0161n\u00edm roce se kon\u00e1 ji\u017e 24.&nbsp;ro\u010dn\u00edk sout\u011b\u017ee Zlat\u00fd erb, jej\u00edm\u017e c\u00edlem je podpo\u0159it modernizaci m\u00edstn\u00ed ve\u0159ejn\u00e9 spr\u00e1vy prost\u0159ednictv\u00edm rozvoje informa\u010dn\u00edch slu\u017eeb. Po\u0159adatel\u00e9 letos v\u00fdrazn\u011b inovovali hodnot\u00edc\u00ed krit\u00e9ria s&nbsp;d\u016frazem na u\u017eivatelskou p\u0159\u00edv\u011btivost a&nbsp;informa\u010dn\u00ed hodnotu pro ob\u010dany a&nbsp;n\u00e1v\u0161t\u011bvn\u00edky obce. Pozm\u011bn\u011bna byla krit\u00e9ria, kter\u00e1 byla \u010dist\u011b subjektivn\u00ed, jako nap\u0159\u00edklad v\u00fdtvarn\u00e9 zpracov\u00e1n\u00ed webov\u00fdch str\u00e1nek obce. Porotci se tak mohli v\u00edce soust\u0159edit na objektivn\u011bj\u0161\u00ed prvky web\u016f jako nap\u0159\u00edklad na to, jak je snadn\u00e9 nal\u00e9zt pot\u0159ebn\u00e9 informace o&nbsp;\u017eivotn\u00edch situac\u00edch.<\/p>\r\n<p>V\u00edce informac\u00ed naleznete na str\u00e1nk\u00e1ch sout\u011b\u017ee: <a href=\"https:\/\/www.zlatyerb.cz\/\">www.zlatyerb.cz<\/a><\/p>","protected":false},"excerpt":{"rendered":"[perex] V\u00a0\u00fater\u00fd 26.&nbsp;dubna 2022 prob\u011bhlo v&nbsp;Rezidenci prim\u00e1tora hlavn\u00edho m\u011bsta Prahy slavnostn\u00ed p\u0159ed\u00e1v\u00e1n\u00ed cen krajsk\u00e9ho kola sout\u011b\u017ee o&nbsp;nejlep\u0161\u00ed webov\u00e9 str\u00e1nky m\u011bst a&nbsp;obc\u00ed Zlat\u00fd erb 2022. V&nbsp;r\u00e1mci hl. m. Prahy spole\u010dn\u00e9 prvn\u00ed m\u00edsto obsadily m\u011bstsk\u00e9 \u010d\u00e1sti Praha&nbsp;7 a&nbsp;Praha 2. [\/perex] Sedm\u00e1 m\u011bstsk\u00e1 \u010d\u00e1st byla ocen\u011bna za celkov\u00e9 zpracov\u00e1n\u00ed sv\u00fdch webov\u00fdch str\u00e1nek www.praha7.cz i&nbsp;inovativn\u00ed slu\u017eby, jako je webov\u00fd [&hellip;]","protected":false},"author":5,"featured_media":56928,"comment_status":"closed","ping_status":"open","sticky":false,"template":"","format":"standard","meta":[],"categories":[34,74],"tags":[],"_links":{"self":[{"href":"https:\/\/www.praha7.cz\/api\/wp\/v2\/posts\/56929"}],"collection":[{"href":"https:\/\/www.praha7.cz\/api\/wp\/v2\/posts"}],"about":[{"href":"https:\/\/www.praha7.cz\/api\/wp\/v2\/types\/post"}],"author":[{"embeddable":true,"href":"https:\/\/www.praha7.cz\/api\/wp\/v2\/users\/5"}],"replies":[{"embeddable":true,"href":"https:\/\/www.praha7.cz\/api\/wp\/v2\/comments?post=56929"}],"version-history":[{"count":1,"href":"https:\/\/www.praha7.cz\/api\/wp\/v2\/posts\/56929\/revisions"}],"predecessor-version":[{"id":56930,"href":"https:\/\/www.praha7.cz\/api\/wp\/v2\/posts\/56929\/revisions\/56930"}],"wp:featuredmedia":[{"embeddable":true,"href":"https:\/\/www.praha7.cz\/api\/wp\/v2\/media\/56928"}],"wp:attachment":[{"href":"https:\/\/www.praha7.cz\/api\/wp\/v2\/media?parent=56929"}],"wp:term":[{"taxonomy":"category","embeddable":true,"href":"https:\/\/www.praha7.cz\/api\/wp\/v2\/categories?post=56929"},{"taxonomy":"post_tag","embeddable":true,"href":"https:\/\/www.praha7.cz\/api\/wp\/v2\/tags?post=56929"}],"curies":[{"name":"wp","href":"https:\/\/api.w.org\/{rel}","templated":true}]}}