    
{"id":56885,"date":"2022-04-25T13:07:25","date_gmt":"2022-04-25T11:07:25","guid":{"rendered":"https:\/\/www.praha7.cz\/?p=56885"},"modified":"2022-04-26T16:17:12","modified_gmt":"2022-04-26T14:17:12","slug":"vystava-pavel-geryk-pohledem-vpred","status":"publish","type":"post","link":"https:\/\/www.praha7.cz\/vystava-pavel-geryk-pohledem-vpred\/","title":{"rendered":"V\u00fdstava: Pavel Geryk &#8211; Pohledem vp\u0159ed"},"content":{"rendered":"<p>[perex]<\/p>\r\n<p>M\u011bstsk\u00e1 \u010d\u00e1st Praha&nbsp;7 v\u00e1s srde\u010dn\u011b zve na v\u00fdstavu mlad\u00e9ho um\u011blce Pavla Geryka, kter\u00fd v&nbsp;Galerii na Milad\u011b p\u0159edstav\u00ed v\u00fdb\u011br sv\u00fdch prac\u00ed s&nbsp;n\u00e1zvem Pohledem vp\u0159ed.\u00a0Vernis\u00e1\u017e v\u00fdstavy se uskute\u010dn\u00ed ve \u010dtvrtek 5.&nbsp;kv\u011btna v&nbsp;16.30 hod. v&nbsp;<a href=\"https:\/\/www.praha7.cz\/temata\/art-district-7\/galerie-na-milade\/\">Galerii na Milad\u011b<\/a> (Informa\u010dn\u00ed centrum Milady Hor\u00e1kov\u00e9 2, Praha&nbsp;7).\u00a0V\u00fdstava potrv\u00e1 do 9.&nbsp;\u010dervna 2022. Vstup voln\u00fd.<\/p>\r\n<p>[\/perex]<\/p>\r\n<p>Pavel Geryk je studentem ateli\u00e9ru restaurov\u00e1n\u00ed na AVU v&nbsp;Praze. Ve sv\u00e9 tvorb\u011b se p\u0159ev\u00e1\u017en\u011b zab\u00fdv\u00e1 olejem, ale i&nbsp;akvarelem a&nbsp;kva\u0161em. Na v\u00fdstav\u011b najdete um\u011blcovu tvorbu z&nbsp;uplynul\u00fdch dvou let poznamenan\u00fdch pandemi\u00ed koronaviru. N\u00e1zev v\u00fdstavy odkazuje a&nbsp;p\u0159ipom\u00edn\u00e1 nad\u011bji j\u00edt st\u00e1le d\u00e1l po cest\u011b \u017eivotem, s&nbsp;odhodl\u00e1n\u00edm a&nbsp;vytrvalost\u00ed, s&nbsp;pohledem up\u0159en\u00fdm vp\u0159ed, ale i&nbsp;s&nbsp;v\u011bdom\u00edm toho, co se v&nbsp;minulosti ud\u00e1lo.<\/p>","protected":false},"excerpt":{"rendered":"[perex] M\u011bstsk\u00e1 \u010d\u00e1st Praha&nbsp;7 v\u00e1s srde\u010dn\u011b zve na v\u00fdstavu mlad\u00e9ho um\u011blce Pavla Geryka, kter\u00fd v&nbsp;Galerii na Milad\u011b p\u0159edstav\u00ed v\u00fdb\u011br sv\u00fdch prac\u00ed s&nbsp;n\u00e1zvem Pohledem vp\u0159ed.\u00a0Vernis\u00e1\u017e v\u00fdstavy se uskute\u010dn\u00ed ve \u010dtvrtek 5.&nbsp;kv\u011btna v&nbsp;16.30 hod. v&nbsp;Galerii na Milad\u011b (Informa\u010dn\u00ed centrum Milady Hor\u00e1kov\u00e9 2, Praha&nbsp;7).\u00a0V\u00fdstava potrv\u00e1 do 9.&nbsp;\u010dervna 2022. Vstup voln\u00fd. [\/perex] Pavel Geryk je studentem ateli\u00e9ru restaurov\u00e1n\u00ed na [&hellip;]","protected":false},"author":97,"featured_media":56886,"comment_status":"closed","ping_status":"open","sticky":false,"template":"","format":"standard","meta":[],"categories":[34],"tags":[],"_links":{"self":[{"href":"https:\/\/www.praha7.cz\/api\/wp\/v2\/posts\/56885"}],"collection":[{"href":"https:\/\/www.praha7.cz\/api\/wp\/v2\/posts"}],"about":[{"href":"https:\/\/www.praha7.cz\/api\/wp\/v2\/types\/post"}],"author":[{"embeddable":true,"href":"https:\/\/www.praha7.cz\/api\/wp\/v2\/users\/97"}],"replies":[{"embeddable":true,"href":"https:\/\/www.praha7.cz\/api\/wp\/v2\/comments?post=56885"}],"version-history":[{"count":2,"href":"https:\/\/www.praha7.cz\/api\/wp\/v2\/posts\/56885\/revisions"}],"predecessor-version":[{"id":56907,"href":"https:\/\/www.praha7.cz\/api\/wp\/v2\/posts\/56885\/revisions\/56907"}],"wp:featuredmedia":[{"embeddable":true,"href":"https:\/\/www.praha7.cz\/api\/wp\/v2\/media\/56886"}],"wp:attachment":[{"href":"https:\/\/www.praha7.cz\/api\/wp\/v2\/media?parent=56885"}],"wp:term":[{"taxonomy":"category","embeddable":true,"href":"https:\/\/www.praha7.cz\/api\/wp\/v2\/categories?post=56885"},{"taxonomy":"post_tag","embeddable":true,"href":"https:\/\/www.praha7.cz\/api\/wp\/v2\/tags?post=56885"}],"curies":[{"name":"wp","href":"https:\/\/api.w.org\/{rel}","templated":true}]}}