    
{"id":56883,"date":"2022-04-26T11:07:29","date_gmt":"2022-04-26T09:07:29","guid":{"rendered":"https:\/\/www.praha7.cz\/?p=56883"},"modified":"2022-04-26T11:07:29","modified_gmt":"2022-04-26T09:07:29","slug":"udrzba-tramvajovych-trati-v-praze-7-kveten-2022","status":"publish","type":"post","link":"https:\/\/www.praha7.cz\/udrzba-tramvajovych-trati-v-praze-7-kveten-2022\/","title":{"rendered":"\u00dadr\u017eba tramvajov\u00fdch trat\u00ed v&nbsp;Praze 7 (kv\u011bten 2022)"},"content":{"rendered":"<p>[perex]<\/p>\r\n<p>Z d\u016fvodu \u00fadr\u017eby tramvajov\u00fdch trat\u00ed dojde b\u011bhem kv\u011btna 2022 ke kr\u00e1tkodob\u00fdm omezen\u00edm v&nbsp;provozu tramvaj\u00ed. P\u0159ehled pl\u00e1novan\u00fdch opat\u0159en\u00ed v&nbsp;Praze 7:<\/p>\r\n<ul>\r\n\t<li><strong>Strossmayerovo n\u00e1m\u011bst\u00ed \u2013 Hrad\u010dansk\u00e1<\/strong> (v&nbsp;obou sm\u011brech) &#8211;\u00a0ve \u010dtvrtek 19.&nbsp;kv\u011btna 2022 od 0.35 hodin do 4.50 hodin<\/li>\r\n\t<li><strong>D\u011blnick\u00e1 \u2013 Palmovka<\/strong> (v&nbsp;uveden\u00e9m sm\u011bru) &#8211;\u00a0v noci ze st\u0159edy 25.&nbsp;kv\u011btna 2022 (od 19.00 hodin) na \u010dtvrtek 26.&nbsp;kv\u011btna 2022 (do 5.00 hodin)<\/li>\r\n<\/ul>\r\n<p>Podrobnosti k&nbsp;jednotliv\u00fdm zm\u011bn\u00e1m budou up\u0159esn\u011bny <a href=\"https:\/\/www.dpp.cz\/omezeni-a-mimoradne-udalosti\/detail\/12982\" target=\"_blank\" rel=\"noopener\">zde<\/a>.<\/p>\r\n<p>[\/perex]<\/p>","protected":false},"excerpt":{"rendered":"[perex] Z&nbsp;d\u016fvodu \u00fadr\u017eby tramvajov\u00fdch trat\u00ed dojde b\u011bhem kv\u011btna 2022 ke kr\u00e1tkodob\u00fdm omezen\u00edm v&nbsp;provozu tramvaj\u00ed. P\u0159ehled pl\u00e1novan\u00fdch opat\u0159en\u00ed v&nbsp;Praze 7: Strossmayerovo n\u00e1m\u011bst\u00ed \u2013 Hrad\u010dansk\u00e1 (v&nbsp;obou sm\u011brech) &#8211;\u00a0ve \u010dtvrtek 19.&nbsp;kv\u011btna 2022 od 0.35 hodin do 4.50 hodin D\u011blnick\u00e1 \u2013 Palmovka (v&nbsp;uveden\u00e9m sm\u011bru) &#8211;\u00a0v noci ze st\u0159edy 25.&nbsp;kv\u011btna 2022 (od 19.00 hodin) na \u010dtvrtek 26.&nbsp;kv\u011btna 2022 (do [&hellip;]","protected":false},"author":97,"featured_media":29610,"comment_status":"closed","ping_status":"open","sticky":false,"template":"","format":"standard","meta":[],"categories":[34],"tags":[],"_links":{"self":[{"href":"https:\/\/www.praha7.cz\/api\/wp\/v2\/posts\/56883"}],"collection":[{"href":"https:\/\/www.praha7.cz\/api\/wp\/v2\/posts"}],"about":[{"href":"https:\/\/www.praha7.cz\/api\/wp\/v2\/types\/post"}],"author":[{"embeddable":true,"href":"https:\/\/www.praha7.cz\/api\/wp\/v2\/users\/97"}],"replies":[{"embeddable":true,"href":"https:\/\/www.praha7.cz\/api\/wp\/v2\/comments?post=56883"}],"version-history":[{"count":1,"href":"https:\/\/www.praha7.cz\/api\/wp\/v2\/posts\/56883\/revisions"}],"predecessor-version":[{"id":56884,"href":"https:\/\/www.praha7.cz\/api\/wp\/v2\/posts\/56883\/revisions\/56884"}],"wp:featuredmedia":[{"embeddable":true,"href":"https:\/\/www.praha7.cz\/api\/wp\/v2\/media\/29610"}],"wp:attachment":[{"href":"https:\/\/www.praha7.cz\/api\/wp\/v2\/media?parent=56883"}],"wp:term":[{"taxonomy":"category","embeddable":true,"href":"https:\/\/www.praha7.cz\/api\/wp\/v2\/categories?post=56883"},{"taxonomy":"post_tag","embeddable":true,"href":"https:\/\/www.praha7.cz\/api\/wp\/v2\/tags?post=56883"}],"curies":[{"name":"wp","href":"https:\/\/api.w.org\/{rel}","templated":true}]}}