    
{"id":56842,"date":"2022-04-29T12:28:40","date_gmt":"2022-04-29T10:28:40","guid":{"rendered":"https:\/\/www.praha7.cz\/?p=56842"},"modified":"2022-05-11T10:52:22","modified_gmt":"2022-05-11T08:52:22","slug":"kvetnove-se-starostou-u-stolu","status":"publish","type":"post","link":"https:\/\/www.praha7.cz\/kvetnove-se-starostou-u-stolu\/","title":{"rendered":"Kv\u011btnov\u00e9 Se starostou u&nbsp;stolu"},"content":{"rendered":"<p>[perex]<\/p>\r\n<p>Srde\u010dn\u011b v\u00e1s zveme na neform\u00e1ln\u00ed setk\u00e1n\u00ed se starostou Janem \u010ci\u017einsk\u00fdm a\u00a0dal\u0161\u00edmi radn\u00edmi Prahy\u00a07 po m\u00edstn\u00edch hosp\u016fdk\u00e1ch, kter\u00e1 na del\u0161\u00ed dobu p\u0159eru\u0161ila pandemie. Uskute\u010dn\u00ed se\u00a0v\u00a0\u00fater\u00fd 10.&nbsp;kv\u011btna od 18 hodin v\u00a0restauraci Na M\u011bln\u00edku (Franti\u0161ka K\u0159\u00ed\u017eka 28) v\u00a0zadn\u00edm salonku podzemn\u00ed \u010d\u00e1sti restaurace. Budete moci se tradi\u010dn\u011b pt\u00e1t na v\u0161e, co v\u00e1s zaj\u00edm\u00e1, nebo n\u00e1m p\u0159ij\u00edt \u0159\u00edct, co m\u00e1te na srdci. T\u011b\u0161\u00edme se na v\u00e1s!<\/p>\r\n<p>[\/perex]<\/p>","protected":false},"excerpt":{"rendered":"[perex] Srde\u010dn\u011b v\u00e1s zveme na neform\u00e1ln\u00ed setk\u00e1n\u00ed se starostou Janem \u010ci\u017einsk\u00fdm a\u00a0dal\u0161\u00edmi radn\u00edmi Prahy\u00a07 po m\u00edstn\u00edch hosp\u016fdk\u00e1ch, kter\u00e1 na del\u0161\u00ed dobu p\u0159eru\u0161ila pandemie. Uskute\u010dn\u00ed se\u00a0v\u00a0\u00fater\u00fd 10.&nbsp;kv\u011btna od 18 hodin v\u00a0restauraci Na M\u011bln\u00edku (Franti\u0161ka K\u0159\u00ed\u017eka 28) v\u00a0zadn\u00edm salonku podzemn\u00ed \u010d\u00e1sti restaurace. Budete moci se tradi\u010dn\u011b pt\u00e1t na v\u0161e, co v\u00e1s zaj\u00edm\u00e1, nebo n\u00e1m p\u0159ij\u00edt \u0159\u00edct, co [&hellip;]","protected":false},"author":97,"featured_media":56843,"comment_status":"closed","ping_status":"open","sticky":false,"template":"","format":"standard","meta":[],"categories":[34],"tags":[],"_links":{"self":[{"href":"https:\/\/www.praha7.cz\/api\/wp\/v2\/posts\/56842"}],"collection":[{"href":"https:\/\/www.praha7.cz\/api\/wp\/v2\/posts"}],"about":[{"href":"https:\/\/www.praha7.cz\/api\/wp\/v2\/types\/post"}],"author":[{"embeddable":true,"href":"https:\/\/www.praha7.cz\/api\/wp\/v2\/users\/97"}],"replies":[{"embeddable":true,"href":"https:\/\/www.praha7.cz\/api\/wp\/v2\/comments?post=56842"}],"version-history":[{"count":2,"href":"https:\/\/www.praha7.cz\/api\/wp\/v2\/posts\/56842\/revisions"}],"predecessor-version":[{"id":57054,"href":"https:\/\/www.praha7.cz\/api\/wp\/v2\/posts\/56842\/revisions\/57054"}],"wp:featuredmedia":[{"embeddable":true,"href":"https:\/\/www.praha7.cz\/api\/wp\/v2\/media\/56843"}],"wp:attachment":[{"href":"https:\/\/www.praha7.cz\/api\/wp\/v2\/media?parent=56842"}],"wp:term":[{"taxonomy":"category","embeddable":true,"href":"https:\/\/www.praha7.cz\/api\/wp\/v2\/categories?post=56842"},{"taxonomy":"post_tag","embeddable":true,"href":"https:\/\/www.praha7.cz\/api\/wp\/v2\/tags?post=56842"}],"curies":[{"name":"wp","href":"https:\/\/api.w.org\/{rel}","templated":true}]}}