    
{"id":56783,"date":"2022-04-21T13:44:03","date_gmt":"2022-04-21T11:44:03","guid":{"rendered":"https:\/\/www.praha7.cz\/?p=56783"},"modified":"2022-04-21T16:31:30","modified_gmt":"2022-04-21T14:31:30","slug":"kulturni-centrum-stalin-zahajuje-svou-osmou-sezonu","status":"publish","type":"post","link":"https:\/\/www.praha7.cz\/kulturni-centrum-stalin-zahajuje-svou-osmou-sezonu\/","title":{"rendered":"Kulturn\u00ed centrum Stalin zahajuje osmou sezonu"},"content":{"rendered":"<p>[perex]<\/p>\r\n<p><a href=\"https:\/\/www.stalinletna.cz\/\" target=\"_blank\" rel=\"noopener\">Kulturn\u00ed centrum Stalin<\/a> v&nbsp;Letensk\u00fdch sadech 21.&nbsp;dubna 2022 zahajuje svou osmou sezonu pod pra\u017esk\u00fdm metronomem. Tradi\u010dn\u011b se prvn\u00edho ve\u010deru zhost\u00ed sp\u0159\u00e1telen\u00fd Lunchmeat Festival, kter\u00fd ji\u017e dlouhodob\u011b otev\u00edr\u00e1 letn\u00ed sezonu v\u00fdb\u011brem d\u00fdd\u017eej\u016f a&nbsp;specifick\u00fdm audiovizu\u00e1ln\u00edm doprovodem p\u0159ipraven\u00fdm p\u0159\u00edmo na m\u00edru pam\u00e1tn\u00edku. Obl\u00edben\u00e9 m\u00edsto se po dvoulet\u00e9 nejist\u00e9 dob\u011b pln\u00e9 lockdown\u016f vrac\u00ed v&nbsp;pln\u00e9m rozsahu. Hlavn\u00ed \u010dinnost\u00ed KC Stalin je po celou dobu jeho p\u016fsoben\u00ed p\u0159edev\u0161\u00edm prezentace lok\u00e1ln\u00ed mlad\u00e9 kultury. Pod kyvadlem uv\u00e1d\u00ed \u017eiv\u00e9 projekty pra\u017esk\u00e9 hudebn\u00ed sc\u00e9ny, projekce zaj\u00edmav\u00fdch dokument\u016f a&nbsp;hran\u00fdch film\u016f z&nbsp;\u010desk\u00e9 i&nbsp;zahrani\u010dn\u00ed produkce a&nbsp;v&nbsp;neposledn\u00ed \u0159ad\u011b ve\u010dery s&nbsp;d\u00fdd\u017eeji pln\u00e9 nejnov\u011bj\u0161\u00edch trend\u016f v&nbsp;elektronick\u00e9 hudb\u011b. Program je koncipov\u00e1n v\u017edy od st\u0159edy do ned\u011ble.<\/p>\r\n<p>[\/perex]<\/p>\r\n<p>Stejn\u011b jako v&nbsp;p\u0159edchoz\u00edch letech budou st\u0159edy pat\u0159it koncert\u016fm \u017eiv\u00e9 hudby. Dramaturgick\u00e1 linka se zam\u011b\u0159uje zejm\u00e9na na mlad\u00e9 za\u010d\u00ednaj\u00edc\u00ed, ale i&nbsp;zn\u00e1m\u011bj\u0161\u00ed kapely z&nbsp;nez\u00e1visl\u00e9 hudebn\u00ed sc\u00e9ny. V&nbsp;leto\u0161n\u00edm roce na Stalin Live Stage zahraj\u00ed nap\u0159\u00edklad kapely P\/\\ST Frankie and the Dedbeats \u010di Luciana. V&nbsp;nadch\u00e1zej\u00edc\u00ed sezon\u011b se bude kl\u00e1st d\u016fraz na sv\u011b\u017e\u00ed dramaturgii, kter\u00e1 bude dopln\u011bna o&nbsp;nov\u00fd grafick\u00fd vizu\u00e1l na soci\u00e1ln\u00edch s\u00edt\u00edch.<\/p>\r\n<p>Jako ka\u017ed\u00fd rok se chyst\u00e1 i&nbsp;jedna v\u011bt\u0161\u00ed akce zam\u011b\u0159en\u00e1 na \u0161ir\u0161\u00ed publikum (v&nbsp;p\u0159edchoz\u00edch letech se jednalo o&nbsp;koncerty SO\u010cR a&nbsp;projekty Runoperun). V&nbsp;leto\u0161n\u00edm roce p\u016fjde o&nbsp;koncert Agon Orchestra \u2013 \u201eEgon Bondy 90\u201c, kter\u00fd prob\u011bhne 15.&nbsp;z\u00e1\u0159\u00ed 2022. V&nbsp;roce 2020 bylo v\u00fdro\u010d\u00ed 90 let od narozen\u00ed Egona Bondyho (vl. jm\u00e9nem Zbyn\u011bk Fi\u0161er), kontroverzn\u00ed osobnosti, jeho\u017e d\u00edlo bylo (a&nbsp;st\u00e1le je) v\u00fdrazn\u00fdm z\u00e1sahem do \u010desk\u00e9 literatury a&nbsp;filosofie. Bylo osloveno 8 autor\u016f &#8211; hudebn\u00edch skladatel\u016f k&nbsp;naps\u00e1n\u00ed nov\u00fdch skladeb na texty Bondyho dle jejich vlastn\u00edho v\u00fdb\u011bru. Vrcholem bude pr\u00e1v\u011b zhudebn\u011bn\u00ed a&nbsp;p\u0159edstaven\u00ed t\u011bchto skladeb p\u0159\u00edmo Agon Orchestrem.<\/p>\r\n<p>Krom\u011b hudebn\u00ed slo\u017eky budou do programu za\u0159azeny i&nbsp;doprovodn\u00e9 akce \u2013 prom\u00edt\u00e1n\u00ed projektu Skate World Better o&nbsp;stavb\u011b skateparku v&nbsp;Africe, komunitn\u00ed skate\/ski projekce a&nbsp;dal\u0161\u00ed komunitn\u00ed akce.<\/p>\r\n<p>T\u00e9matem z\u016fst\u00e1v\u00e1 i&nbsp;st\u00e1le prob\u00edhaj\u00edc\u00ed v\u00e1lka na Ukrajin\u011b. Na kyvadle symbolicky vis\u00ed vlajka s&nbsp;ukrajinsk\u00fdmi barvami, na m\u00edst\u011b prob\u011bhla benefi\u010dn\u00ed akce Peaceful Rave: United we stay, divided we fall. Na podobn\u00e9 aktivity cht\u011bj\u00ed organiz\u00e1to\u0159i nav\u00e1zat a&nbsp;do programu za\u0159adit ukrajinsk\u00e9 interprety p\u0159edev\u0161\u00edm z&nbsp;elektronick\u00e9 sc\u00e9ny.<\/p>","protected":false},"excerpt":{"rendered":"[perex] Kulturn\u00ed centrum Stalin v&nbsp;Letensk\u00fdch sadech 21.&nbsp;dubna 2022 zahajuje svou osmou sezonu pod pra\u017esk\u00fdm metronomem. Tradi\u010dn\u011b se prvn\u00edho ve\u010deru zhost\u00ed sp\u0159\u00e1telen\u00fd Lunchmeat Festival, kter\u00fd ji\u017e dlouhodob\u011b otev\u00edr\u00e1 letn\u00ed sezonu v\u00fdb\u011brem d\u00fdd\u017eej\u016f a&nbsp;specifick\u00fdm audiovizu\u00e1ln\u00edm doprovodem p\u0159ipraven\u00fdm p\u0159\u00edmo na m\u00edru pam\u00e1tn\u00edku. Obl\u00edben\u00e9 m\u00edsto se po dvoulet\u00e9 nejist\u00e9 dob\u011b pln\u00e9 lockdown\u016f vrac\u00ed v&nbsp;pln\u00e9m rozsahu. Hlavn\u00ed \u010dinnost\u00ed KC Stalin [&hellip;]","protected":false},"author":97,"featured_media":56784,"comment_status":"closed","ping_status":"open","sticky":false,"template":"","format":"standard","meta":[],"categories":[34],"tags":[],"_links":{"self":[{"href":"https:\/\/www.praha7.cz\/api\/wp\/v2\/posts\/56783"}],"collection":[{"href":"https:\/\/www.praha7.cz\/api\/wp\/v2\/posts"}],"about":[{"href":"https:\/\/www.praha7.cz\/api\/wp\/v2\/types\/post"}],"author":[{"embeddable":true,"href":"https:\/\/www.praha7.cz\/api\/wp\/v2\/users\/97"}],"replies":[{"embeddable":true,"href":"https:\/\/www.praha7.cz\/api\/wp\/v2\/comments?post=56783"}],"version-history":[{"count":4,"href":"https:\/\/www.praha7.cz\/api\/wp\/v2\/posts\/56783\/revisions"}],"predecessor-version":[{"id":56794,"href":"https:\/\/www.praha7.cz\/api\/wp\/v2\/posts\/56783\/revisions\/56794"}],"wp:featuredmedia":[{"embeddable":true,"href":"https:\/\/www.praha7.cz\/api\/wp\/v2\/media\/56784"}],"wp:attachment":[{"href":"https:\/\/www.praha7.cz\/api\/wp\/v2\/media?parent=56783"}],"wp:term":[{"taxonomy":"category","embeddable":true,"href":"https:\/\/www.praha7.cz\/api\/wp\/v2\/categories?post=56783"},{"taxonomy":"post_tag","embeddable":true,"href":"https:\/\/www.praha7.cz\/api\/wp\/v2\/tags?post=56783"}],"curies":[{"name":"wp","href":"https:\/\/api.w.org\/{rel}","templated":true}]}}