    
{"id":56725,"date":"2022-04-20T14:59:10","date_gmt":"2022-04-20T12:59:10","guid":{"rendered":"https:\/\/www.praha7.cz\/?p=56725"},"modified":"2022-04-20T15:01:54","modified_gmt":"2022-04-20T13:01:54","slug":"jarni-edice-festivalu-mini-2022","status":"publish","type":"post","link":"https:\/\/www.praha7.cz\/jarni-edice-festivalu-mini-2022\/","title":{"rendered":"Jarn\u00ed edice festivalu\u00a0mini 2022"},"content":{"rendered":"<p>[perex]<\/p>\r\n<p>Jarn\u00ed edice rodinn\u00e9ho festivalu\u00a0mini se kon\u00e1 v\u00a0p\u00e1tek a&nbsp;sobotu 22.\u2013\u206023.&nbsp;dubna v\u00a0Hale 13 a&nbsp;jej\u00edch venkovn\u00edch prostor\u00e1ch v\u00a0hole\u0161ovick\u00e9 Pra\u017esk\u00e9 tr\u017enici. P\u0159edstav\u00ed devades\u00e1tku \u010desk\u00fdch a&nbsp;slovensk\u00fdch vystavovatel\u016f s\u00a0vybranou nab\u00eddkou ze sv\u011bta m\u00f3dy, hra\u010dek, kn\u00ed\u017eek, \u0161perk\u016f, kosmetiky, n\u00e1bytku a&nbsp;dopl\u0148k\u016f jak pro mal\u00e9 tak i\u00a0velk\u00e9.\u00a0D\u011bti si u\u017eij\u00ed hrac\u00ed koutky s\u00a0Utukutu nebo Domky, j\u00edzdn\u00ed dr\u00e1hu Skibi a&nbsp;v\u00a0r\u00e1mci doprovodn\u00e9ho programu nap\u0159. cvi\u010den\u00ed j\u00f3gy s\u00a0Little Bubbles nebo d\u00edlny v\u00e1z\u00e1n\u00ed uzl\u016f, fouk\u00e1n\u00ed bublin a&nbsp;zdoben\u00ed nanuk\u016f. O\u00a0ob\u010derstven\u00ed se postaraj\u00ed vyhl\u00e1\u0161en\u00e9 pra\u017esk\u00e9 kav\u00e1rny. Zaji\u0161t\u011bna bude t\u00e9\u017e klidov\u00e1 z\u00f3na k\u00a0nakojen\u00ed a&nbsp;p\u0159ebalen\u00ed d\u011bt\u00ed vybaven\u00e1 eko pl\u00ednkami. V\u00edce info na\u00a0<a href=\"http:\/\/festivalmini.cz\/\" target=\"_blank\" rel=\"noopener\">festivalmini.cz<\/a>.<\/p>\r\n<p>[\/perex]<\/p>","protected":false},"excerpt":{"rendered":"[perex] Jarn\u00ed edice rodinn\u00e9ho festivalu\u00a0mini se kon\u00e1 v\u00a0p\u00e1tek a&nbsp;sobotu 22.\u2013\u206023.&nbsp;dubna v\u00a0Hale 13 a&nbsp;jej\u00edch venkovn\u00edch prostor\u00e1ch v\u00a0hole\u0161ovick\u00e9 Pra\u017esk\u00e9 tr\u017enici. P\u0159edstav\u00ed devades\u00e1tku \u010desk\u00fdch a&nbsp;slovensk\u00fdch vystavovatel\u016f s\u00a0vybranou nab\u00eddkou ze sv\u011bta m\u00f3dy, hra\u010dek, kn\u00ed\u017eek, \u0161perk\u016f, kosmetiky, n\u00e1bytku a&nbsp;dopl\u0148k\u016f jak pro mal\u00e9 tak i\u00a0velk\u00e9.\u00a0D\u011bti si u\u017eij\u00ed hrac\u00ed koutky s\u00a0Utukutu nebo Domky, j\u00edzdn\u00ed dr\u00e1hu Skibi a&nbsp;v\u00a0r\u00e1mci doprovodn\u00e9ho programu nap\u0159. cvi\u010den\u00ed j\u00f3gy [&hellip;]","protected":false},"author":97,"featured_media":56726,"comment_status":"closed","ping_status":"open","sticky":false,"template":"","format":"standard","meta":[],"categories":[34],"tags":[],"_links":{"self":[{"href":"https:\/\/www.praha7.cz\/api\/wp\/v2\/posts\/56725"}],"collection":[{"href":"https:\/\/www.praha7.cz\/api\/wp\/v2\/posts"}],"about":[{"href":"https:\/\/www.praha7.cz\/api\/wp\/v2\/types\/post"}],"author":[{"embeddable":true,"href":"https:\/\/www.praha7.cz\/api\/wp\/v2\/users\/97"}],"replies":[{"embeddable":true,"href":"https:\/\/www.praha7.cz\/api\/wp\/v2\/comments?post=56725"}],"version-history":[{"count":5,"href":"https:\/\/www.praha7.cz\/api\/wp\/v2\/posts\/56725\/revisions"}],"predecessor-version":[{"id":56732,"href":"https:\/\/www.praha7.cz\/api\/wp\/v2\/posts\/56725\/revisions\/56732"}],"wp:featuredmedia":[{"embeddable":true,"href":"https:\/\/www.praha7.cz\/api\/wp\/v2\/media\/56726"}],"wp:attachment":[{"href":"https:\/\/www.praha7.cz\/api\/wp\/v2\/media?parent=56725"}],"wp:term":[{"taxonomy":"category","embeddable":true,"href":"https:\/\/www.praha7.cz\/api\/wp\/v2\/categories?post=56725"},{"taxonomy":"post_tag","embeddable":true,"href":"https:\/\/www.praha7.cz\/api\/wp\/v2\/tags?post=56725"}],"curies":[{"name":"wp","href":"https:\/\/api.w.org\/{rel}","templated":true}]}}