    
{"id":56679,"date":"2022-05-18T12:55:13","date_gmt":"2022-05-18T10:55:13","guid":{"rendered":"https:\/\/www.praha7.cz\/?p=56679"},"modified":"2022-05-23T10:44:17","modified_gmt":"2022-05-23T08:44:17","slug":"mame-otevreno-2022","status":"publish","type":"post","link":"https:\/\/www.praha7.cz\/mame-otevreno-2022\/","title":{"rendered":"M\u00e1me otev\u0159eno 2022"},"content":{"rendered":"<p>[perex]<\/p>\r\n<p>Dvan\u00e1ct\u00fd ro\u010dn\u00edk komunitn\u00edho festivalu otev\u0159en\u00fdch kulturn\u00edch m\u00edst na Sedmi\u010dce <a href=\"http:\/\/www.facebook.com\/mameotevreno\">M\u00e1me otev\u0159eno<\/a> prob\u011bhne ve dnech 20.\u201322.&nbsp;kv\u011btna 2022. Nav\u0161tivte galerie, ateli\u00e9ry, um\u011bleck\u00e9 d\u00edlny, designov\u00e9 obchody, kreativn\u00ed komunitn\u00ed centra a&nbsp;dal\u0161\u00ed organizace, kter\u00e9 pro v\u00e1s p\u0159ipravily zaj\u00edmav\u00fd program zdarma. Necho\u010fte okolo, poj\u010fte dovnit\u0159 a&nbsp;za\u017eijte pra\u017esk\u00fd <a href=\"https:\/\/www.praha7.cz\/temata\/art-district-7\/\">Art District 7<\/a> zbl\u00edzka!\u00a0<\/p>\r\n<p>[\/perex]<\/p>\r\n<p><strong>1 \u010dtvr\u0165 \u2022 3 dny \u2022 des\u00edtky kulturn\u00edch m\u00edst<\/strong><\/p>\r\n<hr \/>\r\n<p><strong>AERO\u0160KOLA (Jire\u010dkova 8)<\/strong><\/p>\r\n<p>SO 14\u201318 Filmov\u00e1 v\u00fdchova pro mal\u00e9 i&nbsp;velk\u00e9 \u2013 vyzkou\u0161\u00edte si, jak\u00e9 je st\u00e1t za kamerou i&nbsp;p\u0159ed kamerou p\u0159i realizaci kr\u00e1tk\u00e9 filmov\u00e9 etudy, zjist\u00edte, jak se tvo\u0159\u00ed po\u010d\u00edta\u010dov\u00e1 hra nebo si zahrajete hru vytvo\u0159enou na kurzech Aero\u0161koly<br \/>\r\n\u2192 <a href=\"http:\/\/www.aeroskola.cz\">www.aeroskola.cz<\/a><\/p>\r\n<p>&nbsp;<\/p>\r\n<p><strong>ALT\u00c1N ART (Nad Kr\u00e1lovskou oborou 55)<\/strong> \u267f<\/p>\r\n<p>SO 15 Komentovan\u00e1 prohl\u00eddka v\u00fdstavou Op\u0159i se v&nbsp;um\u011bn\u00ed na lavi\u010dk\u00e1ch ve Stromovce s&nbsp;reprodukcemi obraz\u016f z&nbsp;Ateli\u00e9ru radostn\u00e9 tvorby a&nbsp;Kulturn\u011b komunitn\u00edho centra ART na Letn\u00e9<br \/>\r\n\u2192 <a href=\"http:\/\/www.atelierradostnetvorby.cz\">www.atelierradostnetvorby.cz<\/a><\/p>\r\n<p>&nbsp;<\/p>\r\n<p><strong>ATELI\u00c9R JIND\u0158I\u0160KY JONE\u0160OV\u00c9 A&nbsp;ELI\u0160KY HANU\u0160 (Vina\u0159sk\u00e1 1)<\/strong><\/p>\r\n<p>SO 11\u201317 Otev\u0159en\u00fd ateli\u00e9r<br \/>\r\n\u2192 <a href=\"http:\/\/www.jjonesova.cz\">www.jjonesova.cz<\/a><br \/>\r\n\u2192 <a href=\"http:\/\/www.instagram.com\/eliskahanus\">www.instagram.com\/eliskahanus<\/a><\/p>\r\n<p>&nbsp;<\/p>\r\n<p><strong>ATELI\u00c9R LENKY KUBELOV\u00c9 (Komunard\u016f 12)<\/strong><\/p>\r\n<p>SO 11\u201317 Otev\u0159en\u00fd ateli\u00e9r<br \/>\r\n\u2192 <a href=\"http:\/\/www.instagram.com\/_diary_of_wonders_\">www.instagram.com\/_diary_of_wonders_<\/a><\/p>\r\n<p>&nbsp;<\/p>\r\n<p><strong>ATELI\u00c9R SARAH DUBN\u00c9 (Korunova\u010dn\u00ed 2)<\/strong><\/p>\r\n<p>SO 11\u201316 Otev\u0159en\u00fd ateli\u00e9r<br \/>\r\n\u2192 <a href=\"http:\/\/www.instagram.com\/sarahdubna\">www.instagram.com\/sarahdubna<\/a><\/p>\r\n<p>&nbsp;<\/p>\r\n<p><strong>BERLINSKEJ MODEL (Pplk. Sochora 9)<\/strong> \u267f<\/p>\r\n<p>ST 18 Zah\u00e1jen\u00ed v\u00fdstavy V\u00e1clava Kopeck\u00e9ho<\/p>\r\n<p>\u010cT\u2013NE 13\u201318 V\u00fdstava otev\u0159ena. V\u00e1clav Kopeck\u00fd zachycuje sv\u011bteln\u00e9 paprsky na sv\u011btlocitliv\u00fd materi\u00e1l, j\u00e1drem jeho tvorby je z\u00e1jem o&nbsp;zkoum\u00e1n\u00ed klasick\u00e9ho fotografick\u00e9ho m\u00e9dia<br \/>\r\n\u2192 <a href=\"http:\/\/www.berlinskejmodel.cz\">www.berlinskejmodel.cz<\/a><\/p>\r\n<p>&nbsp;<\/p>\r\n<p><strong>BOLD GALLERY (U&nbsp;M\u011b\u0161\u0165ansk\u00e9ho pivovaru 6a)<\/strong><\/p>\r\n<p>SO 16\u00a0Jakub Zeman v\u00e1s provede expozic\u00ed Bushido!, p\u0159edvede um\u011bn\u00ed jap. me\u010de stylu Happ\u00f3 rj\u00fa\u00a0<br \/>\r\n\u2192 <a href=\"http:\/\/www.boldgallery.art\">www.boldgallery.art<\/a><\/p>\r\n<p>&nbsp;<\/p>\r\n<p><strong>CENTRUM SOU\u010cASN\u00c9HO UM\u011aN\u00cd DOX (Poup\u011btova 1)<\/strong> \u267f<\/p>\r\n<p>P\u00c1 10\u201315 Fin\u00e1lov\u00e1 prezentace nejlep\u0161\u00edch projekt\u016f p\u0159ehl\u00eddky M\u00e1\u0161 um\u011bleck\u00e9 st\u0159evo?, letos na t\u00e9ma svoboda volby<\/p>\r\n<p>SO 14\u201317 Um\u011bn\u00ed poradit si, 15\u201317 B\u011bhem p\u0159\u00edb\u011bhu \u2013 rodinn\u00e9 v\u00fdtvarn\u00e9 d\u00edlny k\u00a0v\u00fdstav\u011b Badiucao; rezervace na GoOut<\/p>\r\n<p>NE 14\u201318 Nav\u0161tivte v\u00fdstavu Jaroslava R\u00f3ny a&nbsp;\u010d\u00ednsk\u00e9ho disidenta Baduicaa, vzducholo\u010f Gulliver, knihkupectv\u00ed Bendox nebo designshop Dox by Qubus<br \/>\r\n\u2192 <a href=\"http:\/\/www.dox.cz\">www.dox.cz<\/a><\/p>\r\n<p>&nbsp;<\/p>\r\n<p><strong>FAIR ART (Dukelsk\u00fdch hrdin\u016f 500\/25a)<\/strong><\/p>\r\n<p>P\u00c1 17\u201320 Otev\u0159en\u00e9 dve\u0159e spolku sna\u017e\u00edc\u00edho se o&nbsp;edukaci a&nbsp;pr\u00e1vn\u00ed pomoc v\u00fdtvarn\u00fdm um\u011blc\u016fm na poli pr\u00e1va du\u0161evn\u00edho vlastnictv\u00ed<br \/>\r\n\u2192 <a href=\"http:\/\/www.fairart.cz\">www.fairart.cz<\/a><\/p>\r\n<p>&nbsp;<\/p>\r\n<p><strong>HELENA DA\u0158BUJ\u00c1NOV\u00c1 SHOWROOM (Veverkova 7)<\/strong> \u267f<\/p>\r\n<p>SO 13\u201314 Mal\u00e9 hudebn\u00ed vystoupen\u00ed \u00fa\u017easn\u00e9 zp\u011bva\u010dky z&nbsp;N\u00e1rodn\u00edho divadla Franti\u0161ky Keprtov\u00e9 v&nbsp;doprovodu kytary v&nbsp;prostoru \u010desk\u00e9ho n\u00e1bytku od Heleny Da\u0159buj\u00e1nov\u00e9 spole\u010dn\u011b s&nbsp;p\u00e1r kousky designov\u00fdch mali\u010dkost\u00ed a&nbsp;dopl\u0148k\u016f<br \/>\r\n\u2192 <a href=\"http:\/\/www.helenadarbujanova.cz\">www.helenadarbujanova.cz<\/a><\/p>\r\n<p>&nbsp;<\/p>\r\n<p><strong>KNIHKOPEC (Tusarova 1545\/25a)<\/strong> \u267f<\/p>\r\n<p>P\u00c1 18\u201321 Happening Hr\u016fzy \u2013 site-specific N\u00e1-lebky, Smrtisyn a&nbsp;jeho nov\u00e9 \u010d\u00edslo, latrin\u00e1ln\u00ed benefice<\/p>\r\n<p>SO 13\u201320 Den Bez Hr\u016fzy \u2013 kuli\u010dky, \u010d\u00e1ra, p\u00e9tanque, p\u00edskovi\u0161t\u011b, k\u0159\u00eddy + chodn\u00edk, Poh\u00e1dkov\u00e9 kr\u00e1lovstv\u00ed, malov\u00e1n\u00ed s&nbsp;Hodnou tetou a&nbsp;dal\u0161\u00ed<br \/>\r\n\u2192 <a href=\"http:\/\/www.facebook.com\/Knihkopec\">www.facebook.com\/Knihkopec<\/a><\/p>\r\n<p>&nbsp;<\/p>\r\n<p><strong>KNIHKUPECTV\u00cd 2 VEVERKY (U&nbsp;Pr\u016fhonu 17)<\/strong> \u267f<\/p>\r\n<p>P\u00c1 16 K\u0159est knihy Hravocesta a&nbsp;setk\u00e1n\u00ed s&nbsp;autorkou Terezou Vostradovskou<\/p>\r\n<p>SO 15 Jak vznik\u00e1 kniha \u2013 kdo jsou a&nbsp;co v\u0161echno d\u011blaj\u00ed lid\u00e9 za knihami, workshop pro celou rodinu; po oba dny bude v&nbsp;knihkupectv\u00ed k&nbsp;vid\u011bn\u00ed mechanick\u00e1 my\u0161<br \/>\r\n\u2192 <a href=\"http:\/\/www.2veverky.cz\">www.2veverky.cz<\/a><\/p>\r\n<p>&nbsp;<\/p>\r\n<p><strong>KRESL\u00cdRNA (Jana Zaj\u00edce 10)<\/strong> \u267f<\/p>\r\n<p>P\u00c1, NE 17\u201319, SO 15\u201317 V\u00fdstava lektor\u016f ateli\u00e9ru<\/p>\r\n<p>SO 15\u201317 Workshop pro d\u011bti<br \/>\r\n\u2192 <a href=\"http:\/\/www.kreslirna.cz\">www.kreslirna.cz<\/a><\/p>\r\n<p>&nbsp;<\/p>\r\n<p><strong>MARSLAB POP-UP GALLERY (D\u011blnick\u00e1 27)<\/strong> \u267f<\/p>\r\n<p>P\u00c1 19 Vernis\u00e1\u017e v\u00fdstavy Patrika H\u00e1bla, sou\u010d\u00e1st\u00ed bude performance a&nbsp;live DJ<br \/>\r\n\u2192 <a href=\"http:\/\/www.marslab.store\">www.marslab.store<\/a><\/p>\r\n<p>&nbsp;<\/p>\r\n<p><strong>M\u011aSTSK\u00c1 KNIHOVNA SEDMI\u010cKA (Tusarova 429\/35)<\/strong><\/p>\r\n<p>SO 10\u201311.30 Zlatovl\u00e1ska \u2013 Divadlo Ka2 uv\u00e1d\u00ed klasickou loutkovou poh\u00e1dku v&nbsp;kuk\u00e1tkov\u00e9m divadle<br \/>\r\n\u2192 <a href=\"http:\/\/www.mlp.cz\">www.mlp.cz<\/a><\/p>\r\n<p>&nbsp;<\/p>\r\n<p><strong>MUZEUM K\u00c1VY ALCHYMISTA, GALERIE SCARABEUS (Jana Zaj\u00edce 7)<\/strong><\/p>\r\n<p>SO 14\u201315 Prohl\u00eddka muzea k\u00e1vy, expozice historick\u00fdch loutek a&nbsp;rodinn\u00fdch loutkov\u00fdch divadel<\/p>\r\n<p>SO 15 P\u0159\u00edroda a&nbsp;um\u011bn\u00ed \u2013 nau\u010dn\u00e1 stezka na po\u010dest ornitologa a&nbsp;hrdiny Veleslava Wahla a&nbsp;v\u00fdstava soch Igora Hlavinky v\u00a0zahrad\u011b galerie Scarabeus<\/p>\r\n<p>SO 15.30 Hudebn\u00ed vystoupen\u00ed v\u00a0zahrad\u011b galerie Scarabeus<br \/>\r\n\u2192 <a href=\"http:\/\/www.galeriescarabeus.cz\">www.galeriescarabeus.cz<\/a><\/p>\r\n<p>&nbsp;<\/p>\r\n<p><strong>NADACE A&nbsp;CENTRUM PRO SOU\u010cASN\u00c9 UM\u011aN\u00cd PRAHA (Dukelsk\u00fdch hrdin\u016f 500\/25a)<\/strong> \u267f<\/p>\r\n<p>SO 17 Komentovan\u00e1 prohl\u00eddka v\u00fdstavy v\u00a0galerii Kurzor s\u00a0kur\u00e1torem Janem Z\u00e1le\u0161\u00e1kem<br \/>\r\n\u2192 <a href=\"http:\/\/www.fcca.cz\">www.fcca.cz<\/a><\/p>\r\n<p>&nbsp;<\/p>\r\n<p><strong>N\u00c1RODN\u00cd GALERIE PRAHA (Dukelsk\u00fdch hrdin\u016f 47)<\/strong> \u267f<\/p>\r\n<p>NE 14\u201315.30 Archi(v)tektura \u2013 v\u00fdtvarn\u00e1 d\u00edlna pro d\u011bti a&nbsp;doprovod k\u00a0v\u00fdstav\u011b Mark\u00e9ta Othov\u00e1: Ji\u017e brzy<\/p>\r\n<p>NE 15\u201316 Mark\u00e9ta Othov\u00e1: Ji\u017e brzy \u2013 komentovan\u00e1 prohl\u00eddka v\u00fdstavy s\u00a0historikem um\u011bn\u00ed Ond\u0159ejem Baladou<\/p>\r\n<p>NE 17\u201318 Digit\u00e1ln\u00ed bl\u00edzkost \u2013 komentovan\u00e1 prohl\u00eddka v\u00fdstavy s\u00a0histori\u010dkou um\u011bn\u00ed Mark\u00e9tou \u010cejkovou<\/p>\r\n<p>Rezervace na GoOut<br \/>\r\n\u2192 <a href=\"http:\/\/www.ngprague.cz\">www.ngprague.cz<\/a><\/p>\r\n<p>&nbsp;<\/p>\r\n<p><strong>N\u00c1RODN\u00cd ZEM\u011aD\u011aLSK\u00c9 MUZEUM (Kosteln\u00ed 44)<\/strong> \u267f<\/p>\r\n<p>NE 9\u201317 Nav\u0161tivte expozice a&nbsp;v\u00fdstavy NZM, v\u010detn\u011b expozice \u017div\u00e1 zahrada v\u00fdhled\u016f na st\u0159e\u0161n\u00ed terase<br \/>\r\n\u2192 <a href=\"http:\/\/www.nzm.cz\">www.nzm.cz<\/a><\/p>\r\n<p>&nbsp;<\/p>\r\n<p><strong>ONEDAY (Franti\u0161ka K\u0159\u00ed\u017eka 8)<\/strong><\/p>\r\n<p>P\u00c1 12\u201318, SO, NE 11\u201318 N\u00e1kupy v\u00a0kamenn\u00e9m obchod\u011b se slevou 20&nbsp;% jak na kompletn\u00ed sortiment Oneday, tak na vybran\u00e9 kousky od zna\u010dky Plove. P\u0159ij\u010fte se p\u0159ipravit na l\u00e9to<br \/>\r\n\u2192 <a href=\"http:\/\/www.one-day.cz\">www.one-day.cz<\/a><\/p>\r\n<p>&nbsp;<\/p>\r\n<p><strong>PAGE FIVE (Veverkova 5)<\/strong> \u267f<\/p>\r\n<p>P\u00c1\u2013NE 12\u201319 Swap rostlin: vym\u011b\u0148te si sv\u00e9 rostliny mezi knihami a&nbsp;nahl\u00e9dn\u011bte do v\u00fdb\u011bru autorsk\u00fdch tisk\u016f s&nbsp;kv\u011btinov\u00fdmi motivy<br \/>\r\n\u2192 <a href=\"http:\/\/www.pagefive.com\">www.pagefive.com<\/a><\/p>\r\n<p>&nbsp;<\/p>\r\n<p><strong>PAM\u00c1TN\u00cdK TICHA (N\u00e1dra\u017e\u00ed Bubny)<\/strong> \u267f<\/p>\r\n<p>P\u00c1 18 Ve\u010der v\u011bnovan\u00fd odkazu terez\u00ednsk\u00fdch d\u011bt\u00ed \u2013 hudba, divadlo, vzpom\u00ednky student\u016f gymn\u00e1zia P\u0159\u00edrodn\u00ed \u0161kola<\/p>\r\n<p>SO 18 Noc vlak\u016f \u2013 sc\u00e9nick\u00e9 \u010dten\u00ed divadeln\u00ed hry o&nbsp;cest\u011b Wintonov\u00fdch d\u011bt\u00ed, kter\u00e1 vznikla v\u00a0d\u00edln\u011b Autor v\u00a0dom\u011b A&nbsp;studia Rub\u00edn<\/p>\r\n<p>NE 12\u201318 V\u00fdstava projektu prom\u011bny n\u00e1dra\u017e\u00ed Bubny v\u00a0Pam\u00e1tn\u00edk ticha, komentovan\u00e9 prohl\u00eddky ve 14 a&nbsp;16, rezervace@pamatnikticha.cz<br \/>\r\n\u2192 <a href=\"http:\/\/www.bubny.org\">www.bubny.org<\/a><\/p>\r\n<p>&nbsp;<\/p>\r\n<p><strong>PAP\u00cdRNA (D\u011blnick\u00e1 1020\/54)<\/strong> \u267f<\/p>\r\n<p>SO 14\u201320 Komponovan\u00fd DIY program s&nbsp;p\u0159ekvapen\u00edm pro prvn\u00edch 24 n\u00e1v\u0161t\u011bvn\u00edk\u016f. Lok\u00e1ln\u00ed ob\u010derstven\u00ed v&nbsp;p\u0159\u00e1telsk\u00e9m prost\u0159ed\u00ed pap\u00edrensk\u00e9ho studia v&nbsp;5.&nbsp;pat\u0159e budovy Drut\u011bva, voliteln\u00e1 exkurze. Interaktivn\u011b-edukativn\u00ed odpoledne se zvukovou kulisou (Frahm, Richter, J\u00f3hannsson, Sigur R\u00f3s), ve\u010dern\u00ed Pap\u00edrna v&nbsp;barevn\u00fdch t\u00f3nech disco<br \/>\r\n\u2192 <a href=\"http:\/\/www.papirna.cz\">www.papirna.cz<\/a><\/p>\r\n<p>&nbsp;<\/p>\r\n<p><strong>PLANET\u00c1RIUM PRAHA (Kr\u00e1lovsk\u00e1 obora 233)<\/strong> \u267f<\/p>\r\n<p>NE 10.30\u201319.30 Filmov\u00e9 projekce pro dosp\u011bl\u00e9 i&nbsp;d\u011bti na jednu z\u00a0nejv\u011bt\u0161\u00edch prom\u00edtac\u00edch ploch na sv\u011bt\u011b; v\u00fdstava ve foyer<br \/>\r\n\u2192 <a href=\"http:\/\/www.planetum.cz\">www.planetum.cz<\/a><\/p>\r\n<p>&nbsp;<\/p>\r\n<p><strong>PRA\u017dSK\u00c1 TR\u017dNICE (Bubensk\u00e9 n\u00e1b\u0159e\u017e\u00ed 306\/13)<\/strong><\/p>\r\n<p>P\u00c1 11\u201319, SO 10\u201319 Meziprostory Pra\u017esk\u00e9 tr\u017enice: v\u00fdstava v\u00edt\u011bzn\u00fdch n\u00e1vrh\u016f architektonicko-krajin\u00e1\u0159sk\u00e9 sout\u011b\u017ee v&nbsp;budov\u011b b\u00fdval\u00e9 jate\u010dn\u00ed burzy<br \/>\r\n\u2192 <a href=\"http:\/\/www.prazska-trznice.cz\">www.prazska-trznice.cz<\/a><\/p>\r\n<p>&nbsp;<\/p>\r\n<p><strong>REFORM\u00c1T (U&nbsp;Stud\u00e1nky 29)<\/strong><\/p>\r\n<p>SO 13\u201317 V&nbsp;ka\u017edou celou hodinu m\u00e1te mo\u017enost absolvovat \u00favodn\u00ed lekci pro samostatnou pr\u00e1ci ve sd\u00edlen\u00e9 d\u00edln\u011b Reform\u00e1tu. Dozv\u00edte se, k&nbsp;\u010demu lze d\u00edlnu vyu\u017e\u00edt a&nbsp;jak spr\u00e1vn\u011b obsluhovat kniha\u0159sk\u00e9 stroje<br \/>\r\n\u2192 <a href=\"http:\/\/www.reformat.cz\">www.reformat.cz<\/a><\/p>\r\n<p>&nbsp;<\/p>\r\n<p><strong>SPOLE\u010cNOST JIND\u0158ICHA CHALUPECK\u00c9HO (Dukelsk\u00fdch hrdin\u016f 500\/25a)<\/strong> \u267f<\/p>\r\n<p>P\u00c1 18 P\u0159edn\u00e1\u0161ka v\u00a0Auditoriu NCSU z&nbsp;programov\u00e9 s\u00e9rie SJCH Caf\u00e9 Chalupeck\u00fd p\u0159edstav\u00ed kur\u00e1torskou praxi Kathariny Koch a&nbsp;Sylvie Sadzinski z&nbsp;berl\u00ednsk\u00e9 galerie alpha nova &amp; galerie futura, kter\u00e1 ji\u017e od roku 1986 po\u0159\u00e1d\u00e1 v\u00fdstavy a&nbsp;kulturn\u00ed akce zam\u011b\u0159en\u00e9 na emancipa\u010dn\u00ed a&nbsp;feministickou perspektivu<br \/>\r\n\u2192 <a href=\"http:\/\/www.sjch.cz\">www.sjch.cz<\/a><\/p>\r\n<p>&nbsp;<\/p>\r\n<p><strong>STONE PROJECTS (Korunova\u010dn\u00ed 14)<\/strong> \u267f<\/p>\r\n<p>SO 14\u201318 Prohl\u00eddka v\u00fdstavy Richard Nikl: Po\u010det\u00ed faktu<br \/>\r\n\u2192 <a href=\"http:\/\/www.stoneprojects.cz\">www.stoneprojects.cz<\/a><\/p>\r\n<p>&nbsp;<\/p>\r\n<p><strong>THE CHEMISTRY GALLERY (Oveneck\u00e1 17)<\/strong><\/p>\r\n<p>NE 17 Komentovan\u00e1 prohl\u00eddka v\u00fdstavy Mysliveck\u00fd realismus s\u00a0autorem Filipem K\u016frkou a&nbsp;\u0159editelem TCHG Petrem H\u00e1jkem.<br \/>\r\n\u2192 <a href=\"http:\/\/www.thechemistry.art\">www.thechemistry.art<\/a><\/p>\r\n<p>&nbsp;<\/p>\r\n<p><strong>TRAFO GALLERY (Pra\u017esk\u00e1 tr\u017enice, hala 14)<\/strong> \u267f<\/p>\r\n<p>NE 15 Komentovan\u00e1 prohl\u00eddka v\u00fdstavou Rekvizit\u00e1\u0159 s&nbsp;mal\u00ed\u0159em Zby\u0148kem Sedleck\u00fdm a&nbsp;kur\u00e1torem Petrem Va\u0148ousem. V\u00fdstava je sestaven\u00e1 z&nbsp;obraz\u016f posledn\u00edch let, do nich\u017e se propsala doba covidov\u00e1 i&nbsp;zobrazen\u00ed z\u00e1ti\u0161\u00ed a&nbsp;autoportr\u00e9t\u016f v&nbsp;nejbli\u017e\u0161\u00edm prost\u0159ed\u00ed autorova ateli\u00e9ru<br \/>\r\n\u2192 <a href=\"http:\/\/www.trafogallery.cz\">www.trafogallery.cz<\/a><\/p>\r\n<p>&nbsp;<\/p>\r\n<p><strong>TRIGON \u2013 KNIHKUPECTV\u00cd A&nbsp;ANTIKVARI\u00c1T (Bubensk\u00e1 3\/421)<\/strong> \u267f<\/p>\r\n<p>P\u00c1 10\u201320 V\u00fdstava Ka\u017ed\u00fd den, dobr\u00fd den nab\u00edz\u00ed mo\u017enost nahl\u00e9dnout do ka\u017edodennosti mal\u00ed\u0159ky Hany Sommerov\u00e9. Monochromn\u00ed soubor tu\u0161ov\u00fdch maleb zachycuje detaily z&nbsp;jej\u00edho bezprost\u0159edn\u00edho okol\u00ed<\/p>\r\n<p>P\u00c1 20 B\u00e1sn\u00edk, hudebn\u00edk a&nbsp;performer Pavel Novotn\u00fd p\u0159ednese sv\u00e9 p\u00edsn\u011b naivn\u011b hovadn\u00e9 (ov\u0161em inspirovan\u00e9 hlubok\u00fdmi \u017eivotn\u00edmi pravdami), jako\u017e i&nbsp;b\u00e1snick\u00e9 texty z&nbsp;knih Z\u00e1pisky z&nbsp;garsonky a&nbsp;D\u011bdek<br \/>\r\n\u2192 <a href=\"http:\/\/www.trigon-knihy.cz\">www.trigon-knihy.cz<\/a><\/p>\r\n<p>&nbsp;<\/p>\r\n<p><strong>VNITROBLOCK (Tusarova 31)<\/strong> \u267f<\/p>\r\n<p>NE 10\u201318 Intim market \u2013 trhy zam\u011b\u0159en\u00e9 na intimitu; diskuze s&nbsp;odborn\u00edky o&nbsp;sexualit\u011b, psychologii, vztaz\u00edch, zdrav\u00e9m \u017eivotn\u00edm stylu<br \/>\r\n\u2192 <a href=\"http:\/\/www.vnitroblock.cz\">www.vnitroblock.cz<\/a><\/p>\r\n<p>&nbsp;<\/p>\r\n<p><strong>VOD\u00c1RENSK\u00c1 V\u011a\u017d LETN\u00c1 (Na V\u00fd\u0161in\u00e1ch 1)<\/strong><\/p>\r\n<p>SO, NE 10\u201318 V\u00fdstup do v\u011b\u017ee, n\u00e1v\u0161t\u011bva Sousedsk\u00e9 knihovny ve 3.&nbsp;pat\u0159e, prohl\u00eddka Galerie ve v\u011b\u017ei ve 4.&nbsp;pat\u0159e, kde bude k\u00a0vid\u011bn\u00ed v\u00fdstava PAKO (patafyzick\u00fd komit\u00e9t, obrazy, kol\u00e1\u017ee, objekty; Ivo Medek Kopaninsk\u00fd, Eduard Vacek, Pavel Kreml), vyhl\u00eddka z&nbsp;ochozu<br \/>\r\n\u2192 <a href=\"http:\/\/www.vodarenskavezletna.cz\">www.vodarenskavezletna.cz<\/a><\/p>\r\n<hr \/>\r\n<p>Zm\u011bna programu vyhrazena.<\/p>\r\n<p>V\u00edce informac\u00ed naleznete na:<br \/>\r\n<a href=\"http:\/\/www.facebook.com\/mameotevreno\">www.facebook.com\/mameotevreno<\/a><\/p>\r\n<p><a href=\"http:\/\/www.instagram.com\/mame_otevreno\">www.instagram.com\/mame_otevreno<\/a><\/p>\r\n<hr \/>\r\n<p><strong>Redak\u010dn\u00ed tip\u00a0<\/strong><\/p>\r\n<p><br \/>\r\n<strong>Opu\u0161t\u011bn\u00e1 ulita d\u011btstv\u00ed\u00a0<\/strong><br \/>\r\nHole\u0161ovick\u00e9 nakladatelstv\u00ed Trigon vydalo koncem prvn\u00edho roku sev\u0159en\u00e9ho pandemi\u00ed koronaviru v&nbsp;t\u011bsn\u00e9m sledu dv\u011b knihy poezie Pavla Novotn\u00e9ho \u2013 Z\u00e1pisky z&nbsp;garsonky a&nbsp;D\u011bdek. Ani jeden ze svazk\u016f \u010d\u00edtaj\u00edc\u00edch dohromady stroh\u00fdch sto \u0161edes\u00e1t stran by nem\u011bl zapadnout. B\u00e1sn\u011b dohromady tvo\u0159\u00ed pe\u010dliv\u011b komponovan\u00fd autobiografick\u00fd cyklus, v&nbsp;n\u011bm\u017e se autor vrac\u00ed ke sv\u00e9mu d\u011btstv\u00ed v&nbsp;panel\u00e1ku 80.&nbsp;let na libereck\u00e9m s\u00eddli\u0161ti i&nbsp;k&nbsp;nehostinn\u00e9mu prost\u0159ed\u00ed prarodi\u010dovsk\u00e9 vily. B\u00e1sn\u00edk, p\u0159ekladatel a&nbsp;germanista Pavel Novotn\u00fd je autorem n\u011bkolika b\u00e1snick\u00fdch sb\u00edrek, kter\u00e9 mu i&nbsp;s&nbsp;jeho dal\u0161\u00edmi um\u011bleck\u00fdmi projekty vynesly pov\u011bst experiment\u00e1tora, by\u0165 on s\u00e1m se tomuto ozna\u010den\u00ed br\u00e1n\u00ed. Za sb\u00edrku Z\u00e1pisky z&nbsp;garsonky z\u00edskal cenu Litera za poezii v&nbsp;roce 2021. Kdo ji p\u0159e\u010dte s&nbsp;nad\u0161en\u00edm, m\u011bl by si po\u0159\u00eddit o&nbsp;dva m\u011bs\u00edce mlad\u0161\u00edho D\u011bdka.\u00a0<\/p>\r\n<p>Nakladatelstv\u00ed Trigon zalo\u017eil Vladislav Zadrob\u00edlek roku 1990 v&nbsp;p\u0159\u00edm\u00e9 n\u00e1vaznosti na svoji samizdatovou \u010dinnost. V&nbsp;\u010dele Trigonu st\u00e1l 20 let, nyn\u00ed jej vede jeho dcera Zuzana. Jejich edi\u010dn\u00ed \u010dinnost je zam\u011b\u0159ena na klasickou hermetickou, esoterickou a&nbsp;magickou literaturu, a&nbsp;p\u0159edev\u0161\u00edm na alchymii a&nbsp;jej\u00ed symboliku. Vyd\u00e1vaj\u00ed ale i&nbsp;texty dal\u0161\u00edch autor\u016f. Autorsk\u00e9 \u010dten\u00ed Pavla Novotn\u00e9ho prob\u011bhne v\u00a0Trigonu 20.&nbsp;kv\u011btna od 20 hodin.\u00a0<br \/>\r\n\u2192<a href=\"http:\/\/www.trigon-knihy.cz\"> www.trigon-knihy.cz\u00a0<\/a><\/p>\r\n<p><br \/>\r\n<strong>Na skok ve startovac\u00edm ateli\u00e9ru\u00a0<\/strong><br \/>\r\nKreativn\u00ed vyu\u017eit\u00ed voln\u00fdch nebytov\u00fdch prostor p\u0159edstavuje projekt startovac\u00edch ateli\u00e9r\u016f pro mlad\u00e9 um\u011blce, kter\u00fd Praha&nbsp;7 zah\u00e1jila p\u0159ed n\u011bkolika lety. Za tu dobu jimi pro\u0161lo n\u011bkolik za\u010d\u00ednaj\u00edc\u00edch um\u011blc\u016f, kte\u0159\u00ed d\u00edky projektu z\u00edskali na t\u0159i roky zv\u00fdhodn\u011bn\u00fd prostor pro svoji tvorbu. Sou\u010dasn\u00fdmi rezidenty startovac\u00edch ateli\u00e9r\u016f jsou um\u011blkyn\u011b Sarah Dubn\u00e1, Lenka Kubelov\u00e1 a&nbsp;tv\u016fr\u010d\u00ed tandem Jind\u0159i\u0161ka Jone\u0161ov\u00e1 &amp; Eli\u0161ka Hanu\u0161. V&nbsp;r\u00e1mci festivalu M\u00e1me otev\u0159eno m\u016f\u017eete nav\u0161t\u00edvit jejich ateli\u00e9ry a&nbsp;zjistit, \u010demu se tyto mlad\u00e9 um\u011blkyn\u011b ve sv\u00e9 tvorb\u011b v\u011bnuj\u00ed. Sarah Dubn\u00e1 je \u010derstvou absolventkou Akademie v\u00fdtvarn\u00fdch um\u011bn\u00ed v&nbsp;Praze v&nbsp;ateli\u00e9ru Intermedi\u00e1ln\u00ed tvorby II Du\u0161ana Zahoransk\u00e9ho a&nbsp;Pavly Scerankov\u00e9. Jej\u00ed tvorba je zalo\u017eena na principech recyklace, dekonstrukce a&nbsp;vyu\u017eit\u00ed nalezen\u00fdch materi\u00e1l\u016f. Lenka Kubelov\u00e1 absolvovala pra\u017eskou AVU v&nbsp;ateli\u00e9ru Grafika II u&nbsp;Vladim\u00edra Kokolii prac\u00ed o&nbsp;transformaci a&nbsp;startovac\u00ed ateli\u00e9r by r\u00e1da zam\u011b\u0159ila jako v\u00fdtvarn\u011b-fermenta\u010dn\u00ed laborato\u0159. Autorsk\u00e1 dvojice Jind\u0159i\u0161ka Jone\u0161ov\u00e1 (studentka AVU, ateli\u00e9r Malba I) a&nbsp;Eli\u0161ka Hanu\u0161 (UMPRUM, ateli\u00e9r Textiln\u00ed tvorba) spolupracuj\u00ed na projektu, ve kter\u00e9m se zam\u011b\u0159uj\u00ed na vztah k&nbsp;prostoru \u2013 m\u011bstu a&nbsp;jeho p\u0159\u00edrod\u011b. Cht\u011bj\u00ed roz\u0161i\u0159ovat div\u00e1k\u016fv pohled o&nbsp;vjemy, kter\u00e9 s\u00e1m u\u017e p\u0159i pr\u016fchodu m\u00edstem nevn\u00edm\u00e1. Uk\u00e1zat, \u017ee se na ve\u0159ejn\u00e1 a&nbsp;v\u0161edn\u00ed m\u00edsta d\u00e1 pohl\u00ed\u017eet i&nbsp;jinak, ne\u017e jsme zvykl\u00ed. P\u0159ij\u010fte se p\u0159esv\u011bd\u010dit sami, co se za b\u011b\u017en\u011b zav\u0159en\u00fdmi dve\u0159mi ateli\u00e9r\u016f tvo\u0159\u00ed, a&nbsp;osobn\u011b se setkat s&nbsp;um\u011blkyn\u011bmi.\u00a0<br \/>\r\n\u2192 <a href=\"http:\/\/www.praha7.cz\/startovaci-ateliery\">www.praha7.cz\/startovaci-ateliery<\/a><\/p>","protected":false},"excerpt":{"rendered":"[perex] Dvan\u00e1ct\u00fd ro\u010dn\u00edk komunitn\u00edho festivalu otev\u0159en\u00fdch kulturn\u00edch m\u00edst na Sedmi\u010dce M\u00e1me otev\u0159eno prob\u011bhne ve dnech 20.\u201322.&nbsp;kv\u011btna 2022. Nav\u0161tivte galerie, ateli\u00e9ry, um\u011bleck\u00e9 d\u00edlny, designov\u00e9 obchody, kreativn\u00ed komunitn\u00ed centra a&nbsp;dal\u0161\u00ed organizace, kter\u00e9 pro v\u00e1s p\u0159ipravily zaj\u00edmav\u00fd program zdarma. Necho\u010fte okolo, poj\u010fte dovnit\u0159 a&nbsp;za\u017eijte pra\u017esk\u00fd Art District 7 zbl\u00edzka!\u00a0 [\/perex] 1 \u010dtvr\u0165 \u2022 3 dny \u2022 des\u00edtky kulturn\u00edch [&hellip;]","protected":false},"author":76,"featured_media":56685,"comment_status":"closed","ping_status":"open","sticky":false,"template":"","format":"standard","meta":[],"categories":[34],"tags":[],"_links":{"self":[{"href":"https:\/\/www.praha7.cz\/api\/wp\/v2\/posts\/56679"}],"collection":[{"href":"https:\/\/www.praha7.cz\/api\/wp\/v2\/posts"}],"about":[{"href":"https:\/\/www.praha7.cz\/api\/wp\/v2\/types\/post"}],"author":[{"embeddable":true,"href":"https:\/\/www.praha7.cz\/api\/wp\/v2\/users\/76"}],"replies":[{"embeddable":true,"href":"https:\/\/www.praha7.cz\/api\/wp\/v2\/comments?post=56679"}],"version-history":[{"count":10,"href":"https:\/\/www.praha7.cz\/api\/wp\/v2\/posts\/56679\/revisions"}],"predecessor-version":[{"id":57675,"href":"https:\/\/www.praha7.cz\/api\/wp\/v2\/posts\/56679\/revisions\/57675"}],"wp:featuredmedia":[{"embeddable":true,"href":"https:\/\/www.praha7.cz\/api\/wp\/v2\/media\/56685"}],"wp:attachment":[{"href":"https:\/\/www.praha7.cz\/api\/wp\/v2\/media?parent=56679"}],"wp:term":[{"taxonomy":"category","embeddable":true,"href":"https:\/\/www.praha7.cz\/api\/wp\/v2\/categories?post=56679"},{"taxonomy":"post_tag","embeddable":true,"href":"https:\/\/www.praha7.cz\/api\/wp\/v2\/tags?post=56679"}],"curies":[{"name":"wp","href":"https:\/\/api.w.org\/{rel}","templated":true}]}}