    
{"id":56665,"date":"2022-04-14T16:07:33","date_gmt":"2022-04-14T14:07:33","guid":{"rendered":"https:\/\/www.praha7.cz\/?p=56665"},"modified":"2022-04-14T16:07:33","modified_gmt":"2022-04-14T14:07:33","slug":"virtualni-beh-pro-normalne-postizene-na-podporu-samostatneho-bydleni","status":"publish","type":"post","link":"https:\/\/www.praha7.cz\/virtualni-beh-pro-normalne-postizene-na-podporu-samostatneho-bydleni\/","title":{"rendered":"Virtu\u00e1ln\u00ed b\u011bh pro norm\u00e1ln\u011b posti\u017een\u00e9 na podporu samostatn\u00e9ho bydlen\u00ed"},"content":{"rendered":"<p>[perex]<\/p>\r\n<p>Do 30.&nbsp;dubna 2022 se m\u016f\u017eete zapojit do druh\u00e9ho ro\u010dn\u00edku virtu\u00e1ln\u00edho b\u011bhu na podporu ter\u00e9nn\u00ed slu\u017eby Podpora samostatn\u00e9ho bydlen\u00ed pro lidi s\u00a0ment\u00e1ln\u00edm znev\u00fdhodn\u011bn\u00edm. B\u011bhejte, cho\u010fte, h\u00fdbejte se, a\u0165 u\u017e jste mal\u00ed, velc\u00ed, amat\u00e9\u0159i, prof\u00edci, a\u00a0pom\u00e1hejte t\u011bm, kte\u0159\u00ed to pot\u0159ebuj\u00ed. K&nbsp;virtu\u00e1ln\u00edmu b\u011bhu je mo\u017en\u00e9 p\u0159ihl\u00e1sit se\u00a0<a href=\"https:\/\/www.myteporazime.cz\/zavody\/virtualni-beh-pro-normalne-postizene-2022\/\" target=\"_blank\" rel=\"noopener\">zde<\/a>.\u00a0<\/p>\r\n<p>[\/perex]<\/p>\r\n<p>Ter\u00e9nn\u00ed slu\u017eba Podpora samostatn\u00e9ho bydlen\u00ed <a href=\"https:\/\/www.portus.cz\/\" target=\"_blank\" rel=\"noopener\">Portus Praha<\/a> pom\u00e1h\u00e1 lidem se zdravotn\u00edm znev\u00fdhodn\u011bn\u00edm \u017e\u00edt b\u011b\u017en\u00fdm \u017eivotem ve vlastn\u00edm domov\u011b. Spole\u010dn\u00fdm c\u00edlem asistent\u016f i&nbsp;klient\u016f slu\u017eby je rozv\u00edjet individu\u00e1ln\u00ed schopnosti, dovednosti, znalosti i&nbsp;kompetence a&nbsp;t\u00edm pos\u00edlit sebed\u016fv\u011bru lid\u00ed se speci\u00e1ln\u00edmi pot\u0159ebami pro norm\u00e1ln\u00ed \u017eivot v&nbsp;p\u0159irozen\u00e9m prost\u0159ed\u00ed.<\/p>\r\n<p><strong>Jak na to?<\/strong><\/p>\r\n<p>B\u011b\u017eet m\u016f\u017eete kdekoli do 30.&nbsp;4.&nbsp;2022<br \/>\r\n<a href=\"https:\/\/www.myteporazime.cz\/registrace-zavod\/virtualni-beh-pro-normalne-postizene-2022-reg\/\">Registrace<\/a> do 30.&nbsp;4.&nbsp;15.00<br \/>\r\nNahrajte sv\u016fj v\u00fdsledek do 30.&nbsp;4.&nbsp;23.59<\/p>\r\n<p>Startovn\u00e9 minim\u00e1ln\u011b 50&nbsp;K\u010d zahrnuje diplom, p\u0159\u00edsp\u011bvek pro Portus Praha, z. \u00fa., a&nbsp;startovn\u00ed \u010d\u00edslo, kter\u00e9 v\u00e1m p\u0159ijde na e-mail. Za jedno startovn\u00e9 sb\u00edr\u00e1te kilometry a\u017e do konce dubna.<\/p>\r\n<p><img loading=\"lazy\" src=\"https:\/\/www.praha7.cz\/wp-content\/uploads\/2022\/04\/FB-udalost-477x400.jpg\" alt=\"\" width=\"477\" height=\"400\" class=\"alignnone size-medium wp-image-56666\" srcset=\"https:\/\/www.praha7.cz\/wp-content\/uploads\/2022\/04\/FB-udalost-477x400.jpg 477w, https:\/\/www.praha7.cz\/wp-content\/uploads\/2022\/04\/FB-udalost-768x644.jpg 768w, https:\/\/www.praha7.cz\/wp-content\/uploads\/2022\/04\/FB-udalost.jpg 940w\" sizes=\"(max-width: 477px) 100vw, 477px\" \/><\/p>\r\n<hr \/>\r\n<p>Soci\u00e1ln\u00ed slu\u017eba \u201epodpora samostatn\u00e9ho bydlen\u00ed\u201c pat\u0159\u00ed do kategorie ter\u00e9nn\u00edch slu\u017eeb, kter\u00e9 pom\u00e1haj\u00ed \u0159e\u0161it situaci \u010dlov\u011bka v&nbsp;jeho p\u0159irozen\u00e9m prost\u0159ed\u00ed. Lidem se zdravotn\u00edm znev\u00fdhodn\u011bn\u00edm p\u0159ich\u00e1z\u00ed asistent do jejich domov\u016f pom\u00e1hat v&nbsp;t\u011bch situac\u00edch, v&nbsp;kter\u00fdch pomoc pot\u0159ebuj\u00ed. Nej\u010dast\u011bji jde o&nbsp;pomoc s&nbsp;hospoda\u0159en\u00edm s&nbsp;pen\u011bzi, pomoc rozpo\u010d\u00edtat p\u0159\u00edjem a&nbsp;takzvan\u011b dr\u017eet kasu, o&nbsp;pomoc s&nbsp;n\u00e1kupem, s&nbsp;va\u0159en\u00edm, s&nbsp;cestov\u00e1n\u00edm, s&nbsp;doprovody na \u00fa\u0159ady, pomoc v&nbsp;komunikaci s&nbsp;okol\u00edm, rodinou. \u00dalohou asistenta nen\u00ed tyto \u010dinnosti vykon\u00e1vat za \u010dlov\u011bka, ale pom\u00e1hat mu v&nbsp;tom, aby si co nejv\u00edce \u017eivotn\u00edch situac\u00ed \u0159e\u0161il s\u00e1m. \u010clov\u011bk s&nbsp;ment\u00e1ln\u00edm znev\u00fdhodn\u011bn\u00edm je \u010dasto hendikepovan\u00fd u\u017e jen t\u00edm, \u017ee nem\u011bl mo\u017enost se setk\u00e1vat s&nbsp;mnoha situacemi, kter\u00e9 b\u011b\u017en\u011b ve sv\u00e9m \u017eivot\u011b potk\u00e1v\u00e1me my. Nem\u011bl mo\u017enost si chodit obstar\u00e1vat b\u011b\u017en\u00e9 n\u00e1kupy, nikdy nem\u011bl vlastn\u00ed bankovn\u00ed \u00fa\u010det, nikdy s&nbsp;\u00fa\u0159ednic\u00ed ne\u0159e\u0161il vy\u0159\u00edzen\u00ed p\u0159\u00edsp\u011bvku.<\/p>\r\n<p>Takov\u00e9 je i&nbsp;posl\u00e1n\u00ed neziskov\u00e9 organizace Portus Praha, z. \u00fa., kter\u00e1 mimo jin\u00e9 poskytuje i&nbsp;tuto ter\u00e9nn\u00ed slu\u017ebu. Podpora samostatn\u00e9ho bydlen\u00ed vznikla v&nbsp;roce 2017 a&nbsp;v&nbsp;sou\u010dasn\u00e9 dob\u011b tuto slu\u017ebu vyu\u017e\u00edv\u00e1 14 klient\u016f.<em> \u201eZku\u0161enosti na\u0161\u00ed organizace Portus Praha, z. \u00fa., ukazuj\u00ed, \u017ee tato slu\u017eba je vhodn\u00e1 i&nbsp;pro mnoho lid\u00ed, u&nbsp;kter\u00fdch spole\u010dnost moc nep\u0159edpokl\u00e1dala, \u017ee by mohli \u017e\u00edt sami. V&nbsp;moment\u011b, kdy se ale osamostatn\u00ed, r\u00e1zem se z&nbsp;nich st\u00e1vaj\u00ed ob\u010dan\u00e9. Pro n\u00e1s, coby poskytovatele soci\u00e1ln\u00ed slu\u017eby, je velk\u00fdm zadostiu\u010din\u011bn\u00edm pozorovat, jak na\u0161i klienti nab\u00fdvaj\u00ed nov\u00e9 zku\u0161enosti, jak se u\u010d\u00ed zvl\u00e1dat nov\u00e9 situace, jak se s&nbsp;\u010d\u00edm d\u00e1l v\u011bt\u0161\u00ed jistotou pohybuj\u00ed ve spole\u010dnosti, jak nab\u00fdvaj\u00ed sebed\u016fv\u011bru\u201c<\/em> popisuje vedouc\u00ed soci\u00e1ln\u00edch slu\u017eeb Lucie \u0160i\u0161kov\u00e1.<\/p>\r\n<p>V\u00fdt\u011b\u017eek z&nbsp;b\u011bhu pom\u016f\u017ee roz\u0161\u00ed\u0159en\u00ed slu\u017eby pro v\u00edce pot\u0159ebn\u00fdch klient\u016f a&nbsp;pom\u016f\u017ee dofinancovat n\u00e1klady na zv\u00fd\u0161enou p\u00e9\u010di o&nbsp;klienty s&nbsp;autismem nebo v&nbsp;krizov\u00e9 situaci.<\/p>\r\n<p>&nbsp;<\/p>","protected":false},"excerpt":{"rendered":"[perex] Do 30.&nbsp;dubna 2022 se m\u016f\u017eete zapojit do druh\u00e9ho ro\u010dn\u00edku virtu\u00e1ln\u00edho b\u011bhu na podporu ter\u00e9nn\u00ed slu\u017eby Podpora samostatn\u00e9ho bydlen\u00ed pro lidi s\u00a0ment\u00e1ln\u00edm znev\u00fdhodn\u011bn\u00edm. B\u011bhejte, cho\u010fte, h\u00fdbejte se, a\u0165 u\u017e jste mal\u00ed, velc\u00ed, amat\u00e9\u0159i, prof\u00edci, a\u00a0pom\u00e1hejte t\u011bm, kte\u0159\u00ed to pot\u0159ebuj\u00ed. K&nbsp;virtu\u00e1ln\u00edmu b\u011bhu je mo\u017en\u00e9 p\u0159ihl\u00e1sit se\u00a0zde.\u00a0 [\/perex] Ter\u00e9nn\u00ed slu\u017eba Podpora samostatn\u00e9ho bydlen\u00ed Portus Praha pom\u00e1h\u00e1 lidem [&hellip;]","protected":false},"author":251,"featured_media":56667,"comment_status":"closed","ping_status":"open","sticky":false,"template":"","format":"standard","meta":[],"categories":[34],"tags":[],"_links":{"self":[{"href":"https:\/\/www.praha7.cz\/api\/wp\/v2\/posts\/56665"}],"collection":[{"href":"https:\/\/www.praha7.cz\/api\/wp\/v2\/posts"}],"about":[{"href":"https:\/\/www.praha7.cz\/api\/wp\/v2\/types\/post"}],"author":[{"embeddable":true,"href":"https:\/\/www.praha7.cz\/api\/wp\/v2\/users\/251"}],"replies":[{"embeddable":true,"href":"https:\/\/www.praha7.cz\/api\/wp\/v2\/comments?post=56665"}],"version-history":[{"count":2,"href":"https:\/\/www.praha7.cz\/api\/wp\/v2\/posts\/56665\/revisions"}],"predecessor-version":[{"id":56669,"href":"https:\/\/www.praha7.cz\/api\/wp\/v2\/posts\/56665\/revisions\/56669"}],"wp:featuredmedia":[{"embeddable":true,"href":"https:\/\/www.praha7.cz\/api\/wp\/v2\/media\/56667"}],"wp:attachment":[{"href":"https:\/\/www.praha7.cz\/api\/wp\/v2\/media?parent=56665"}],"wp:term":[{"taxonomy":"category","embeddable":true,"href":"https:\/\/www.praha7.cz\/api\/wp\/v2\/categories?post=56665"},{"taxonomy":"post_tag","embeddable":true,"href":"https:\/\/www.praha7.cz\/api\/wp\/v2\/tags?post=56665"}],"curies":[{"name":"wp","href":"https:\/\/api.w.org\/{rel}","templated":true}]}}