    
{"id":56642,"date":"2022-04-14T12:28:43","date_gmt":"2022-04-14T10:28:43","guid":{"rendered":"https:\/\/www.praha7.cz\/?p=56642"},"modified":"2022-04-14T12:30:37","modified_gmt":"2022-04-14T10:30:37","slug":"hot-hot-hot-sklo-keramika-a-porcelan-od-a-po-z","status":"publish","type":"post","link":"https:\/\/www.praha7.cz\/hot-hot-hot-sklo-keramika-a-porcelan-od-a-po-z\/","title":{"rendered":"HOT HOT HOT Sklo, keramika a&nbsp;porcel\u00e1n od A&nbsp;po Z"},"content":{"rendered":"<p>[perex]<\/p>\r\n<p>Od 14.&nbsp;dubna 2022 se v&nbsp;<a href=\"https:\/\/www.ntm.cz\/\">N\u00e1rodn\u00edm technick\u00e9m muzeu<\/a> kon\u00e1 v\u00fdstava \u201eHOT HOT HOT Sklo, keramika a&nbsp;porcel\u00e1n od A&nbsp;po Z\u201c, kter\u00e1 p\u0159edstav\u00ed v\u0161echny podoby sou\u010dasn\u00e9ho \u010desk\u00e9ho skla, keramiky a&nbsp;porcel\u00e1nu. V\u00fdstava vznikla p\u0159i\u00a0p\u0159\u00edle\u017eitosti Mezin\u00e1rodn\u00edho roku skla a\u00a0k\u00a030.&nbsp;v\u00fdro\u010d\u00ed Asociace skl\u00e1\u0159sk\u00e9ho a&nbsp;keramick\u00e9ho pr\u016fmyslu \u010cR zalo\u017een\u00e9 v&nbsp;roce 1990. Jej\u00edm c\u00edlem je uk\u00e1zat, jak pestr\u00e1 a&nbsp;mnohovrstevn\u00e1 je podstata sou\u010dasn\u00e9ho \u010desk\u00e9ho um\u011bn\u00ed ohn\u011b od pr\u016fmyslu po design, um\u011bn\u00ed \u010di v\u00fdzkum.\u00a0<\/p>\r\n<p>[\/perex]<\/p>\r\n<p>K\u00a0v\u00fdstav\u011b je p\u0159ipraven doprovodn\u00fd program. <strong>V\u00a0ned\u011bli 1.&nbsp;kv\u011btna 2022 se uskute\u010dn\u00ed Den skl\u00e1\u0159\u016f a&nbsp;keramik\u016f<\/strong>, na kter\u00e9m n\u00e1v\u0161t\u011bvn\u00edci uvid\u00ed uk\u00e1zky pr\u00e1ce mistr\u016f oboru, prezentace a&nbsp;prodej v\u00fdrobk\u016f \u010di si svoji zru\u010dnost vyzkou\u0161\u00ed v\u00a0d\u00edln\u00e1ch.<\/p>\r\n<p>V\u00fdstava v\u016fbec poprv\u00e9 po roce 1989 spole\u010dn\u011b prezentuje v\u00fdrobce obalov\u00e9ho, ploch\u00e9ho, technick\u00e9ho, u\u017eitkov\u00e9ho a\u00a0osv\u011btlovac\u00edho skla, bi\u017euterie, sklen\u011bn\u00fdch a&nbsp;miner\u00e1ln\u00edch vl\u00e1ken, u\u017eitkov\u00e9ho porcel\u00e1nu, u\u017eitkov\u00e9 a&nbsp;sanit\u00e1rn\u00ed keramiky, odborn\u00e9 \u0161koly, um\u011blce, dodavatele surovin a&nbsp;technologi\u00ed v\u00a0\u010cesk\u00e9 republice. Je a\u017e neuv\u011b\u0159iteln\u00e9, co v\u0161e dok\u00e1zali \u010de\u0161t\u00ed v\u00fdrobci, technici, technologov\u00e9 \u010di design\u00e9\u0159i a&nbsp;um\u011blci od roku 1990 vymyslet, zdokonalit, adaptovat, navrhnout a&nbsp;realizovat. T\u0159icet let h\u00e1j\u00ed oborov\u00e9 z\u00e1jmy Asociace skl\u00e1\u0159sk\u00e9ho a&nbsp;keramick\u00e9ho pr\u016fmyslu \u010cesk\u00e9 republiky.<\/p>\r\n<p>Na v\u00fdstav\u011b je prezentov\u00e1no t\u00e9m\u011b\u0159 500 expon\u00e1t\u016f od v\u00edce ne\u017e 70 \u010dlen\u016f, v\u010detn\u011b partnersk\u00fdch organizac\u00ed \u010cesk\u00e9 skl\u00e1\u0159sk\u00e9 spole\u010dnosti a&nbsp;Svazu v\u00fdrobc\u016f skla a&nbsp;bi\u017euterie. Architekturu a&nbsp;grafickou podobu v\u00fdstavy vytvo\u0159ilo studio LLEV \u2013 Eva Mochalov\u00e1 a&nbsp;Marcel Mochal. Kur\u00e1torem v\u00fdstavn\u00edho projektu je PhDr. Petr Nov\u00fd, kter\u00fd p\u016fsob\u00ed jako hlavn\u00ed kur\u00e1tor v&nbsp;Muzeu skla a&nbsp;bi\u017euterie v&nbsp;Jablonci nad Nisou.<br \/>\r\n<br \/>\r\n<\/p>\r\n<p><a href=\"https:\/\/www.praha7.cz\/hot-hot-hot-sklo-keramika-a-porcelan-od-a-po-z\/06_hot_hot_hot_ntm\/\" rel=\"attachment wp-att-56650\"><img loading=\"lazy\" src=\"https:\/\/www.praha7.cz\/wp-content\/uploads\/2022\/04\/06_HOT_HOT_HOT_NTM-600x400.jpg\" alt=\"\" width=\"600\" height=\"400\" class=\"alignnone wp-image-56650 size-medium\" srcset=\"https:\/\/www.praha7.cz\/wp-content\/uploads\/2022\/04\/06_HOT_HOT_HOT_NTM-600x400.jpg 600w, https:\/\/www.praha7.cz\/wp-content\/uploads\/2022\/04\/06_HOT_HOT_HOT_NTM-768x512.jpg 768w, https:\/\/www.praha7.cz\/wp-content\/uploads\/2022\/04\/06_HOT_HOT_HOT_NTM.jpg 1500w\" sizes=\"(max-width: 600px) 100vw, 600px\" \/><\/a><br \/>\r\n<br \/>\r\n<\/p>\r\n<p>\u201e<em>Velice mne t\u011b\u0161\u00ed, \u017ee v\u00fdstava v\u011bnovan\u00e1 sklu, keramice a&nbsp;porcel\u00e1nu, jejich\u017e v\u00fdroba m\u00e1 u\u00a0n\u00e1s d\u00e1vnou tradici a&nbsp;m\u00e1 st\u00e1le velk\u00fd \u00fasp\u011bch ve sv\u011bt\u011b i&nbsp;v\u00a0sou\u010dasnosti, se kon\u00e1 v\u00a0N\u00e1rodn\u00edm technick\u00e9m muzeu v\u00a0roce, kter\u00fd byl vyhl\u00e1\u0161en Organizac\u00ed spojen\u00fdch n\u00e1rod\u016f mezin\u00e1rodn\u00edm rokem skla, a\u00a0z\u00e1rove\u0148 v\u00a0roce, kdy Praha host\u00ed gener\u00e1ln\u00ed\u00a0konferenci ICOM a&nbsp;N\u00e1rodn\u00ed technick\u00e9 muzeum se v\u00a0srpnu tohoto roku stane jedn\u00edm z&nbsp;center mezin\u00e1rodn\u00edho muzejn\u00edho \u017eivota. V\u00fdroba keramiky a&nbsp;skla na na\u0161em \u00fazem\u00ed m\u00e1 prad\u00e1vnou tradici sahaj\u00edc\u00ed a\u017e n\u011bkolik stolet\u00ed p\u0159ed n\u00e1\u0161 letopo\u010det. V\u00fdroba porcel\u00e1nu u&nbsp;n\u00e1s za\u010dala teprve na konci 18.&nbsp;stolet\u00ed. P\u0159esto v\u0161echny t\u0159i oblasti, kter\u00e9 v\u00fdstava p\u0159edstavuje, jsou svoj\u00ed vysokou kvalitou a&nbsp;mimo\u0159\u00e1dn\u00fdm um\u011bleck\u00fdm ztv\u00e1rn\u011bn\u00edm za posledn\u00edch 30 let zcela srovnateln\u00e9.\u00a0 A&nbsp;o&nbsp;tom se nejl\u00e9pe p\u0159esv\u011bd\u010d\u00edte na nov\u00e9 v\u00fdstav\u011b NTM<\/em>,\u201c uvedl gener\u00e1ln\u00ed <strong>\u0159editel NTM Karel Ksandr<\/strong>.<\/p>\r\n<p>\u201e<em>Na\u0161\u00edm c\u00edlem bylo uk\u00e1zat n\u00e1v\u0161t\u011bvn\u00edk\u016fm, p\u0159edev\u0161\u00edm laick\u00e9 ve\u0159ejnosti, dne\u0161n\u00ed skute\u010dn\u00fd obraz \u010desk\u00e9ho skl\u00e1\u0159sk\u00e9ho a&nbsp;keramick\u00e9ho pr\u016fmyslu. P\u0159edstavit v\u00fdrobky kter\u00e9 jsou modern\u00ed, napl\u0148uj\u00ed designov\u00e9 trendy a&nbsp;rostouc\u00ed funk\u010dn\u00ed po\u017eadavky, a&nbsp;nav\u00edc jsou \u0161etrn\u00e9 k\u00a0\u017eivotn\u00edmu prost\u0159ed\u00ed. Chceme je t\u00edmto krokem znovu vyzvednout na sv\u011btlo z&nbsp;dennodenn\u00ed anonymity, aby si ka\u017ed\u00fd z\u00a0n\u00e1s p\u0159ipomn\u011bl, co sklo, keramika \u010di porcel\u00e1n p\u0159in\u00e1\u0161ej\u00ed do na\u0161eho v\u0161edn\u00edho \u017eivota. Jak moc by n\u00e1m chyb\u011bly, kdyby jich nebylo. M\u00fdm p\u0159\u00e1n\u00edm je, aby si n\u00e1v\u0161t\u011bvn\u00edci, a\u017e opust\u00ed tuto v\u00fdstavu, znovu uv\u011bdomili, jak jsou tyto materi\u00e1ly a&nbsp;v\u00fdrobky z\u00a0nich jedine\u010dn\u00e9, \u00fa\u017easn\u00e9 a&nbsp;u\u017eite\u010dn\u00e9. A&nbsp;aby n\u00e1s podpo\u0159ili sv\u00fdm trval\u00fdm z\u00e1jmem, nebo\u0165 tradici \u010desk\u00e9ho skla a&nbsp;keramiky budeme d\u00e1le rozv\u00edjet. Je to na\u0161e posl\u00e1n\u00ed,<\/em>\u201c vysv\u011btluje <strong>Petr Mazzolini, prezident Asociace skl\u00e1\u0159sk\u00e9ho a\u00a0keramick\u00e9ho pr\u016fmyslu<\/strong>.<\/p>\r\n<p>\u00a0\u201e<em>Realizace t\u00e9to v\u00fdstavy je pro n\u00e1s velkou ct\u00ed a&nbsp;z\u00faro\u010den\u00edm dlouhodob\u00e9 spolupr\u00e1ce s\u00a0Asociac\u00ed. Prokazuje se, \u017ee i&nbsp;st\u00e1tn\u00ed sb\u00edrkov\u00e1 instituce m\u00e1 i&nbsp;soukrom\u00e9 sf\u00e9\u0159e co nab\u00eddnout a&nbsp;b\u00fdt pro ni u\u017eite\u010dn\u00fdm partnerem<\/em>,\u201c dod\u00e1v\u00e1<strong> Milada Vale\u010dkov\u00e1, \u0159editelka Muzea skla a&nbsp;bi\u017euterie v\u00a0Jablonci nad Nisou<\/strong>.<\/p>\r\n<hr \/>\r\n<p>V\u00fdstava v\u00a0N\u00e1rodn\u00edm technick\u00e9m muzeu, Kosteln\u00ed 42, Praze 7 potrv\u00e1 od 14.&nbsp;dubna do 2.&nbsp;\u0159\u00edjna 2022<\/p>","protected":false},"excerpt":{"rendered":"[perex] Od 14.&nbsp;dubna 2022 se v&nbsp;N\u00e1rodn\u00edm technick\u00e9m muzeu kon\u00e1 v\u00fdstava \u201eHOT HOT HOT Sklo, keramika a&nbsp;porcel\u00e1n od A&nbsp;po Z\u201c, kter\u00e1 p\u0159edstav\u00ed v\u0161echny podoby sou\u010dasn\u00e9ho \u010desk\u00e9ho skla, keramiky a&nbsp;porcel\u00e1nu. V\u00fdstava vznikla p\u0159i\u00a0p\u0159\u00edle\u017eitosti Mezin\u00e1rodn\u00edho roku skla a\u00a0k\u00a030.&nbsp;v\u00fdro\u010d\u00ed Asociace skl\u00e1\u0159sk\u00e9ho a&nbsp;keramick\u00e9ho pr\u016fmyslu \u010cR zalo\u017een\u00e9 v&nbsp;roce 1990. Jej\u00edm c\u00edlem je uk\u00e1zat, jak pestr\u00e1 a&nbsp;mnohovrstevn\u00e1 je podstata sou\u010dasn\u00e9ho \u010desk\u00e9ho um\u011bn\u00ed [&hellip;]","protected":false},"author":76,"featured_media":56649,"comment_status":"closed","ping_status":"open","sticky":false,"template":"","format":"standard","meta":[],"categories":[34],"tags":[],"_links":{"self":[{"href":"https:\/\/www.praha7.cz\/api\/wp\/v2\/posts\/56642"}],"collection":[{"href":"https:\/\/www.praha7.cz\/api\/wp\/v2\/posts"}],"about":[{"href":"https:\/\/www.praha7.cz\/api\/wp\/v2\/types\/post"}],"author":[{"embeddable":true,"href":"https:\/\/www.praha7.cz\/api\/wp\/v2\/users\/76"}],"replies":[{"embeddable":true,"href":"https:\/\/www.praha7.cz\/api\/wp\/v2\/comments?post=56642"}],"version-history":[{"count":7,"href":"https:\/\/www.praha7.cz\/api\/wp\/v2\/posts\/56642\/revisions"}],"predecessor-version":[{"id":56663,"href":"https:\/\/www.praha7.cz\/api\/wp\/v2\/posts\/56642\/revisions\/56663"}],"wp:featuredmedia":[{"embeddable":true,"href":"https:\/\/www.praha7.cz\/api\/wp\/v2\/media\/56649"}],"wp:attachment":[{"href":"https:\/\/www.praha7.cz\/api\/wp\/v2\/media?parent=56642"}],"wp:term":[{"taxonomy":"category","embeddable":true,"href":"https:\/\/www.praha7.cz\/api\/wp\/v2\/categories?post=56642"},{"taxonomy":"post_tag","embeddable":true,"href":"https:\/\/www.praha7.cz\/api\/wp\/v2\/tags?post=56642"}],"curies":[{"name":"wp","href":"https:\/\/api.w.org\/{rel}","templated":true}]}}