    
{"id":56615,"date":"2022-04-14T12:55:06","date_gmt":"2022-04-14T10:55:06","guid":{"rendered":"https:\/\/www.praha7.cz\/?p=56615"},"modified":"2022-04-14T12:55:06","modified_gmt":"2022-04-14T10:55:06","slug":"detske-dopravni-hriste-na-vysinach-proslo-obnovou","status":"publish","type":"post","link":"https:\/\/www.praha7.cz\/detske-dopravni-hriste-na-vysinach-proslo-obnovou\/","title":{"rendered":"D\u011btsk\u00e9 dopravn\u00ed h\u0159i\u0161t\u011b Na V\u00fd\u0161in\u00e1ch pro\u0161lo obnovou"},"content":{"rendered":"<p>[perex]<\/p>\r\n<p>D\u011btsk\u00e9 <a href=\"https:\/\/www.praha7.cz\/volny-cas-prehled\/deti\/detska-hriste\/\" target=\"_blank\" rel=\"noopener\">dopravn\u00ed h\u0159i\u0161t\u011b Na V\u00fd\u0161in\u00e1ch<\/a> z\u00e1\u0159\u00ed novotou! U\u017e v&nbsp;pr\u016fb\u011bhu lo\u0148sk\u00e9ho podzimu byly obnoveny dopravn\u00ed zna\u010dky a&nbsp;\u010d\u00e1ste\u010dn\u011b vodorovn\u00e9 dopravn\u00ed zna\u010den\u00ed. V&nbsp;tomto t\u00fddnu bylo nov\u00e9 vodorovn\u00e9 zna\u010den\u00ed kompletn\u011b dokon\u010deno. Mal\u00ed n\u00e1v\u0161t\u011bvn\u00edci se mohou t\u011b\u0161it na n\u011bkolik novinek jako nap\u0159. parkovi\u0161t\u011b, zast\u00e1vka autobusu, cyklopruhy, vyzna\u010den\u00e9 st\u00e1n\u00ed cyklist\u016f na semaforu, p\u0159ek\u00e1\u017eka na silnici (vykrojen\u00e1 silnice) aj.\u00a0<\/p>\r\n<p>[\/perex]<\/p>\r\n<p><img loading=\"lazy\" src=\"https:\/\/www.praha7.cz\/wp-content\/uploads\/2022\/04\/DDH-2022-a-533x400.jpg\" alt=\"\" width=\"533\" height=\"400\" class=\"alignnone size-medium wp-image-56603\" srcset=\"https:\/\/www.praha7.cz\/wp-content\/uploads\/2022\/04\/DDH-2022-a-533x400.jpg 533w, https:\/\/www.praha7.cz\/wp-content\/uploads\/2022\/04\/DDH-2022-a-768x576.jpg 768w, https:\/\/www.praha7.cz\/wp-content\/uploads\/2022\/04\/DDH-2022-a-1333x1000.jpg 1333w, https:\/\/www.praha7.cz\/wp-content\/uploads\/2022\/04\/DDH-2022-a.jpg 2048w\" sizes=\"(max-width: 533px) 100vw, 533px\" \/><\/p>\r\n<p><img loading=\"lazy\" src=\"https:\/\/www.praha7.cz\/wp-content\/uploads\/2022\/04\/DDH-2022-d-533x400.jpg\" alt=\"\" width=\"533\" height=\"400\" class=\"alignnone size-medium wp-image-56657\" srcset=\"https:\/\/www.praha7.cz\/wp-content\/uploads\/2022\/04\/DDH-2022-d-533x400.jpg 533w, https:\/\/www.praha7.cz\/wp-content\/uploads\/2022\/04\/DDH-2022-d-768x576.jpg 768w, https:\/\/www.praha7.cz\/wp-content\/uploads\/2022\/04\/DDH-2022-d-1333x1000.jpg 1333w, https:\/\/www.praha7.cz\/wp-content\/uploads\/2022\/04\/DDH-2022-d.jpg 1440w\" sizes=\"(max-width: 533px) 100vw, 533px\" \/><\/p>\r\n<p><img loading=\"lazy\" src=\"https:\/\/www.praha7.cz\/wp-content\/uploads\/2022\/04\/DDH-2022-c-533x400.jpg\" alt=\"\" width=\"533\" height=\"400\" class=\"alignnone size-medium wp-image-56612\" srcset=\"https:\/\/www.praha7.cz\/wp-content\/uploads\/2022\/04\/DDH-2022-c-533x400.jpg 533w, https:\/\/www.praha7.cz\/wp-content\/uploads\/2022\/04\/DDH-2022-c-768x576.jpg 768w, https:\/\/www.praha7.cz\/wp-content\/uploads\/2022\/04\/DDH-2022-c-1333x1000.jpg 1333w, https:\/\/www.praha7.cz\/wp-content\/uploads\/2022\/04\/DDH-2022-c.jpg 2048w\" sizes=\"(max-width: 533px) 100vw, 533px\" \/><\/p>","protected":false},"excerpt":{"rendered":"[perex] D\u011btsk\u00e9 dopravn\u00ed h\u0159i\u0161t\u011b Na V\u00fd\u0161in\u00e1ch z\u00e1\u0159\u00ed novotou! U\u017e v&nbsp;pr\u016fb\u011bhu lo\u0148sk\u00e9ho podzimu byly obnoveny dopravn\u00ed zna\u010dky a&nbsp;\u010d\u00e1ste\u010dn\u011b vodorovn\u00e9 dopravn\u00ed zna\u010den\u00ed. V&nbsp;tomto t\u00fddnu bylo nov\u00e9 vodorovn\u00e9 zna\u010den\u00ed kompletn\u011b dokon\u010deno. Mal\u00ed n\u00e1v\u0161t\u011bvn\u00edci se mohou t\u011b\u0161it na n\u011bkolik novinek jako nap\u0159. parkovi\u0161t\u011b, zast\u00e1vka autobusu, cyklopruhy, vyzna\u010den\u00e9 st\u00e1n\u00ed cyklist\u016f na semaforu, p\u0159ek\u00e1\u017eka na silnici (vykrojen\u00e1 silnice) aj.\u00a0 [\/perex]","protected":false},"author":97,"featured_media":56654,"comment_status":"closed","ping_status":"open","sticky":false,"template":"","format":"standard","meta":[],"categories":[34],"tags":[],"_links":{"self":[{"href":"https:\/\/www.praha7.cz\/api\/wp\/v2\/posts\/56615"}],"collection":[{"href":"https:\/\/www.praha7.cz\/api\/wp\/v2\/posts"}],"about":[{"href":"https:\/\/www.praha7.cz\/api\/wp\/v2\/types\/post"}],"author":[{"embeddable":true,"href":"https:\/\/www.praha7.cz\/api\/wp\/v2\/users\/97"}],"replies":[{"embeddable":true,"href":"https:\/\/www.praha7.cz\/api\/wp\/v2\/comments?post=56615"}],"version-history":[{"count":4,"href":"https:\/\/www.praha7.cz\/api\/wp\/v2\/posts\/56615\/revisions"}],"predecessor-version":[{"id":56664,"href":"https:\/\/www.praha7.cz\/api\/wp\/v2\/posts\/56615\/revisions\/56664"}],"wp:featuredmedia":[{"embeddable":true,"href":"https:\/\/www.praha7.cz\/api\/wp\/v2\/media\/56654"}],"wp:attachment":[{"href":"https:\/\/www.praha7.cz\/api\/wp\/v2\/media?parent=56615"}],"wp:term":[{"taxonomy":"category","embeddable":true,"href":"https:\/\/www.praha7.cz\/api\/wp\/v2\/categories?post=56615"},{"taxonomy":"post_tag","embeddable":true,"href":"https:\/\/www.praha7.cz\/api\/wp\/v2\/tags?post=56615"}],"curies":[{"name":"wp","href":"https:\/\/api.w.org\/{rel}","templated":true}]}}