    
{"id":56602,"date":"2022-04-13T14:19:43","date_gmt":"2022-04-13T12:19:43","guid":{"rendered":"https:\/\/www.praha7.cz\/?p=56602"},"modified":"2022-04-19T10:23:31","modified_gmt":"2022-04-19T08:23:31","slug":"verejna-prostranstvi-v-prazske-trznici-ceka-promena-v-mezinarodni-soutezi-zvitezila-vize-studia-perspektiv","status":"publish","type":"post","link":"https:\/\/www.praha7.cz\/verejna-prostranstvi-v-prazske-trznici-ceka-promena-v-mezinarodni-soutezi-zvitezila-vize-studia-perspektiv\/","title":{"rendered":"Ve\u0159ejn\u00e1 prostranstv\u00ed v&nbsp;Pra\u017esk\u00e9 tr\u017enici \u010dek\u00e1 prom\u011bna. V&nbsp;mezin\u00e1rodn\u00ed sout\u011b\u017ei zv\u00edt\u011bzila vize Studia Perspektiv"},"content":{"rendered":"<p>[perex]<\/p>\r\n<p>Otev\u0159en\u00e1 mezin\u00e1rodn\u00ed architektonicko-krajin\u00e1\u0159sk\u00e1 sout\u011b\u017e na budouc\u00ed podobu ve\u0159ejn\u00fdch prostranstv\u00ed Pra\u017esk\u00e9 tr\u017enice m\u00e1 sv\u00e9ho v\u00edt\u011bze. Je j\u00edm pra\u017esk\u00e9 Studio Perspektiv architekt\u016f J\u00e1na Antala a&nbsp;Martina St\u00e1ry. Jejich n\u00e1vrh vybrala mezin\u00e1rodn\u00ed porota ze sout\u011b\u017en\u00edch prac\u00ed od celkem osmn\u00e1cti studi\u00ed z&nbsp;dev\u00edti zem\u00ed sv\u011bta. Volbu odborn\u00e9 poroty stvrdila Rada hlavn\u00edho m\u011bsta na sv\u00e9m pond\u011bln\u00edm zased\u00e1n\u00ed.<\/p>\r\n<p>[\/perex]<\/p>\r\n<p><em>\u201eAre\u00e1l Pra\u017esk\u00e9 tr\u017enice se n\u00e1m je\u0161t\u011b ned\u00e1vno doslova rozpadal p\u0159ed o\u010dima a&nbsp;Praha se o&nbsp;n\u011bj soudila s&nbsp;jeho b\u00fdval\u00fdm n\u00e1jemcem. Budoucnost byla nejist\u00e1. Soudn\u00ed spor se n\u00e1m ale poda\u0159ilo vyhr\u00e1t a&nbsp;od t\u00e9 doby realizujeme prvn\u00ed neodkladn\u00e9 opravy a&nbsp;zm\u011bny. Ve\u0159ejn\u00e1 prostranstv\u00ed are\u00e1lu v\u0161ak pot\u0159ebuj\u00ed jednotn\u00fd p\u0159\u00edstup a&nbsp;nov\u00e1 \u0159e\u0161en\u00ed, aby fungovala jako celek. Rozhodli jsme se je naj\u00edt v&nbsp;mezin\u00e1rodn\u00ed sout\u011b\u017ei. V\u00edt\u011bzn\u00fd n\u00e1vrh naplnil na\u0161e o\u010dek\u00e1v\u00e1n\u00ed a&nbsp;j\u00e1 nepochybuji o&nbsp;tom, \u017ee pom\u016f\u017ee o\u017eivit Tr\u017enici po cel\u00fd rok a&nbsp;zp\u0159\u00edstupnit ji v\u0161em v\u011bkov\u00fdm i&nbsp;p\u0159\u00edjmov\u00fdm skupin\u00e1m Pra\u017ean\u016f,\u201c<\/em>\u00a0\u0159\u00edk\u00e1 Pavel Vyhn\u00e1nek, n\u00e1m\u011bstek prim\u00e1tora pro oblast financ\u00ed a&nbsp;rozpo\u010dtu, kter\u00fd m\u00e1 Pra\u017eskou tr\u017enici na starosti.<\/p>\r\n<p><em>\u200b\u201eNavrhujeme nov\u00e9 Meziprostory Pra\u017esk\u00e9 tr\u017enice se zachov\u00e1n\u00edm lidsk\u00e9ho m\u011b\u0159\u00edtka a&nbsp;\u010diteln\u00e9 struktury. Plochy \u010dlen\u00edme pomoc\u00ed r\u016fznorod\u00e9 dla\u017eby a&nbsp;drobn\u00fdch detail\u016f. Redukc\u00ed plot\u016f na nezbytn\u00e9 provozn\u00ed minimum sou\u010dasn\u011b otev\u00edr\u00e1me cel\u00fd are\u00e1l m\u011bstu. Kl\u00ed\u010dov\u00fdm t\u00e9matem pro n\u00e1s bylo dopln\u011bn\u00ed strom\u016f v&nbsp;prostoru. Transformace m\u00edsta s&nbsp;novou identitou v\u010detn\u011b syst\u00e9mu mobili\u00e1\u0159e zajist\u00ed vy\u0161\u0161\u00ed atraktivitu a&nbsp;n\u00e1v\u0161t\u011bvnost v\u0161ech obyvatel Prahy,\u201c\u00a0<\/em>\u0159\u00edkaj\u00ed Martin St\u00e1ra a&nbsp;J\u00e1n Antal, zakladatel\u00e9 studia a&nbsp;auto\u0159i n\u00e1vrhu.<\/p>\r\n<p>Na v\u00edt\u011bzn\u00e9m n\u00e1vrhu porota nejv\u00edce ocenila jasn\u00fd p\u0159\u00edstup k&nbsp;\u0159e\u0161en\u00ed, kter\u00fd vynik\u00e1 oproti ostatn\u00edm projekt\u016fm, a&nbsp;to nejen v&nbsp;ot\u00e1zce krajin\u00e1\u0159sk\u00e9 a&nbsp;ve\u0159ejn\u00fdch prostor, ale i&nbsp;v&nbsp;pr\u00e1ci s&nbsp;t\u00e9maty, jako jsou zm\u011bna klimatu a&nbsp;fenom\u00e9n tepeln\u00e9ho ostrova. Porota vyzdvihla rovn\u011b\u017e pr\u00e1ci s&nbsp;\u0161irokou, rozmanitou a&nbsp;vhodn\u011b zvolenou paletou rostlin a&nbsp;propojen\u00ed Tr\u017enice s&nbsp;okol\u00edm.<\/p>\r\n<p>\u200bKlima are\u00e1lu by tak m\u011blo do budoucna zlep\u0161ovat nesrovnateln\u011b v\u00edce zelen\u011b, kter\u00e1 bude k&nbsp;zavla\u017eov\u00e1n\u00ed vyu\u017e\u00edvat nap\u0159\u00edklad i&nbsp;de\u0161\u0165ovou vodu. Vysazeny budou des\u00edtky nov\u00fdch strom\u016f a&nbsp;vzniknou nov\u00e9 zelen\u00e9 plochy. Probl\u00e9my tepeln\u00e9ho ostrova pomohou b\u011bhem letn\u00edch m\u011bs\u00edc\u016f zm\u00edr\u0148ovat nov\u00e9 vodn\u00ed prvky. V\u00edt\u011bzn\u00e1 studie rovn\u011b\u017e po\u010d\u00edt\u00e1 se vznikem n\u00e1m\u011bst\u00ed u&nbsp;objektu b\u00fdval\u00e9 vod\u00e1rensk\u00e9 v\u011b\u017ee a&nbsp;navrhuje tak\u00e9 nov\u00e1 d\u011btsk\u00e1 h\u0159i\u0161t\u011b. V&nbsp;are\u00e1lu p\u0159ibude na m\u00edru navr\u017een\u00fd mobili\u00e1\u0159, kter\u00fd nab\u00eddne nov\u00e1 m\u00edsta k&nbsp;posezen\u00ed a&nbsp;setk\u00e1v\u00e1n\u00ed. D\u016fle\u017eitou zm\u011bnou bude lep\u0161\u00ed propojen\u00ed Tr\u017enice s&nbsp;okol\u00edm d\u00edky nov\u00fdm vstup\u016fm do are\u00e1lu.<\/p>\r\n<p><em>\u200b\u201ePra\u017esk\u00e1 tr\u017enice je velice d\u016fle\u017eit\u00fdm prostorem pro celou vnit\u0159n\u00ed \u010d\u00e1st m\u011bsta. Nov\u00e9 \u0159e\u0161en\u00ed, vznikl\u00e9 z&nbsp;architektonick\u00e9 sout\u011b\u017ee, prostor v\u00fdrazn\u011b o\u017eiv\u00ed, p\u0159inese nov\u00e9 funkce a&nbsp;tak\u00e9 jej zkultivuje. Porota se shodla, \u017ee v\u00edt\u011bzn\u00fd n\u00e1vrh tato o\u010dek\u00e1v\u00e1n\u00ed jednozna\u010dn\u011b spl\u0148uje,\u201c<\/em>\u00a0komentuje \u0160t\u011bp\u00e1nka \u0160m\u00eddov\u00e1, \u010dlenka poroty a&nbsp;krajin\u00e1\u0159sk\u00e1 architektka.<\/p>\r\n<p>\u200bProm\u011bna ve\u0159ejn\u00fdch prostranstv\u00ed neza\u010dne hned. Projek\u010dn\u00ed pr\u00e1ce budou odhadem trvat n\u00e1sleduj\u00edc\u00ed t\u0159i roky. K&nbsp;samotn\u00e9 \u00faprav\u011b pak bude doch\u00e1zet po etap\u00e1ch, aby nebyl naru\u0161en provoz cel\u00e9ho are\u00e1lu. P\u0159i realizaci prom\u011bny ve\u0159ejn\u00fdch prostranstv\u00ed bude tak\u00e9 kladen d\u016fraz na koordinaci s&nbsp;kompletn\u00ed rekonstrukc\u00ed in\u017een\u00fdrsk\u00fdch s\u00edt\u00ed a&nbsp;tak\u00e9 aktivitami a&nbsp;programem akc\u00ed v&nbsp;are\u00e1lu. Nov\u00e9 podoby prvn\u00ed \u010d\u00e1sti Tr\u017enice by se Pra\u017ean\u00e9 mohli do\u010dkat zhruba v&nbsp;roce 2027. P\u0159edpokl\u00e1dan\u00e1 hodnota rekonstrukce se bude pohybovat v&nbsp;\u0159\u00e1du vy\u0161\u0161\u00edch stovek milion\u016f korun.<\/p>\r\n<p>\u200bSout\u011b\u017e\u00edc\u00ed ve dvoukolov\u00e9 mezin\u00e1rodn\u00ed sout\u011b\u017ei navrhovali podobu a&nbsp;funkci v\u0161ech prostranstv\u00ed mezi budovami, \u0159e\u0161ili nov\u00e9 vstupy a&nbsp;lep\u0161\u00ed napojen\u00ed are\u00e1lu na okol\u00ed, um\u00edst\u011bn\u00ed zelen\u011b, nov\u00fd mobili\u00e1\u0159 nebo vyu\u017eit\u00ed de\u0161\u0165ov\u00e9 vody. D\u016fle\u017eit\u00fdm krit\u00e9riem bylo zohledn\u011bn\u00ed ji\u017e existuj\u00edc\u00edho Masterplanu rozvoje are\u00e1lu a&nbsp;p\u0159ipom\u00ednek odboru pam\u00e1tkov\u00e9 p\u00e9\u010de. Sou\u010dasn\u011b bylo t\u0159eba vz\u00edt v&nbsp;\u00favahu v\u0161echny aspekty a&nbsp;pot\u0159eby m\u00edsta i&nbsp;jeho u\u017eivatel\u016f a&nbsp;n\u00e1v\u0161t\u011bvn\u00edk\u016f Tr\u017enice.<\/p>\r\n<p>\u200bV prvn\u00edm kole sout\u011b\u017ee \u0161lo prim\u00e1rn\u011b o&nbsp;koncep\u010dn\u00ed p\u0159\u00edstup k&nbsp;mo\u017enostem a&nbsp;p\u0159\u00edle\u017eitostem ve\u0159ejn\u00fdch prostranstv\u00ed Pra\u017esk\u00e9 tr\u017enice. \u00dakolem bylo rozvinout potenci\u00e1l Tr\u017enice jako obl\u00edben\u00e9ho m\u00edsta maloobchodu a&nbsp;gastronomie, m\u00edsta setk\u00e1v\u00e1n\u00ed, odpo\u010dinku i&nbsp;kreativity, m\u00edsta dostupn\u00e9ho, prostupn\u00e9ho, otev\u0159en\u00e9ho, bezpe\u010dn\u00e9ho a&nbsp;odoln\u00e9ho a&nbsp;m\u00edsta p\u0159\u00edstupn\u00e9ho \u2013 a\u0165 u\u017e pro rodiny s&nbsp;d\u011btmi, mlad\u00e9 i&nbsp;seniory nebo lidi s&nbsp;hendikepem, tak i&nbsp;pro v\u0161echny v\u0161echny p\u0159\u00edjmov\u00e9 skupiny obyvatel.<\/p>\r\n<p>\u200bV druh\u00e9 f\u00e1zi sout\u011b\u017ee \u0161lo o&nbsp;detailn\u011bj\u0161\u00ed a&nbsp;konkr\u00e9tn\u011bj\u0161\u00ed vypracov\u00e1n\u00ed n\u00e1vrhu. Do druh\u00e9ho kola postoupilo \u0161est studi\u00ed, jejich\u017e n\u00e1vrhy porota vyhodnotila jako ty s&nbsp;nejv\u011bt\u0161\u00edm potenci\u00e1lem pro jejich dal\u0161\u00ed dopracov\u00e1n\u00ed.<\/p>\r\n<p>\u200bSout\u011b\u017e byla a\u017e do zve\u0159ejn\u011bn\u00ed fin\u00e1ln\u00edch v\u00fdsledk\u016f anonymn\u00ed. Mezin\u00e1rodn\u00ed porota vyb\u00edrala celkem z&nbsp;osmn\u00e1cti n\u00e1vrh\u016f. Do sout\u011b\u017ee dorazily \u010dty\u0159i n\u00e1vrhy z&nbsp;\u010cesk\u00e9 republiky, \u010dty\u0159i z&nbsp;Holandsk\u00e9ho kr\u00e1lovstv\u00ed, dv\u011b studie v\u017edy z&nbsp;Ma\u010farska, Slovenska a&nbsp;It\u00e1lie, po jednom n\u00e1vrhu pak dorazilo ze Spojen\u00fdch st\u00e1t\u016f americk\u00fdch, \u010c\u00edny, Polska a&nbsp;Belgie.\u00a0<\/p>\r\n<p>\u200b<\/p>\r\n<p><br \/>\r\n<strong>1.&nbsp;m\u00edsto<\/strong><\/p>\r\n<p><strong>Architekt: Studio Perspektiv (Praha, \u010cesk\u00e1 republika)<\/strong><\/p>\r\n<p><strong>Autorsk\u00fd t\u00fdm: Ing. arch. Martin St\u00e1ra, Ing. arch. J\u00e1n Antal<\/strong><\/p>\r\n<p><strong>Spolupr\u00e1ce: kolektiv Perspektiv (Ing.arch. Silvia Snopkov\u00e1, Ing. arch. Sebastian Sticzay, Ing. arch. Jakub Herza, Ing. arch Tom\u00e1\u0161 Pavlakovi\u010d)<\/strong><\/p>\r\n<p><strong>koncepce zahradn\u00edch a&nbsp;krajin\u00e1\u0159sk\u00fdch \u00faprav \u2013 Perspektiv \u2013 Ing. Barbora Kuciakov\u00e1<\/strong><\/p>\r\n<p><strong>spolupr\u00e1ce na zahradn\u00edch a&nbsp;krajin\u00e1\u0159sk\u00fdch \u00faprav\u00e1ch \u2013 Ing. et. Bc. Radek Proke\u0161\u00a0<\/strong><\/p>\r\n<p><strong>koncepce m\u011bstsk\u00e9ho mobili\u00e1\u0159e \u2013 PhD. MgA. Eduard Herrmann &amp; MgA. Mat\u011bj Coufal\u00a0<\/strong><\/p>\r\n<p><strong>koncepce grafick\u00e9ho designu \u2013 Mat\u011bj Vojtu\u0161 &amp; Josef\u00edna Karl\u00edkov\u00e1<\/strong><\/p>\r\n<p>&nbsp;<\/p>\r\n<p>2.&nbsp;m\u00edsto<\/p>\r\n<p>Architekt: Between (Bratislava, Slovensko)\u00a0<\/p>\r\n<p>Autorsk\u00fd t\u00fdm: Katari\u0301na Fejo, Toma\u0301s\u030c Hana\u0301c\u030cek<\/p>\r\n<p>Spolupr\u00e1ce: Toma\u0301s\u030c Danko, Nata\u0301lia Markova\u0301, Zuzana Mihal\u030cova\u0301, Patrik Domanicky\u0301<\/p>\r\n<p>&nbsp;<\/p>\r\n<p>3.&nbsp;m\u00edsto<\/p>\r\n<p>Architekt: Boele (Praha, \u010cesko)<\/p>\r\n<p>Autorsk\u00fd t\u00fdm: Pavel Fajfr, Petr S\u030cuma, Ivan Gogola\u0301k, Luka\u0301s\u030c Grasse, Jan Soukup<\/p>\r\n<p>&nbsp;<\/p>\r\n<p>Dal\u0161\u00ed finalist\u00e9:<\/p>\r\n<p>ECHO Urban Design \u2013 Rotterdam, Nizozemsko<\/p>\r\n<p>PLURAL \u2013 Bratislava, Slovensko<\/p>\r\n<p>GUBAH\u00c1MORI \u2013 Budape\u0161\u0165, Ma\u010farsko<\/p>\r\n<p>&nbsp;<\/p>\r\n<p><strong>V\u0161echny sout\u011b\u017en\u00ed n\u00e1vrhy si m\u016f\u017eete prohl\u00e9dnout na v\u00fdstav\u011b Meziprostory Pra\u017esk\u00e9 tr\u017enice: v\u00fdstava v\u00fdsledk\u016f architektonick\u00e9 sout\u011b\u017ee v&nbsp;historick\u00e9 budov\u011b jate\u010dn\u00ed burzy.<\/strong><\/p>\r\n<p>13.&nbsp;4. \u2013 2.&nbsp;6.&nbsp;2022<br \/>\r\nOtev\u00edrac\u00ed doba v\u00fdstavy (budova historick\u00e9 burzy):<br \/>\r\npo\u2013p\u00e1 11.00\u201319.00<br \/>\r\nso 10.00\u201314.00<\/p>\r\n<p>&nbsp;<\/p>\r\n<p><strong>V\u00edce informac\u00ed o&nbsp;sout\u011b\u017ei najdete <a href=\"https:\/\/www.campuj.online\/blog\/praha-zitra-prazska-trznice-perspektiv?fbclid=IwAR1vqAY-BuYkKi8R6su5Hzef1_eFEPNal_e2UETLk5DcIt79xFJG3h5L4CM\">ZDE<\/a>.<\/strong><\/p>\r\n<p>&nbsp;<\/p>\r\n<p><img loading=\"lazy\" src=\"https:\/\/www.praha7.cz\/wp-content\/uploads\/2022\/04\/05-1500x846.jpg\" alt=\"\" width=\"640\" height=\"361\" class=\"alignnone wp-image-56608 size-large\" srcset=\"https:\/\/www.praha7.cz\/wp-content\/uploads\/2022\/04\/05-1500x846.jpg 1500w, https:\/\/www.praha7.cz\/wp-content\/uploads\/2022\/04\/05-600x338.jpg 600w, https:\/\/www.praha7.cz\/wp-content\/uploads\/2022\/04\/05-768x433.jpg 768w, https:\/\/www.praha7.cz\/wp-content\/uploads\/2022\/04\/05.jpg 1600w\" sizes=\"(max-width: 640px) 100vw, 640px\" \/><\/p>\r\n<p><img loading=\"lazy\" src=\"https:\/\/www.praha7.cz\/wp-content\/uploads\/2022\/04\/04-1500x848.jpg\" alt=\"\" width=\"640\" height=\"362\" class=\"alignnone wp-image-56607 size-large\" srcset=\"https:\/\/www.praha7.cz\/wp-content\/uploads\/2022\/04\/04-1500x848.jpg 1500w, https:\/\/www.praha7.cz\/wp-content\/uploads\/2022\/04\/04-600x339.jpg 600w, https:\/\/www.praha7.cz\/wp-content\/uploads\/2022\/04\/04-768x434.jpg 768w, https:\/\/www.praha7.cz\/wp-content\/uploads\/2022\/04\/04.jpg 1600w\" sizes=\"(max-width: 640px) 100vw, 640px\" \/><\/p>\r\n<p><img loading=\"lazy\" src=\"https:\/\/www.praha7.cz\/wp-content\/uploads\/2022\/04\/02-1500x840.jpg\" alt=\"\" width=\"640\" height=\"358\" class=\"alignnone size-large wp-image-56606\" srcset=\"https:\/\/www.praha7.cz\/wp-content\/uploads\/2022\/04\/02-1500x840.jpg 1500w, https:\/\/www.praha7.cz\/wp-content\/uploads\/2022\/04\/02-600x336.jpg 600w, https:\/\/www.praha7.cz\/wp-content\/uploads\/2022\/04\/02-768x430.jpg 768w, https:\/\/www.praha7.cz\/wp-content\/uploads\/2022\/04\/02.jpg 1600w\" sizes=\"(max-width: 640px) 100vw, 640px\" \/><\/p>\r\n<p><img loading=\"lazy\" src=\"https:\/\/www.praha7.cz\/wp-content\/uploads\/2022\/04\/01.jpg\" alt=\"\" width=\"720\" height=\"960\" class=\"alignnone size-full wp-image-56605\" srcset=\"https:\/\/www.praha7.cz\/wp-content\/uploads\/2022\/04\/01.jpg 720w, https:\/\/www.praha7.cz\/wp-content\/uploads\/2022\/04\/01-300x400.jpg 300w\" sizes=\"(max-width: 720px) 100vw, 720px\" \/><\/p>","protected":false},"excerpt":{"rendered":"[perex] Otev\u0159en\u00e1 mezin\u00e1rodn\u00ed architektonicko-krajin\u00e1\u0159sk\u00e1 sout\u011b\u017e na budouc\u00ed podobu ve\u0159ejn\u00fdch prostranstv\u00ed Pra\u017esk\u00e9 tr\u017enice m\u00e1 sv\u00e9ho v\u00edt\u011bze. Je j\u00edm pra\u017esk\u00e9 Studio Perspektiv architekt\u016f J\u00e1na Antala a&nbsp;Martina St\u00e1ry. Jejich n\u00e1vrh vybrala mezin\u00e1rodn\u00ed porota ze sout\u011b\u017en\u00edch prac\u00ed od celkem osmn\u00e1cti studi\u00ed z&nbsp;dev\u00edti zem\u00ed sv\u011bta. Volbu odborn\u00e9 poroty stvrdila Rada hlavn\u00edho m\u011bsta na sv\u00e9m pond\u011bln\u00edm zased\u00e1n\u00ed. [\/perex] \u201eAre\u00e1l Pra\u017esk\u00e9 tr\u017enice [&hellip;]","protected":false},"author":5,"featured_media":56604,"comment_status":"closed","ping_status":"open","sticky":false,"template":"","format":"standard","meta":[],"categories":[34],"tags":[],"_links":{"self":[{"href":"https:\/\/www.praha7.cz\/api\/wp\/v2\/posts\/56602"}],"collection":[{"href":"https:\/\/www.praha7.cz\/api\/wp\/v2\/posts"}],"about":[{"href":"https:\/\/www.praha7.cz\/api\/wp\/v2\/types\/post"}],"author":[{"embeddable":true,"href":"https:\/\/www.praha7.cz\/api\/wp\/v2\/users\/5"}],"replies":[{"embeddable":true,"href":"https:\/\/www.praha7.cz\/api\/wp\/v2\/comments?post=56602"}],"version-history":[{"count":5,"href":"https:\/\/www.praha7.cz\/api\/wp\/v2\/posts\/56602\/revisions"}],"predecessor-version":[{"id":56675,"href":"https:\/\/www.praha7.cz\/api\/wp\/v2\/posts\/56602\/revisions\/56675"}],"wp:featuredmedia":[{"embeddable":true,"href":"https:\/\/www.praha7.cz\/api\/wp\/v2\/media\/56604"}],"wp:attachment":[{"href":"https:\/\/www.praha7.cz\/api\/wp\/v2\/media?parent=56602"}],"wp:term":[{"taxonomy":"category","embeddable":true,"href":"https:\/\/www.praha7.cz\/api\/wp\/v2\/categories?post=56602"},{"taxonomy":"post_tag","embeddable":true,"href":"https:\/\/www.praha7.cz\/api\/wp\/v2\/tags?post=56602"}],"curies":[{"name":"wp","href":"https:\/\/api.w.org\/{rel}","templated":true}]}}