    
{"id":56597,"date":"2022-04-13T13:31:00","date_gmt":"2022-04-13T11:31:00","guid":{"rendered":"https:\/\/www.praha7.cz\/?p=56597"},"modified":"2022-04-13T13:35:09","modified_gmt":"2022-04-13T11:35:09","slug":"v-trznici-funguje-urad-prace-pro-ukrajinske-obcany-prchajici-pred-valkou","status":"publish","type":"post","link":"https:\/\/www.praha7.cz\/v-trznici-funguje-urad-prace-pro-ukrajinske-obcany-prchajici-pred-valkou\/","title":{"rendered":"V hole\u0161ovick\u00e9 tr\u017enici funguje \u00da\u0159ad pr\u00e1ce pro ukrajinsk\u00e9 ob\u010dany prchaj\u00edc\u00ed p\u0159ed v\u00e1lkou"},"content":{"rendered":"<p>[perex]<\/p>\r\n<p>Od pond\u011bl\u00ed 4.&nbsp;4.&nbsp;2022 funguje v&nbsp;are\u00e1lu Pra\u017esk\u00e9 tr\u017enice mimo\u0159\u00e1dn\u00e1 pobo\u010dka \u00da\u0159adu pr\u00e1ce, kter\u00e1 vy\u0159izuje \u017e\u00e1dosti o&nbsp;humanit\u00e1rn\u00ed p\u0159\u00edsp\u011bvek ukrajinsk\u00fdm ob\u010dan\u016fm prchaj\u00edc\u00edm p\u0159ed v\u00e1lkou.\u00a0\u00da\u0159ad s\u00eddl\u00ed v&nbsp;Hale 29 naproti divadlu Jatka78 a&nbsp;Penny Marketu, otv\u00edrac\u00ed doba pobo\u010dky je\u00a0v pond\u011bl\u00ed a&nbsp;ve st\u0159edu od 08:00 do 17:00 a&nbsp;v&nbsp;\u00fater\u00fd, \u010dtvrtek a&nbsp;p\u00e1tek od 08:00 do 14:00. V\u00edce informac\u00ed <a href=\"https:\/\/www.uradprace.cz\/documents\/37855\/2602597\/TZ_pracoviste_holesovice_duben2022.pdf\/1bba9de7-6030-e550-562a-6b62a7715a80\" target=\"_blank\" rel=\"noopener\">zde<\/a>.<\/p>\r\n<p>[\/perex]<\/p>","protected":false},"excerpt":{"rendered":"[perex] Od pond\u011bl\u00ed 4.&nbsp;4.&nbsp;2022 funguje v&nbsp;are\u00e1lu Pra\u017esk\u00e9 tr\u017enice mimo\u0159\u00e1dn\u00e1 pobo\u010dka \u00da\u0159adu pr\u00e1ce, kter\u00e1 vy\u0159izuje \u017e\u00e1dosti o&nbsp;humanit\u00e1rn\u00ed p\u0159\u00edsp\u011bvek ukrajinsk\u00fdm ob\u010dan\u016fm prchaj\u00edc\u00edm p\u0159ed v\u00e1lkou.\u00a0\u00da\u0159ad s\u00eddl\u00ed v&nbsp;Hale 29 naproti divadlu Jatka78 a&nbsp;Penny Marketu, otv\u00edrac\u00ed doba pobo\u010dky je\u00a0v pond\u011bl\u00ed a&nbsp;ve st\u0159edu od 08:00 do 17:00 a&nbsp;v&nbsp;\u00fater\u00fd, \u010dtvrtek a&nbsp;p\u00e1tek od 08:00 do 14:00. V\u00edce informac\u00ed zde. [\/perex]","protected":false},"author":97,"featured_media":56598,"comment_status":"closed","ping_status":"open","sticky":false,"template":"","format":"standard","meta":[],"categories":[34],"tags":[],"_links":{"self":[{"href":"https:\/\/www.praha7.cz\/api\/wp\/v2\/posts\/56597"}],"collection":[{"href":"https:\/\/www.praha7.cz\/api\/wp\/v2\/posts"}],"about":[{"href":"https:\/\/www.praha7.cz\/api\/wp\/v2\/types\/post"}],"author":[{"embeddable":true,"href":"https:\/\/www.praha7.cz\/api\/wp\/v2\/users\/97"}],"replies":[{"embeddable":true,"href":"https:\/\/www.praha7.cz\/api\/wp\/v2\/comments?post=56597"}],"version-history":[{"count":3,"href":"https:\/\/www.praha7.cz\/api\/wp\/v2\/posts\/56597\/revisions"}],"predecessor-version":[{"id":56601,"href":"https:\/\/www.praha7.cz\/api\/wp\/v2\/posts\/56597\/revisions\/56601"}],"wp:featuredmedia":[{"embeddable":true,"href":"https:\/\/www.praha7.cz\/api\/wp\/v2\/media\/56598"}],"wp:attachment":[{"href":"https:\/\/www.praha7.cz\/api\/wp\/v2\/media?parent=56597"}],"wp:term":[{"taxonomy":"category","embeddable":true,"href":"https:\/\/www.praha7.cz\/api\/wp\/v2\/categories?post=56597"},{"taxonomy":"post_tag","embeddable":true,"href":"https:\/\/www.praha7.cz\/api\/wp\/v2\/tags?post=56597"}],"curies":[{"name":"wp","href":"https:\/\/api.w.org\/{rel}","templated":true}]}}