    
{"id":56592,"date":"2022-04-13T12:49:55","date_gmt":"2022-04-13T10:49:55","guid":{"rendered":"https:\/\/www.praha7.cz\/?p=56592"},"modified":"2022-04-14T12:29:30","modified_gmt":"2022-04-14T10:29:30","slug":"podoba-vltavske-filharmonie-bude-znama-letos-v-kvetnu-nasledne-projekt-prevezme-prazska-developerska-spolecnost","status":"publish","type":"post","link":"https:\/\/www.praha7.cz\/podoba-vltavske-filharmonie-bude-znama-letos-v-kvetnu-nasledne-projekt-prevezme-prazska-developerska-spolecnost\/","title":{"rendered":"Podoba Vltavsk\u00e9 filharmonie bude zn\u00e1ma letos v&nbsp;kv\u011btnu"},"content":{"rendered":"<p>[perex]<\/p>\r\n<p>Ve\u0159ejnost by m\u011bla poznat v\u00edt\u011bzn\u00fd architektonick\u00fd n\u00e1vrh nov\u00e9ho koncertn\u00edho s\u00e1lu v&nbsp;Praze, kter\u00fd vybere porota v&nbsp;mezin\u00e1rodn\u00ed sout\u011b\u017ei, u\u017e letos v\u00a0kv\u011btnu. V\u00a0druh\u00e9 polovin\u011b roku pak za\u010dne projektov\u00e1 p\u0159\u00edprava vybran\u00e9ho n\u00e1vrhu, proto tak\u00e9 cel\u00fd z\u00e1m\u011br v\u00fdstavby Vltavsk\u00e9 filharmonie p\u0159evezme od Institutu pl\u00e1nov\u00e1n\u00ed a&nbsp;rozvoje hl. m. Prahy (IPR) p\u0159\u00edsp\u011bvkov\u00e1 organizace Pra\u017esk\u00e1 developersk\u00e1 spole\u010dnost (PDS), kter\u00e1 m\u00e1 s\u00a0projektov\u00e1n\u00edm bohat\u00e9 zku\u0161enosti.<\/p>\r\n<p>[\/perex]<\/p>\r\n<p>\u201eVltavsk\u00e1 filharmonie pro m\u011b bez nads\u00e1zky p\u0159edstavuje projekt stolet\u00ed. A&nbsp;s&nbsp;trochou nads\u00e1zky \u0159\u00edk\u00e1m, \u017ee slo\u017eit\u011bj\u0161\u00ed stavba je snad jen jadern\u00e1 elektr\u00e1rna. V\u011b\u0159\u00edm, \u017ee na\u0161e PDS zvl\u00e1dne zkoordinovat projek\u010dn\u00ed p\u0159\u00edpravu v\u010detn\u011b dal\u0161\u00edch velk\u00fdch z\u00e1m\u011br\u016f, kter\u00e9 se v&nbsp;okol\u00ed chystaj\u00ed. Tomu ov\u0161em bude p\u0159edch\u00e1zet pr\u00e1ce, na kterou se neskute\u010dn\u011b t\u011b\u0161\u00edm: v\u00fdb\u011br v\u00edt\u011bze mezi dvac\u00edtkou t\u00fdm\u016f z&nbsp;15 zem\u00ed sv\u011bta, mezi kter\u00fdmi nechyb\u00ed ta nejv\u011bt\u0161\u00ed esa a&nbsp;ikony sou\u010dasn\u00e9 architektury,\u201c \u0159\u00edk\u00e1 Petr Hlav\u00e1\u010dek, n\u00e1m\u011bstek prim\u00e1tora hl. m. Prahy pro oblast \u00fazemn\u00edho rozvoje a&nbsp;\u00fazemn\u00edho pl\u00e1nu.<\/p>\r\n<p>Institut pl\u00e1nov\u00e1n\u00ed a&nbsp;rozvoje hl. m. Prahy p\u0159ipravil a&nbsp;vedl celou \u00favodn\u00ed f\u00e1zi projektu Vltavsk\u00e9 filharmonie, kter\u00e1 nyn\u00ed vrchol\u00ed architektonickou sout\u011b\u017e\u00ed. Projekt nov\u00e9ho soudob\u00e9ho hudebn\u00edho centra u\u017e pro\u0161el studi\u00ed, kter\u00e1 potvrdila jeho pot\u0159ebnost, vybranou lokalitu, ekonomick\u00e9 parametry a&nbsp;koncept \u010dasov\u00e9ho a&nbsp;finan\u010dn\u00edho pl\u00e1nu z\u00e1m\u011bru.<\/p>\r\n<p>\u201eSe zve\u0159ejn\u011bn\u00edm v\u00edt\u011bzn\u00e9ho n\u00e1vrhu se projekt p\u0159esune do f\u00e1ze projektov\u00e9 dokumentace, co\u017e bude pom\u011brn\u011b tvrd\u00e1 a&nbsp;dlouhodob\u00e1 developersk\u00e1 pr\u00e1ce, kter\u00e1 skon\u010d\u00ed povolen\u00edm projektu,\u201c popisuje dal\u0161\u00ed postup Martin Krupauer, vedouc\u00ed projektov\u00e9ho t\u00fdmu Vltavsk\u00e1 filharmonie. V\u00a0p\u0159\u00ed\u0161t\u00edch letech bude nutn\u00e9 \u0159e\u0161it mnoho expertn\u00edch ot\u00e1zek v\u010detn\u011b zaji\u0161t\u011bn\u00ed konzulta\u010dn\u00edch a&nbsp;expertn\u00edch slu\u017eeb pro jednotliv\u00e9 d\u00edl\u010d\u00ed okruhy technick\u00e9 a&nbsp;provozn\u00ed problematiky.<\/p>\r\n<p>Kl\u00ed\u010dov\u00fdm \u00fakolem bude tak\u00e9 koordinace s\u00a0dal\u0161\u00edmi z\u00e1m\u011bry v\u00a0lokalit\u011b. Zm\u011bny \u010dekaj\u00ed nejen okol\u00ed stanice Vltavsk\u00e9 v\u010detn\u011b dopravn\u00edho \u0159e\u0161en\u00ed, ale i&nbsp;cel\u00e9ho rozvojov\u00e9ho \u00fazem\u00ed Bubny \u2013 Z\u00e1tory, kter\u00e9 \u0159e\u0161\u00ed \u00fazemn\u00ed studie. Vltavsk\u00e1 filharmonie se stane z\u00e1sadn\u00edm impulsem rozvoje a&nbsp;dominantou jednoho z\u00a0nejv\u011bt\u0161\u00edch pra\u017esk\u00fdch brownfield\u016f, kter\u00fd se zm\u011bn\u00ed v\u00a0novou m\u011bstskou \u010dtvr\u0165. \u201eVltavsk\u00e1 filharmonie pom\u016f\u017ee i&nbsp;rozvoji cel\u00e9ho \u0161ir\u0161\u00edho \u00fazem\u00ed, souvisej\u00ed s\u00a0n\u00ed i&nbsp;dal\u0161\u00ed pl\u00e1novan\u00e9 investice do dopravn\u00ed infrastruktury, jako nap\u0159\u00edklad v\u00fdstavba druh\u00e9ho severn\u00edho vestibulu metra Vltavsk\u00e1 nebo nov\u011b veden\u00e1 trasa tramvaje,\u201c dod\u00e1v\u00e1 Adam Scheinherr, n\u00e1m\u011bstek prim\u00e1tora pro oblast dopravy.<\/p>\r\n<p>Po dokon\u010den\u00ed projek\u010dn\u00ed f\u00e1ze p\u0159evezme z\u00e1m\u011br investi\u010dn\u00ed odbor Magistr\u00e1tu hl. m. Prahy, kter\u00fd za\u0161t\u00edt\u00ed samotnou v\u00fdstavbu. Nov\u011b vznikaj\u00edc\u00ed kulturn\u00ed centrum Vltavsk\u00e1 filharmonie bude disponovat n\u011bkolika s\u00e1ly se \u0161pi\u010dkovou akustikou a\u00a0dokonal\u00fdm prostorov\u00fdm \u0159e\u0161en\u00edm odpov\u00eddaj\u00edc\u00edm standard\u016fm 21.&nbsp;stolet\u00ed. Z\u00e1zem\u00ed zde naleznou oba v\u00fdznamn\u00e9 pra\u017esk\u00e9 orchestry \u2013 Symfonick\u00fd orchestr hlavn\u00edho m\u011bsta Prahy FOK a\u00a0\u010cesk\u00e1 filharmonie, d\u00e1le zde bude hudebn\u00ed odd\u011blen\u00ed M\u011bstsk\u00e9 knihovny a\u00a0dal\u0161\u00ed kreativn\u00ed prostory, zku\u0161ebny, hudebn\u00ed u\u010debny a\u00a0podobn\u011b.<\/p>\r\n<p>Mezin\u00e1rodn\u00ed sout\u011b\u017e o\u00a0novou podobu koncertn\u00edho s\u00e1lu vyhl\u00e1sil Institut pl\u00e1nov\u00e1n\u00ed a\u00a0rozvoje (IPR) spole\u010dn\u011b s\u00a0hlavn\u00edm m\u011bstem Prahou na konci srpna 2021. Do sout\u011b\u017ee se p\u0159ihl\u00e1silo celkem 115 t\u00fdm\u016f z\u00a025 zem\u00ed.\u00a0 Odborn\u00e1 porota za\u010dne 27.&nbsp;dubna vyb\u00edrat podobu budouc\u00ed filharmonie z\u00a0n\u00e1vrh\u016f t\u011bchto ateli\u00e9r\u016f: ALA + OV-A, MVRDV, OFFICE KGDVS + Christ &amp; Gantenbein, Mecanoo + CHYBIK+KRISTOF, Barozzi Veiga + Atelier M1, Sou Fujimoto Architects, Cobe + Lundgaard &amp; Tranberg Architects, \u0160\u00c9PKA ARCHITEKTI + MANGADO Y\u00a0ASOCIADOS, Foster + Partners, Bjarke Ingels Group, Henning Larsen Architects, Carrilho da Gra\u00e7a Arquitectos, JAJA Architects, Bevk Perovic Arhitekti a\u00a0Petr H\u00e1jek Architekti. Vybran\u00e1 studia doplnila p\u011btici \u00fa\u010dastn\u00edk\u016f, kter\u00e9 Praha v\u00a0srpnu k\u00a0vypracov\u00e1n\u00ed n\u00e1vrh\u016f p\u0159\u00edmo vyzvala. Jedn\u00e1 se o\u00a0mezin\u00e1rodn\u00ed architektonick\u00e1 studia ve slo\u017een\u00ed Diller Scofidio + Renfro, Sn\u00f8hetta, Ateliers Jean Nouvel, David Chipperfield Architects a\u00a0SANAA.\u00a0<\/p>","protected":false},"excerpt":{"rendered":"[perex] Ve\u0159ejnost by m\u011bla poznat v\u00edt\u011bzn\u00fd architektonick\u00fd n\u00e1vrh nov\u00e9ho koncertn\u00edho s\u00e1lu v&nbsp;Praze, kter\u00fd vybere porota v&nbsp;mezin\u00e1rodn\u00ed sout\u011b\u017ei, u\u017e letos v\u00a0kv\u011btnu. V\u00a0druh\u00e9 polovin\u011b roku pak za\u010dne projektov\u00e1 p\u0159\u00edprava vybran\u00e9ho n\u00e1vrhu, proto tak\u00e9 cel\u00fd z\u00e1m\u011br v\u00fdstavby Vltavsk\u00e9 filharmonie p\u0159evezme od Institutu pl\u00e1nov\u00e1n\u00ed a&nbsp;rozvoje hl. m. Prahy (IPR) p\u0159\u00edsp\u011bvkov\u00e1 organizace Pra\u017esk\u00e1 developersk\u00e1 spole\u010dnost (PDS), kter\u00e1 m\u00e1 s\u00a0projektov\u00e1n\u00edm bohat\u00e9 [&hellip;]","protected":false},"author":5,"featured_media":56594,"comment_status":"closed","ping_status":"open","sticky":false,"template":"","format":"standard","meta":[],"categories":[34],"tags":[],"_links":{"self":[{"href":"https:\/\/www.praha7.cz\/api\/wp\/v2\/posts\/56592"}],"collection":[{"href":"https:\/\/www.praha7.cz\/api\/wp\/v2\/posts"}],"about":[{"href":"https:\/\/www.praha7.cz\/api\/wp\/v2\/types\/post"}],"author":[{"embeddable":true,"href":"https:\/\/www.praha7.cz\/api\/wp\/v2\/users\/5"}],"replies":[{"embeddable":true,"href":"https:\/\/www.praha7.cz\/api\/wp\/v2\/comments?post=56592"}],"version-history":[{"count":3,"href":"https:\/\/www.praha7.cz\/api\/wp\/v2\/posts\/56592\/revisions"}],"predecessor-version":[{"id":56661,"href":"https:\/\/www.praha7.cz\/api\/wp\/v2\/posts\/56592\/revisions\/56661"}],"wp:featuredmedia":[{"embeddable":true,"href":"https:\/\/www.praha7.cz\/api\/wp\/v2\/media\/56594"}],"wp:attachment":[{"href":"https:\/\/www.praha7.cz\/api\/wp\/v2\/media?parent=56592"}],"wp:term":[{"taxonomy":"category","embeddable":true,"href":"https:\/\/www.praha7.cz\/api\/wp\/v2\/categories?post=56592"},{"taxonomy":"post_tag","embeddable":true,"href":"https:\/\/www.praha7.cz\/api\/wp\/v2\/tags?post=56592"}],"curies":[{"name":"wp","href":"https:\/\/api.w.org\/{rel}","templated":true}]}}