    
{"id":56583,"date":"2022-04-13T10:21:54","date_gmt":"2022-04-13T08:21:54","guid":{"rendered":"https:\/\/www.praha7.cz\/?p=56583"},"modified":"2022-05-02T15:27:20","modified_gmt":"2022-05-02T13:27:20","slug":"krajske-asistencni-centrum-pomoci-ukrajine-se-presune-od-14-4-do-vysocan","status":"publish","type":"post","link":"https:\/\/www.praha7.cz\/krajske-asistencni-centrum-pomoci-ukrajine-se-presune-od-14-4-do-vysocan\/","title":{"rendered":"Krajsk\u00e9 asisten\u010dn\u00ed centrum pomoci Ukrajin\u011b se p\u0159esune od 14.&nbsp;4.&nbsp;do Vyso\u010dan"},"content":{"rendered":"<p>[perex]<\/p>\r\n<p>Krizov\u00fd \u0161t\u00e1b hl. m. Prahy se na sv\u00e9m pravideln\u00e9m zased\u00e1n\u00ed op\u011bt zab\u00fdval aktu\u00e1ln\u00ed situac\u00ed v&nbsp;souvislosti s&nbsp;migra\u010dn\u00ed vlnou z&nbsp;Ukrajiny. \u010clenov\u00e9 \u0161t\u00e1bu projednali p\u0159esun Krajsk\u00e9ho asisten\u010dn\u00edho centra pomoci Ukrajin\u011b (KACPU) do Vyso\u010dan a&nbsp;i&nbsp;dnes se zab\u00fdvali ubytov\u00e1n\u00edm v\u011bt\u0161\u00edch skupin osob se specifick\u00fdmi pot\u0159ebami. KACPU se na n\u00e1m\u011bst\u00ed OSN v&nbsp;Praze 9 p\u0159esune od \u010dtvrtka 14.&nbsp;dubna 2022. V&nbsp;r\u00e1mci Velikonoc bude tak\u00e9 upravena provozn\u00ed doba.<\/p>\r\n<p>[\/perex]<\/p>\r\n<p>Nov\u00e9 s\u00eddlo KACPU ve Vyso\u010danech m\u00e1 za sebou pond\u011bln\u00ed \u00fasp\u011b\u0161n\u00fd zku\u0161ebn\u00ed provoz. Budovu hlavn\u00edmu m\u011bstu bezplatn\u011b zap\u016fj\u010dila na p\u016fl roku spole\u010dnost Central Group, co\u017e veden\u00ed metropole velice ocenilo.<\/p>\r\n<p>\u201e<em>P\u0159esun na\u0161eho asisten\u010dn\u00edho centra jsme rozlo\u017eili do v\u00edce dn\u00ed tak, aby co nejm\u00e9n\u011b naru\u0161il slu\u017eby, kter\u00e9 poskytujeme ukrajinsk\u00fdm uprchl\u00edk\u016fm. R\u00e1d bych pod\u011bkoval v\u0161em, kte\u0159\u00ed se na provozu i&nbsp;p\u0159esunu asisten\u010dn\u00edho centra pod\u00edlej\u00ed, a\u0165 u\u017e to jsou slo\u017eky z\u00e1chrann\u00e9ho syst\u00e9mu, \u00fa\u0159edn\u00edci, neziskov\u00e9 organizace, dobrovoln\u00edci nebo komer\u010dn\u00ed subjekty. D\u00edky jejich usilovn\u00e9 pr\u00e1ci se poda\u0159\u00ed dodr\u017eet z\u00e1vazek p\u0159est\u011bhovat se do 14.&nbsp;dubna, jak jsme sl\u00edbili. Z\u00e1rove\u0148 z\u016fstane zachov\u00e1n vysok\u00fd standard poskytovan\u00fdch slu\u017eeb<\/em>,\u201c\u00a0\u0159\u00edk\u00e1 prim\u00e1tor hl. m. Prahy Zden\u011bk H\u0159ib.<\/p>\r\n<p>V\u00a0r\u00e1mci p\u0159esunu a&nbsp;n\u00e1sledn\u00e9ho provozu KACPU ve Vyso\u010danech bude kladen d\u016fraz na to, aby nov\u00e9 lokalit\u011b nep\u0159ineslo centrum \u017e\u00e1dn\u00fd negativn\u00ed vliv. Krizov\u00fd \u0161t\u00e1b hl. m. Prahy z\u00e1rove\u0148 doporu\u010dil zajistit prostory men\u0161\u00edho odd\u011blen\u00e9ho pracovi\u0161t\u011b p\u0159\u00edmo na Magistr\u00e1tu hl. m. Prahy pro \u00fa\u010dely podpory vy\u0159izov\u00e1n\u00ed v\u00edz pro uprchl\u00edky. Z\u00e1rove\u0148 \u0161t\u00e1b jednal i\u00a0o p\u0159esunech v\u011bt\u0161\u00edch skupin osob se specifick\u00fdmi pot\u0159ebami s\u00a0t\u00edm, \u017ee je nutn\u00e1 kooperace s\u00a0jednotliv\u00fdmi slo\u017ekami st\u00e1tu p\u0159i jejich ubytov\u00e1n\u00ed v\u00a0odpov\u00eddaj\u00edc\u00edch podm\u00ednk\u00e1ch.<\/p>\r\n<p>Po\u010det odbaven\u00fdch lid\u00ed denn\u011b se podle statistik v\u00a0posledn\u00edch t\u00fddnech m\u011bn\u00ed jen nepatrn\u011b, za v\u010derej\u0161\u00ed den odbavilo centrum 1023 uprchl\u00edk\u016f a&nbsp;poskytlo ubytov\u00e1n\u00ed 78 lidem. Celkem pra\u017esk\u00e9 KACPU odbavilo ke v\u010derej\u0161\u00ed p\u016flnoci 70&nbsp;632 osob a&nbsp;ubytovalo 6&nbsp;069&nbsp;lid\u00ed. Podrobn\u011bj\u0161\u00ed detaily mohou lid\u00e9 nal\u00e9zt na webov\u00e9 platform\u011b Golemio <a href=\"https:\/\/golemio.cz\/insights\/statistiky-v-souvislosti-s-valkou-na-ukrajine\" target=\"_blank\" rel=\"noopener\">zde<\/a>.<\/p>\r\n<a href=\"https:\/\/www.praha7.cz\/wp-content\/uploads\/2022\/02\/A5_letak_ukrajina_asistencni_centrum_KCP_V21.pdf\" class=\"pdfemb-viewer\" style=\"\" data-width=\"max\" data-height=\"max\"  data-toolbar=\"bottom\" data-toolbar-fixed=\"off\">A5_letak_ukrajina_asistencni_centrum_KCP_V21<br\/><\/a>\r\n<p><em>Let\u00e1k ke sta\u017een\u00ed<\/em> <a href=\"https:\/\/www.praha7.cz\/wp-content\/uploads\/2022\/02\/A5_letak_ukrajina_asistencni_centrum_KCP_V21.pdf\" target=\"_blank\" rel=\"noopener\">zde<\/a>.<\/p>","protected":false},"excerpt":{"rendered":"[perex] Krizov\u00fd \u0161t\u00e1b hl. m. Prahy se na sv\u00e9m pravideln\u00e9m zased\u00e1n\u00ed op\u011bt zab\u00fdval aktu\u00e1ln\u00ed situac\u00ed v&nbsp;souvislosti s&nbsp;migra\u010dn\u00ed vlnou z&nbsp;Ukrajiny. \u010clenov\u00e9 \u0161t\u00e1bu projednali p\u0159esun Krajsk\u00e9ho asisten\u010dn\u00edho centra pomoci Ukrajin\u011b (KACPU) do Vyso\u010dan a&nbsp;i&nbsp;dnes se zab\u00fdvali ubytov\u00e1n\u00edm v\u011bt\u0161\u00edch skupin osob se specifick\u00fdmi pot\u0159ebami. KACPU se na n\u00e1m\u011bst\u00ed OSN v&nbsp;Praze 9 p\u0159esune od \u010dtvrtka 14.&nbsp;dubna 2022. V&nbsp;r\u00e1mci Velikonoc [&hellip;]","protected":false},"author":97,"featured_media":55131,"comment_status":"closed","ping_status":"open","sticky":false,"template":"","format":"standard","meta":[],"categories":[34],"tags":[],"_links":{"self":[{"href":"https:\/\/www.praha7.cz\/api\/wp\/v2\/posts\/56583"}],"collection":[{"href":"https:\/\/www.praha7.cz\/api\/wp\/v2\/posts"}],"about":[{"href":"https:\/\/www.praha7.cz\/api\/wp\/v2\/types\/post"}],"author":[{"embeddable":true,"href":"https:\/\/www.praha7.cz\/api\/wp\/v2\/users\/97"}],"replies":[{"embeddable":true,"href":"https:\/\/www.praha7.cz\/api\/wp\/v2\/comments?post=56583"}],"version-history":[{"count":6,"href":"https:\/\/www.praha7.cz\/api\/wp\/v2\/posts\/56583\/revisions"}],"predecessor-version":[{"id":57081,"href":"https:\/\/www.praha7.cz\/api\/wp\/v2\/posts\/56583\/revisions\/57081"}],"wp:featuredmedia":[{"embeddable":true,"href":"https:\/\/www.praha7.cz\/api\/wp\/v2\/media\/55131"}],"wp:attachment":[{"href":"https:\/\/www.praha7.cz\/api\/wp\/v2\/media?parent=56583"}],"wp:term":[{"taxonomy":"category","embeddable":true,"href":"https:\/\/www.praha7.cz\/api\/wp\/v2\/categories?post=56583"},{"taxonomy":"post_tag","embeddable":true,"href":"https:\/\/www.praha7.cz\/api\/wp\/v2\/tags?post=56583"}],"curies":[{"name":"wp","href":"https:\/\/api.w.org\/{rel}","templated":true}]}}