    
{"id":56518,"date":"2022-04-11T11:29:54","date_gmt":"2022-04-11T09:29:54","guid":{"rendered":"https:\/\/www.praha7.cz\/?p=56518"},"modified":"2022-04-11T14:47:55","modified_gmt":"2022-04-11T12:47:55","slug":"zvyhodnene-parkovani-v-centru-stromovka-pro-rezidenty-jiz-od-1800","status":"publish","type":"post","link":"https:\/\/www.praha7.cz\/zvyhodnene-parkovani-v-centru-stromovka-pro-rezidenty-jiz-od-1800\/","title":{"rendered":"Zv\u00fdhodn\u011bn\u00e9 parkov\u00e1n\u00ed v&nbsp;Centru Stromovka pro rezidenty ji\u017e od 18:00"},"content":{"rendered":"<p>[perex]<\/p>\r\n<p>V r\u00e1mci vyjednan\u00e9ho no\u010dn\u00edho parkov\u00e1n\u00ed v&nbsp;<a href=\"https:\/\/www.centrumstromovka.cz\/parkovani\/\" target=\"_blank\" rel=\"noopener\">Centru Stromovka<\/a> zde mohou nov\u011b \u0159idi\u010di ze Sedmi\u010dky zaparkovat za zv\u00fdhodn\u011bnou cenu ji\u017e od 18 hodin.\u00a0Tohoto re\u017eimu parkov\u00e1n\u00ed m\u016f\u017ee vyu\u017e\u00edt ka\u017ed\u00fd rezident Prahy\u00a07 s\u00a0platn\u00fdm parkovac\u00edm opr\u00e1vn\u011bn\u00edm do modr\u00fdch z\u00f3n, kter\u00fd si za\u0159\u00edd\u00ed parkovac\u00ed kartu do podzemn\u00edch gar\u00e1\u017e\u00ed obchodn\u00edho centra. Zv\u00fdhodn\u011bn\u00e9 parkov\u00e1n\u00ed je rezident\u016fm k\u00a0dispozici v\u00a0\u010dase od 18:00 do 9:00. Kompletn\u00ed informace <a href=\"https:\/\/www.praha7.cz\/rezidentske-parkovani-v-oc-stromovka\/\" target=\"_blank\" rel=\"noopener\">zde<\/a>.<\/p>\r\n<p>[\/perex]<\/p>","protected":false},"excerpt":{"rendered":"[perex] V&nbsp;r\u00e1mci vyjednan\u00e9ho no\u010dn\u00edho parkov\u00e1n\u00ed v&nbsp;Centru Stromovka zde mohou nov\u011b \u0159idi\u010di ze Sedmi\u010dky zaparkovat za zv\u00fdhodn\u011bnou cenu ji\u017e od 18 hodin.\u00a0Tohoto re\u017eimu parkov\u00e1n\u00ed m\u016f\u017ee vyu\u017e\u00edt ka\u017ed\u00fd rezident Prahy\u00a07 s\u00a0platn\u00fdm parkovac\u00edm opr\u00e1vn\u011bn\u00edm do modr\u00fdch z\u00f3n, kter\u00fd si za\u0159\u00edd\u00ed parkovac\u00ed kartu do podzemn\u00edch gar\u00e1\u017e\u00ed obchodn\u00edho centra. Zv\u00fdhodn\u011bn\u00e9 parkov\u00e1n\u00ed je rezident\u016fm k\u00a0dispozici v\u00a0\u010dase od 18:00 do 9:00. [&hellip;]","protected":false},"author":97,"featured_media":56519,"comment_status":"closed","ping_status":"open","sticky":false,"template":"","format":"standard","meta":[],"categories":[34],"tags":[],"_links":{"self":[{"href":"https:\/\/www.praha7.cz\/api\/wp\/v2\/posts\/56518"}],"collection":[{"href":"https:\/\/www.praha7.cz\/api\/wp\/v2\/posts"}],"about":[{"href":"https:\/\/www.praha7.cz\/api\/wp\/v2\/types\/post"}],"author":[{"embeddable":true,"href":"https:\/\/www.praha7.cz\/api\/wp\/v2\/users\/97"}],"replies":[{"embeddable":true,"href":"https:\/\/www.praha7.cz\/api\/wp\/v2\/comments?post=56518"}],"version-history":[{"count":2,"href":"https:\/\/www.praha7.cz\/api\/wp\/v2\/posts\/56518\/revisions"}],"predecessor-version":[{"id":56528,"href":"https:\/\/www.praha7.cz\/api\/wp\/v2\/posts\/56518\/revisions\/56528"}],"wp:featuredmedia":[{"embeddable":true,"href":"https:\/\/www.praha7.cz\/api\/wp\/v2\/media\/56519"}],"wp:attachment":[{"href":"https:\/\/www.praha7.cz\/api\/wp\/v2\/media?parent=56518"}],"wp:term":[{"taxonomy":"category","embeddable":true,"href":"https:\/\/www.praha7.cz\/api\/wp\/v2\/categories?post=56518"},{"taxonomy":"post_tag","embeddable":true,"href":"https:\/\/www.praha7.cz\/api\/wp\/v2\/tags?post=56518"}],"curies":[{"name":"wp","href":"https:\/\/api.w.org\/{rel}","templated":true}]}}