    
{"id":56484,"date":"2022-04-08T10:39:33","date_gmt":"2022-04-08T08:39:33","guid":{"rendered":"https:\/\/www.praha7.cz\/?p=56484"},"modified":"2022-04-12T10:46:33","modified_gmt":"2022-04-12T08:46:33","slug":"dobrovolnic-z-ukrajiny-vyrazi-uklizet-sedmicku","status":"publish","type":"post","link":"https:\/\/www.praha7.cz\/dobrovolnic-z-ukrajiny-vyrazi-uklizet-sedmicku\/","title":{"rendered":"Dobrovoln\u00edci z&nbsp;Ukrajiny vyraz\u00ed ukl\u00edzet Sedmi\u010dku"},"content":{"rendered":"<p>[perex]<\/p>\r\n<p>Uprchl\u00edci p\u0159ed v\u00e1lkou na Ukrajin\u011b, kte\u0159\u00ed na\u0161li pomoc a&nbsp;podporu v\u00a0Praze 7 i&nbsp;jin\u00fdch \u010d\u00e1stech hlavn\u00edho m\u011bsta, napl\u00e1novali na sobotu 9.&nbsp;4.&nbsp;dobrovolnickou \u00faklidovou akci. Podle organiz\u00e1tor\u016f se jedn\u00e1 o&nbsp;v\u00fdraz pod\u011bkov\u00e1n\u00ed v\u0161em, kte\u0159\u00ed lidem z\u00a0Ukrajiny ob\u011btav\u011b pom\u00e1haj\u00ed. Praha&nbsp;7 akci podpo\u0159\u00ed vybaven\u00edm na \u00faklid a&nbsp;odvozem odpadu, zapoj\u00ed se tak\u00e9 \u010de\u0161t\u00ed dobrovoln\u00edci.<\/p>\r\n<p>[\/perex]<\/p>\r\n<p><em>\u201eMarn\u011b na\u0161im nov\u00fdm ukrajinsk\u00fdm soused\u016fm vysv\u011btluji, \u017ee jsme jim vd\u011b\u010dn\u00ed, \u017ee za n\u00e1s a&nbsp;na\u0161i svobodu pr\u00e1v\u011b te\u010f na Ukrajin\u011b bojuj\u00ed jejich mu\u017ei, \u017eeny, brat\u0159i, sestry, otcov\u00e9 i&nbsp;matky. Nedaj\u00ed ale jinak a&nbsp;cht\u011bj\u00ed Praze pomoci, a&nbsp;tak budou v&nbsp;sobotu od 9 hodin ukl\u00edzet Prahu 7 a&nbsp;Prahu 10,\u201c<\/em> uvedl <em><strong>starosta Prahy&nbsp;7 Jan \u010ci\u017einsk\u00fd<\/strong><\/em>.<\/p>\r\n<p>\u00daklidov\u00e1 akce v\u00a0Praze 7 prob\u011bhne v\u00a0sobotu 9.&nbsp;4., dobrovoln\u00edci se budou sch\u00e1zet v\u00a09 hodin u&nbsp;prodejny \u017dabka na rohu ul. D\u011blnick\u00e1 a&nbsp;Komunard\u016f. Dal\u0161\u00ed \u00faklid se uskute\u010dn\u00ed ve stejn\u00fd den v\u00a0Praze 10.<\/p>\r\n<p><em>\u201e\u00daklid organizujeme na znamen\u00ed vd\u011b\u010dnosti za v\u0161echny na\u0161e lidi, kter\u00fdm se zde dostalo \u00fa\u017easn\u00e9ho p\u0159ijet\u00ed a&nbsp;velk\u00e9 pomoci. Chceme ud\u011blat alespo\u0148 n\u011bco na opl\u00e1tku,\u201c<\/em> \u0159ekla <em><strong>organiz\u00e1torka akce Marija<\/strong><\/em>, kter\u00e1 poch\u00e1z\u00ed z\u00a0Ukrajiny, v\u00a0Praze \u017eije ji\u017e n\u011bkolik let a&nbsp;nyn\u00ed siln\u011b pro\u017e\u00edv\u00e1 osudy sv\u00fdch krajan\u016f, kter\u00e9 sem vyhnala v\u00e1lka.<\/p>\r\n<p>Praha&nbsp;7 akci podpo\u0159\u00ed dod\u00e1n\u00edm pytl\u016f na odpadky a&nbsp;dal\u0161\u00edho vybaven\u00ed a&nbsp;z\u00e1rove\u0148 zajist\u00ed svoz sesb\u00edran\u00e9ho odpadu. Sedmi\u010dka rovn\u011b\u017e vytipov\u00e1v\u00e1 m\u00edsta, kam p\u016fjdou \u00fa\u010dastn\u00edci ukl\u00edzet. K\u00a0akci se krom\u011b lid\u00ed z\u00a0Ukrajiny pl\u00e1nuj\u00ed p\u0159idat tak\u00e9 \u010ce\u0161i, zapoj\u00ed se i&nbsp;starosta Prahy&nbsp;7 Jan \u010ci\u017einsk\u00fd. Organiz\u00e1to\u0159i na z\u00e1klad\u011b velk\u00e9ho z\u00e1jmu zva\u017euj\u00ed, \u017ee by v\u00a0podobn\u00fdch aktivit\u00e1ch pokra\u010dovali i&nbsp;na dal\u0161\u00edch m\u00edstech v&nbsp;Praze.<\/p>","protected":false},"excerpt":{"rendered":"[perex] Uprchl\u00edci p\u0159ed v\u00e1lkou na Ukrajin\u011b, kte\u0159\u00ed na\u0161li pomoc a&nbsp;podporu v\u00a0Praze 7 i&nbsp;jin\u00fdch \u010d\u00e1stech hlavn\u00edho m\u011bsta, napl\u00e1novali na sobotu 9.&nbsp;4.&nbsp;dobrovolnickou \u00faklidovou akci. Podle organiz\u00e1tor\u016f se jedn\u00e1 o&nbsp;v\u00fdraz pod\u011bkov\u00e1n\u00ed v\u0161em, kte\u0159\u00ed lidem z\u00a0Ukrajiny ob\u011btav\u011b pom\u00e1haj\u00ed. Praha&nbsp;7 akci podpo\u0159\u00ed vybaven\u00edm na \u00faklid a&nbsp;odvozem odpadu, zapoj\u00ed se tak\u00e9 \u010de\u0161t\u00ed dobrovoln\u00edci. [\/perex] \u201eMarn\u011b na\u0161im nov\u00fdm ukrajinsk\u00fdm soused\u016fm vysv\u011btluji, \u017ee [&hellip;]","protected":false},"author":5,"featured_media":56562,"comment_status":"closed","ping_status":"open","sticky":false,"template":"","format":"standard","meta":[],"categories":[34,74],"tags":[],"_links":{"self":[{"href":"https:\/\/www.praha7.cz\/api\/wp\/v2\/posts\/56484"}],"collection":[{"href":"https:\/\/www.praha7.cz\/api\/wp\/v2\/posts"}],"about":[{"href":"https:\/\/www.praha7.cz\/api\/wp\/v2\/types\/post"}],"author":[{"embeddable":true,"href":"https:\/\/www.praha7.cz\/api\/wp\/v2\/users\/5"}],"replies":[{"embeddable":true,"href":"https:\/\/www.praha7.cz\/api\/wp\/v2\/comments?post=56484"}],"version-history":[{"count":1,"href":"https:\/\/www.praha7.cz\/api\/wp\/v2\/posts\/56484\/revisions"}],"predecessor-version":[{"id":56487,"href":"https:\/\/www.praha7.cz\/api\/wp\/v2\/posts\/56484\/revisions\/56487"}],"wp:featuredmedia":[{"embeddable":true,"href":"https:\/\/www.praha7.cz\/api\/wp\/v2\/media\/56562"}],"wp:attachment":[{"href":"https:\/\/www.praha7.cz\/api\/wp\/v2\/media?parent=56484"}],"wp:term":[{"taxonomy":"category","embeddable":true,"href":"https:\/\/www.praha7.cz\/api\/wp\/v2\/categories?post=56484"},{"taxonomy":"post_tag","embeddable":true,"href":"https:\/\/www.praha7.cz\/api\/wp\/v2\/tags?post=56484"}],"curies":[{"name":"wp","href":"https:\/\/api.w.org\/{rel}","templated":true}]}}