    
{"id":56464,"date":"2022-04-07T16:15:21","date_gmt":"2022-04-07T14:15:21","guid":{"rendered":"https:\/\/www.praha7.cz\/?p=56464"},"modified":"2022-04-08T11:58:52","modified_gmt":"2022-04-08T09:58:52","slug":"na-ukrajinske-speciality-do-prazske-trznice-vari-je-lide-prchajici-pred-valkou","status":"publish","type":"post","link":"https:\/\/www.praha7.cz\/na-ukrajinske-speciality-do-prazske-trznice-vari-je-lide-prchajici-pred-valkou\/","title":{"rendered":"Na ukrajinsk\u00e9 speciality do Pra\u017esk\u00e9 tr\u017enice. Va\u0159\u00ed je lid\u00e9 prchaj\u00edc\u00ed p\u0159ed v\u00e1lkou"},"content":{"rendered":"<p>[perex]<\/p>\r\n<p>Ve foodtruckov\u00e9 z\u00f3n\u011b v&nbsp;Pra\u017esk\u00e9 tr\u017enici, kter\u00e1 zde funguje ji\u017e t\u0159et\u00ed sez\u00f3nu, zah\u00e1jil ve \u010dtvrtek 7.&nbsp;dubna 2022 provoz ukrajinsk\u00fd foodtruck. Ka\u017ed\u00fd den (krom\u011b ned\u011ble) od 11 do 20 hodin bude nab\u00edzet denn\u00ed menu slo\u017een\u00e9 z&nbsp;ukrajinsk\u00fdch specialit. P\u0159ipravuj\u00ed jej kucha\u0159ky, kter\u00e9 v&nbsp;Praze nalezly \u00fato\u010di\u0161t\u011b p\u0159ed v\u00e1lkou na Ukrajin\u011b. Ukrajinsk\u00fd foodtruck je spole\u010dnou iniciativou hlavn\u00edho m\u011bsta, Pra\u017esk\u00e9 tr\u017enice, nada\u010dn\u00edho fondu \u0160atn\u00edk Praha, kter\u00fd v&nbsp;Tr\u017enici s\u00eddl\u00ed, a&nbsp;provozovatele Food Truck Pointu.\u00a0<\/p>\r\n<p>[\/perex]<br \/>\r\n\u00a0<br \/>\r\nPan\u00ed Nadia p\u0159i zah\u00e1jen\u00ed provozu pro z\u00e1kazn\u00edky p\u0159ipravila tradi\u010dn\u00ed bor\u0161\u010d a\u00a0vareniky, do budoucna pl\u00e1nuje ve foodtrucku va\u0159it mimo jin\u00e9 \u201enaleszniky\u201c, speci\u00e1ln\u00ed pala\u010dinky\u00a0s r\u016fzn\u00fdmi n\u00e1pln\u011bmi, nap\u0159\u00edklad s&nbsp;ku\u0159ec\u00edm masem a&nbsp;\u017eampionovou om\u00e1\u010dkou nebo se s\u00fdrem a&nbsp;slaninou, a&nbsp;mnoho dal\u0161\u00edch autentick\u00fdch recept\u016f. Menu v&nbsp;ukrajinsk\u00e9m foodtrucku se bude denn\u011b obm\u011b\u0148ovat i&nbsp;v&nbsp;z\u00e1vislosti na tom, kdo bude zrovna va\u0159it.\u00a0\u00a0<br \/>\r\n\u00a0<br \/>\r\n<em>\u201eUkrajinsk\u00fd foodtruck je v\u00fdsledkem spolupr\u00e1ce m\u011bsta a&nbsp;dvou n\u00e1jemc\u016f Pra\u017esk\u00e9 tr\u017enice, nada\u010dn\u00edho fondu \u0160atn\u00edk a&nbsp;Food Truck Pointu, kte\u0159\u00ed pat\u0159\u00ed mezi symboly nov\u00fdch aktivit v&nbsp;are\u00e1lu a&nbsp;d\u016frazu na jeho otev\u0159enost a&nbsp;p\u0159\u00edstupnost pro v\u0161echny Pra\u017eany i&nbsp;n\u00e1v\u0161t\u011bvn\u00edky m\u011bsta. P\u0159eji si, aby se tato iniciativa stala p\u0159\u00edkladem zapojen\u00ed uprchl\u00edk\u016f do pracovn\u00edho \u017eivota v&nbsp;Praze, a&nbsp;v\u0161echny jm\u00e9nem hlavn\u00edho m\u011bsta zvu k&nbsp;n\u00e1v\u0161t\u011bv\u011b nejen foodtrucku, ale i&nbsp;cel\u00e9ho are\u00e1lu Tr\u017enice,\u201c<\/em>\u00a0\u0159\u00edk\u00e1 <strong>Pavel Vyhn\u00e1nek, n\u00e1m\u011bstek prim\u00e1tora hl. m. Prahy<\/strong> pro oblast financ\u00ed, kter\u00fd m\u00e1 Pra\u017eskou tr\u017enici ve sv\u00e9 gesci.<br \/>\r\n\u00a0<br \/>\r\nUkrajinsk\u00fd foodtruck d\u00e1v\u00e1 p\u0159\u00edle\u017eitost pracovat Ukrajink\u00e1m a&nbsp;Ukrajinc\u016fm, kte\u0159\u00ed na\u0161li \u00fato\u010di\u0161t\u011b p\u0159ed v\u00e1lkou pr\u00e1v\u011b v\u00a0Praze, a&nbsp;z\u00e1rove\u0148 m\u00e1 i&nbsp;charitativn\u00ed rozm\u011br. Z\u00e1kazn\u00edci, kte\u0159\u00ed se p\u0159ijdou naj\u00edst, mohou p\u0159edplatit porci j\u00eddla pot\u0159ebn\u00fdm. Provozovatel foodtrucku pak p\u0159edplacenou porci prom\u011bn\u00ed v&nbsp;pouk\u00e1zku, kterou bude m\u00edt k&nbsp;dispozici nada\u010dn\u00ed fond \u0160atn\u00edk. Ten ji pak uplatn\u00ed pro ty nejpot\u0159ebn\u011bj\u0161\u00ed klienty z&nbsp;Ukrajiny, kte\u0159\u00ed do \u0160atn\u00edku chod\u00ed pro materi\u00e1ln\u00ed pomoc, p\u0159\u00edpadn\u011b pro dobrovoln\u00edky a&nbsp;dobrovolnice z&nbsp;\u0159ad uprchl\u00edk\u016f, kte\u0159\u00ed v&nbsp;\u0160atn\u00edku pom\u00e1haj\u00ed.\u00a0\u00a0<br \/>\r\n\u00a0<br \/>\r\nKonkr\u00e9tn\u011b pan\u00ed Nadia, kter\u00e1 p\u0159ipravila menu v&nbsp;den zah\u00e1jen\u00ed provozu, p\u0159ijela do \u010cesk\u00e9 republiky ze Lvova hned druh\u00fd den v\u00e1lky se sv\u00fdm \u0161estn\u00e1ctilet\u00fdm synem, kter\u00fd by tu r\u00e1d pokra\u010doval ve studiu. D\u00edky dobrovolnick\u00e9 s\u00edti byli hned po p\u0159\u00edjezdu ubytovan\u00ed nejprve v\u00a0hotelu, nyn\u00ed bydl\u00ed v&nbsp;jednom pra\u017esk\u00e9m kl\u00e1\u0161te\u0159e v&nbsp;samostatn\u00e9m byt\u011b. Pan\u00ed Nadia na Ukrajin\u011b pracovala v&nbsp;gastronomick\u00e9 \u0161kole a&nbsp;s&nbsp;va\u0159en\u00edm m\u00e1 bohat\u00e9 zku\u0161enosti. Pr\u00e1ci si cht\u011bla naj\u00edt co nejd\u0159\u00edve a&nbsp;za tuto p\u0159\u00edle\u017eitost je dle sv\u00fdch slov velmi vd\u011b\u010dn\u00e1.\u00a0<\/p>\r\n<p><br \/>\r\n<img loading=\"lazy\" src=\"https:\/\/www.praha7.cz\/wp-content\/uploads\/2022\/04\/DSC07341-600x400.jpg\" alt=\"\" width=\"600\" height=\"400\" class=\"alignnone size-medium wp-image-56465\" srcset=\"https:\/\/www.praha7.cz\/wp-content\/uploads\/2022\/04\/DSC07341-600x400.jpg 600w, https:\/\/www.praha7.cz\/wp-content\/uploads\/2022\/04\/DSC07341-768x512.jpg 768w, https:\/\/www.praha7.cz\/wp-content\/uploads\/2022\/04\/DSC07341-1500x1000.jpg 1500w\" sizes=\"(max-width: 600px) 100vw, 600px\" \/>\u00a0<\/p>\r\n<p><br \/>\r\n<em>\u201eJe evidentn\u00ed, \u017ee podstatn\u00e1 \u010d\u00e1st lid\u00ed, kte\u0159\u00ed sem z&nbsp;Ukrajiny p\u0159ich\u00e1zej\u00ed, jsou lid\u00e9 v&nbsp;produktivn\u00edm v\u011bku a&nbsp;zkr\u00e1tka cht\u011bj\u00ed pracovat. Nesetk\u00e1v\u00e1me se s&nbsp;t\u00edm, \u017ee by se zaj\u00edmali o&nbsp;to, jak funguje zdej\u0161\u00ed soci\u00e1ln\u00ed syst\u00e9m, a&nbsp;\u010dekali by, jak\u00e9 dostanou d\u00e1vky. Naopak se aktivn\u011b zaj\u00edmaj\u00ed o&nbsp;to, kde se mohou zapojit a&nbsp;jak mohou co nejd\u0159\u00edve pracovat,\u201c\u00a0<\/em>popisuje svou dosavadn\u00ed zku\u0161enost <strong>Nora Fridrichov\u00e1, zakladatelka nada\u010dn\u00edho fondu \u0160atn\u00edk Praha<\/strong>, kter\u00fd v&nbsp;Tr\u017enici funguje ji\u017e druh\u00fdm rokem.\u00a0<br \/>\r\n\u00a0<br \/>\r\nOd vypuknut\u00ed v\u00e1le\u010dn\u00e9ho konfliktu na Ukrajin\u011b \u0160atn\u00edk distribuuje p\u0159\u00edchoz\u00edm uprchl\u00edk\u016fm materi\u00e1ln\u00ed pomoc, oble\u010den\u00ed, hra\u010dky pro d\u011bti, vybaven\u00ed dom\u00e1cnost\u00ed, hygienick\u00e9 pot\u0159eby apod. O&nbsp;tuto pomoc je velik\u00fd z\u00e1jem a&nbsp;denn\u011b si z&nbsp;\u0160atn\u00edku odn\u00e1\u0161\u00ed materi\u00e1ln\u00ed pomoc odhadem nejm\u00e9n\u011b 500&nbsp;lid\u00ed.\u00a0<br \/>\r\n\u00a0<br \/>\r\n<em>\u201eJe dob\u0159e, \u017ee i&nbsp;v&nbsp;t\u00e9to turbulentn\u00ed dob\u011b, kdy v&nbsp;Tr\u017enici teprve prob\u00edhaj\u00ed p\u0159\u00edpravy na r\u016fzn\u00e9 stavebn\u00ed pr\u00e1ce, jsme na\u0161li mo\u017enosti, d\u00edky kter\u00fdm m\u016f\u017eeme v&nbsp;sou\u010dasn\u00e9 situaci n\u011bjak pomoci. Od pond\u011bl\u00ed tu v&nbsp;Hale 29 funguje pobo\u010dka \u00da\u0159adu pr\u00e1ce, kter\u00e1 zprost\u0159edkov\u00e1v\u00e1 pracovn\u00ed nab\u00eddky p\u0159\u00edchoz\u00edm z&nbsp;Ukrajiny, a&nbsp;\u0160atn\u00edk Praha v&nbsp;Hale 13 odv\u00e1d\u00ed od vypuknut\u00ed konfliktu v\u00fdbornou pr\u00e1ci.\u00a0D\u00edky ob\u011bma t\u011bmto projekt\u016fm se tak\u00e9 v&nbsp;are\u00e1lu pohybuje mnoho Ukrajinek a&nbsp;Ukrajinc\u016f v\u010detn\u011b d\u011bt\u00ed a&nbsp;v\u011b\u0159\u00edm, \u017ee mo\u017enost d\u00e1t si tu jejich obl\u00edben\u00e1 j\u00eddla jim, by\u0165 v&nbsp;symbolick\u00e9 rovin\u011b, umo\u017en\u00ed c\u00edtit se tu zase o&nbsp;n\u011bco l\u00e9pe,\u201c<\/em>\u00a0dod\u00e1v\u00e1 k&nbsp;projektu ukrajinsk\u00e9ho foodtrucku p\u0159edseda p\u0159edstavenstva m\u011bstsk\u00e9 spole\u010dnosti V\u00fdstavi\u0161t\u011b a.s. <strong>Tom\u00e1\u0161 H\u00fcbl<\/strong>.\u00a0<br \/>\r\n\u00a0<br \/>\r\nPro leto\u0161n\u00ed t\u0159et\u00ed sezonu je cel\u00e1 z\u00f3na s&nbsp;ob\u010derstven\u00edm Food Truck Point nov\u011b p\u0159esunuta hned vedle zeleninov\u00e9ho trhu v&nbsp;Hale 22, s&nbsp;n\u00edm\u017e m\u00e1 t\u00e9\u017e spole\u010dn\u00e9 soci\u00e1ln\u00ed z\u00e1zem\u00ed pro n\u00e1v\u0161t\u011bvn\u00edky. Ka\u017ed\u00fd \u010dtvrtek,\u00a0kdy je provoz Haly 22 prodlou\u017een a\u017e do 19.00, nab\u00eddne Food Truck Point tak\u00e9 doprovodn\u00fd hudebn\u00ed program v&nbsp;podob\u011b koncert\u016f nebo d\u00fdd\u017eej\u016f. Foodtruckov\u00e1 z\u00f3na v\u010detn\u011b ukrajinsk\u00e9ho foodtrucku je v&nbsp;provozu od pond\u011bl\u00ed do soboty v\u017edy od 11.00 do 20.00.\u00a0<br \/>\r\n\u00a0<br \/>\r\nAktu\u00e1ln\u00ed d\u011bn\u00ed a&nbsp;program Pra\u017esk\u00e9 tr\u017enice najdete na str\u00e1nk\u00e1ch\u00a0<a href=\"http:\/\/www.prazska-trznice.cz\" target=\"_blank\" rel=\"noopener\">www.prazska-trznice.cz<\/a>.\u00a0\u00a0<\/p>","protected":false},"excerpt":{"rendered":"[perex] Ve foodtruckov\u00e9 z\u00f3n\u011b v&nbsp;Pra\u017esk\u00e9 tr\u017enici, kter\u00e1 zde funguje ji\u017e t\u0159et\u00ed sez\u00f3nu, zah\u00e1jil ve \u010dtvrtek 7.&nbsp;dubna 2022 provoz ukrajinsk\u00fd foodtruck. Ka\u017ed\u00fd den (krom\u011b ned\u011ble) od 11 do 20 hodin bude nab\u00edzet denn\u00ed menu slo\u017een\u00e9 z&nbsp;ukrajinsk\u00fdch specialit. P\u0159ipravuj\u00ed jej kucha\u0159ky, kter\u00e9 v&nbsp;Praze nalezly \u00fato\u010di\u0161t\u011b p\u0159ed v\u00e1lkou na Ukrajin\u011b. Ukrajinsk\u00fd foodtruck je spole\u010dnou iniciativou hlavn\u00edho m\u011bsta, Pra\u017esk\u00e9 [&hellip;]","protected":false},"author":251,"featured_media":56466,"comment_status":"closed","ping_status":"open","sticky":false,"template":"","format":"standard","meta":[],"categories":[34],"tags":[],"_links":{"self":[{"href":"https:\/\/www.praha7.cz\/api\/wp\/v2\/posts\/56464"}],"collection":[{"href":"https:\/\/www.praha7.cz\/api\/wp\/v2\/posts"}],"about":[{"href":"https:\/\/www.praha7.cz\/api\/wp\/v2\/types\/post"}],"author":[{"embeddable":true,"href":"https:\/\/www.praha7.cz\/api\/wp\/v2\/users\/251"}],"replies":[{"embeddable":true,"href":"https:\/\/www.praha7.cz\/api\/wp\/v2\/comments?post=56464"}],"version-history":[{"count":3,"href":"https:\/\/www.praha7.cz\/api\/wp\/v2\/posts\/56464\/revisions"}],"predecessor-version":[{"id":56491,"href":"https:\/\/www.praha7.cz\/api\/wp\/v2\/posts\/56464\/revisions\/56491"}],"wp:featuredmedia":[{"embeddable":true,"href":"https:\/\/www.praha7.cz\/api\/wp\/v2\/media\/56466"}],"wp:attachment":[{"href":"https:\/\/www.praha7.cz\/api\/wp\/v2\/media?parent=56464"}],"wp:term":[{"taxonomy":"category","embeddable":true,"href":"https:\/\/www.praha7.cz\/api\/wp\/v2\/categories?post=56464"},{"taxonomy":"post_tag","embeddable":true,"href":"https:\/\/www.praha7.cz\/api\/wp\/v2\/tags?post=56464"}],"curies":[{"name":"wp","href":"https:\/\/api.w.org\/{rel}","templated":true}]}}