    
{"id":56384,"date":"2022-04-05T15:35:14","date_gmt":"2022-04-05T13:35:14","guid":{"rendered":"https:\/\/www.praha7.cz\/?p=56384"},"modified":"2022-04-05T16:22:48","modified_gmt":"2022-04-05T14:22:48","slug":"zeleninovy-trh-v-prazske-trznici-hala-22-se-otevre-pro-verejnost-i-ve-vecernich-hodinach","status":"publish","type":"post","link":"https:\/\/www.praha7.cz\/zeleninovy-trh-v-prazske-trznici-hala-22-se-otevre-pro-verejnost-i-ve-vecernich-hodinach\/","title":{"rendered":"Zeleninov\u00fd trh v&nbsp;Pra\u017esk\u00e9 tr\u017enici (Hala 22) se otev\u0159e pro ve\u0159ejnost i&nbsp;ve ve\u010dern\u00edch hodin\u00e1ch"},"content":{"rendered":"<p>[perex]<\/p>\r\n<p>Nejv\u011bt\u0161\u00ed <a href=\"https:\/\/www.prazska-trznice.cz\/zeleninovy-trh\" target=\"_blank\" rel=\"noopener\">zeleninov\u00fd trh<\/a> v&nbsp;Praze, Hala 22 v&nbsp;Pra\u017esk\u00e9 tr\u017enici v&nbsp;Hole\u0161ovic\u00edch, bude m\u00edt od dubna ka\u017ed\u00fd \u010dtvrtek otev\u0159eno a\u017e do 19.00. Dosud je trh ve v\u0161edn\u00ed dny otev\u0159en\u00fd od 8.00 do 17.00. Prodlou\u017eenou otev\u00edrac\u00ed dobou, prozat\u00edm jeden den v&nbsp;t\u00fddnu, vych\u00e1z\u00ed veden\u00ed Pra\u017esk\u00e9 tr\u017enice vst\u0159\u00edc popt\u00e1vce z\u00e1kazn\u00edk\u016f. Krom\u011b ve\u010dern\u00edho trhu bude ka\u017ed\u00fd \u010dtvrtek od 7.&nbsp;dubna na programu tak\u00e9 paraleln\u00ed venkovn\u00ed trh a&nbsp;provoz zah\u00e1j\u00ed i&nbsp;foodtruckov\u00e1 z\u00f3na s&nbsp;ob\u010derstven\u00edm um\u00edst\u011bn\u00e1 p\u0159\u00edmo vedle Haly 22.\u00a0<\/p>\r\n<p>[\/perex]<\/p>\r\n<p>Pr\u00e1v\u011b na za\u010d\u00e1tku jarn\u00ed zelin\u00e1\u0159sk\u00e9 sezony p\u0159ich\u00e1z\u00ed Pra\u017esk\u00e1 tr\u017enice s&nbsp;dlouho o\u010dek\u00e1vanou novinkou \u2013 s&nbsp;prodlou\u017een\u00edm otev\u00edrac\u00ed doby zeleninov\u00e9ho trhu v&nbsp;Hale 22 do sedm\u00e9 ve\u010dern\u00ed, prozat\u00edm v\u017edy ve \u010dtvrtek. Krom\u011b trhu uvnit\u0159 v\u00a0Hale 22 na n\u00e1v\u0161t\u011bvn\u00edky \u010dekaj\u00ed i&nbsp;venkovn\u00ed trhy pod \u0161ir\u00fdm nebem a&nbsp;mo\u017enost ob\u010derstvit se v&nbsp;n\u011bkter\u00e9m z&nbsp;p\u0159ilehl\u00fdch foodtruck\u016f s&nbsp;k\u00e1vou, j\u00eddlem nebo pestrou nab\u00eddkou \u0159emesln\u00fdch pivovar\u016f.\u00a0<\/p>\r\n<p>\u201e<em>Hala 22 je jist\u011b jedn\u00edm z&nbsp;nejd\u016fle\u017eit\u011bj\u0161\u00edch m\u00edst v&nbsp;Tr\u017enici. Dlouh\u00e1 tradice zeleninov\u00e9ho trhu sem st\u00e1le p\u0159iv\u00e1d\u00ed mno\u017estv\u00ed n\u00e1v\u0161t\u011bvn\u00edk\u016f, ale jak v\u00edme z&nbsp;pr\u016fzkum\u016f, \u0159ad\u011b z&nbsp;nich chyb\u00ed mo\u017enost nakupovat a\u017e po pracovn\u00ed dob\u011b. Prodlou\u017een\u00edm \u010dtvrte\u010dn\u00ed otv\u00edrac\u00ed doby do 19.00 vych\u00e1z\u00edme vst\u0159\u00edc pr\u00e1v\u011b t\u011bmto po\u017eadavk\u016fm. V\u011b\u0159\u00edme, \u017ee v&nbsp;kombinaci s&nbsp;venkovn\u00edm trhem a&nbsp;inovovanou gastroz\u00f3nou p\u0159in\u00e1\u0161\u00edme o\u010dek\u00e1van\u00e9 zlep\u0161en\u00ed, jak pro nakupuj\u00edc\u00ed, tak pro na\u0161e trhovce d\u00edky zv\u00fd\u0161en\u00e9 n\u00e1v\u0161t\u011bvnosti, a&nbsp;tedy i&nbsp;vy\u0161\u0161\u00edm tr\u017eb\u00e1m<\/em>,\u201c \u0159\u00edk\u00e1 Tom\u00e1\u0161 H\u00fcbl, p\u0159edseda p\u0159edstavenstva m\u011bstsk\u00e9 spole\u010dnosti V\u00fdstavi\u0161t\u011b Praha, kter\u00e1 aktu\u00e1ln\u011b p\u0159eb\u00edr\u00e1 spr\u00e1vu i&nbsp;nad are\u00e1lem Pra\u017esk\u00e9 tr\u017enice.\u00a0\u00a0\u00a0<\/p>\r\n<p>Prvn\u00ed ve\u010dern\u00ed trh se odehraje ji\u017e 7.&nbsp;dubna a&nbsp;z\u00e1kazn\u00edci se mohou t\u011b\u0161it na bohat\u00fd v\u00fdb\u011br \u010derstv\u00e9 zeleniny a&nbsp;ovoce od lok\u00e1ln\u00edch p\u011bstitel\u016f i&nbsp;zelin\u00e1\u0159\u016f, v\u010detn\u011b prvn\u00edch sazenic zeleniny, kv\u011btin a&nbsp;bylinek pro v\u0161echny m\u011bstsk\u00e9 zahr\u00e1dk\u00e1\u0159e.\u00a0<\/p>\r\n<p>Ve\u010dern\u00edho trhu se \u00fa\u010dastn\u00ed na dv\u011b des\u00edtky prodejc\u016f, krom\u011b ovoce a&nbsp;zeleniny sortiment nab\u00eddne hov\u011bz\u00ed a&nbsp;vep\u0159ov\u00e9 maso v&nbsp;biokvalit\u011b, farm\u00e1\u0159sk\u00e9 s\u00fdry a&nbsp;uzeniny, ku\u0159ata a&nbsp;vejce z&nbsp;voln\u00e9ho v\u00fdb\u011bhu, \u0159emesln\u00e9 pe\u010divo a&nbsp;z\u00e1kusky, bio a&nbsp;bezobalov\u00e9 potraviny, kv\u011btiny, vyhl\u00e1\u0161en\u00e9 kimchi nebo \u0159eck\u00e9 \u010di uzbeck\u00e9 speciality.\u00a0<\/p>\r\n<p>Ve stejn\u00fd den venku p\u0159ed Halou 22 vypukne od 15.00 tak\u00e9 venkovn\u00ed trh, na kter\u00e9m se p\u0159edstav\u00ed dal\u0161\u00ed drobn\u00ed podnikatel\u00e9 a&nbsp;akt\u00e9\u0159i p\u016fsob\u00edc\u00ed v&nbsp;Pra\u017esk\u00e9 tr\u017enici v&nbsp;kamenn\u00fdch provozovn\u00e1ch. Na venkovn\u00edm trhu bude zastoupena keramika, lu\u010dn\u00ed kv\u011btiny, byliny a&nbsp;\u010daje v\u010detn\u011b \u010derstv\u00fdch aloe vera list\u016f, \u010derstv\u00e9 t\u011bstoviny, salsy a&nbsp;pa\u0161tiky, sladkosti i&nbsp;\u0161irok\u00fd v\u00fdb\u011br rostlinn\u00fdch specialit a&nbsp;delikates. Neziskov\u00e1 organizace Kokoza, s\u00eddl\u00edc\u00ed v&nbsp;Pra\u017esk\u00e9 tr\u017enici, p\u0159edstav\u00ed sv\u00e9 kompost\u00e9ry pro dom\u00e1c\u00ed vyu\u017eit\u00ed a&nbsp;dal\u0161\u00ed n\u00e1\u010din\u00ed, sortiment dopln\u00ed d\u00e1le t\u0159eba ru\u010dn\u011b pleten\u00e9 ko\u0161\u00edky a&nbsp;produkty z&nbsp;levandule nebo tematick\u00e9 jarn\u00ed a&nbsp;velikono\u010dn\u00ed dekorace.\u00a0<\/p>\r\n<p>Sou\u010dasn\u011b s\u00a0prodlou\u017een\u00fdm vnit\u0159n\u00edm a&nbsp;venkovn\u00edm trhem zah\u00e1j\u00ed ji\u017e t\u0159et\u00ed sezonu provozu v&nbsp;tr\u017enici foodtruckov\u00e1 z\u00f3na s&nbsp;ob\u010derstven\u00edm, Food Truck Point, kter\u00fd se nov\u011b p\u0159esouv\u00e1 p\u0159\u00edmo do uli\u010dky vedle Haly 22. Food Truck Point bude m\u00edt otev\u0159eno ka\u017ed\u00fd den krom\u011b ned\u011ble od 11.00 do 20.00 a&nbsp;ka\u017ed\u00fd \u010dtvrtek ve\u010der nab\u00eddne tak\u00e9 doprovodn\u00fd hudebn\u00ed program. Od kv\u011btna se p\u0159ed Halu 22 vr\u00e1t\u00ed i&nbsp;obl\u00edben\u00e1 st\u0159ede\u010dn\u00ed odpoledn\u00ed divadeln\u00ed p\u0159edstaven\u00ed pro d\u011bti a&nbsp;jejich rodi\u010de ve spolupr\u00e1ci s&nbsp;divadeln\u00edm studiem Dam\u00faza.\u00a0<\/p>\r\n<p><strong>Aktu\u00e1ln\u011b o&nbsp;Pra\u017esk\u00e9 tr\u017enici\u00a0<\/strong><\/p>\r\n<p>Pra\u017esk\u00e1 tr\u017enice pr\u00e1v\u011b p\u0159ech\u00e1z\u00ed pod spr\u00e1vu m\u011bstsk\u00e9 akciov\u00e9 spole\u010dnosti V\u00fdstavi\u0161t\u011b Praha a. s., kter\u00e1 bude n\u00e1sledn\u011b pokra\u010dovat v&nbsp;zapo\u010dat\u00e9 pr\u00e1ci na revitalizaci a&nbsp;rekonstrukci cel\u00e9ho are\u00e1lu a&nbsp;na jeho postupn\u00e9m napl\u0148ov\u00e1n\u00ed nov\u00fdm \u017eivotem.\u00a0V nejbli\u017e\u0161\u00ed dob\u011b bude tak\u00e9 zn\u00e1m v\u00edt\u011bz mezin\u00e1rodn\u00ed architektonicko-krajin\u00e1\u0159sk\u00e9 sout\u011b\u017ee na \u0159e\u0161en\u00ed ve\u0159ejn\u00fdch prostranstv\u00ed are\u00e1lu.\u00a0<\/p>\r\n<p>Tr\u017enice postupn\u011b o\u017e\u00edv\u00e1 bohat\u00fdm kulturn\u00edm programem, aktu\u00e1ln\u011b je nap\u0159\u00edklad v&nbsp;hale 17 k&nbsp;vid\u011bn\u00ed popul\u00e1rn\u00ed nau\u010dn\u00e1 v\u00fdstava <a href=\"https:\/\/www.artmovement.cz\/svety-ceske-animace\/\" target=\"_blank\" rel=\"noopener\">Sv\u011bty \u010desk\u00e9 animace<\/a>, kter\u00e1 zde vyst\u0159\u00eddala v\u00fdtvarn\u00fd projekt brat\u0159\u00ed Forman\u016f Imagin\u00e1rium. Ji\u017e pot\u0159et\u00ed bude letos are\u00e1l hostit tak\u00e9 pra\u017esk\u00fd <a href=\"https:\/\/mbpfw.com\/\" target=\"_blank\" rel=\"noopener\">Mercedes-Benz Prague Fashion Week<\/a> a&nbsp;pravideln\u00fd kulturn\u00ed program zaji\u0161\u0165uj\u00ed tak\u00e9 zaveden\u00ed n\u00e1jemci are\u00e1lu, <a href=\"https:\/\/trafogallery.cz\/\" target=\"_blank\" rel=\"noopener\">Trafo Gallery<\/a> nebo divadlo <a href=\"http:\/\/www.jatka78.cz\/\" target=\"_blank\" rel=\"noopener\">Jatka 78<\/a>.\u00a0\u00a0<\/p>\r\n<p>Novinkou v&nbsp;are\u00e1lu jsou t\u00e9\u017e aktu\u00e1ln\u00ed formy pomoci ukrajinsk\u00fdm ob\u010dan\u016fm prchaj\u00edc\u00edm p\u0159ed v\u00e1lkou, nov\u011b vznikl\u00fd mimo\u0159\u00e1dn\u00fd \u00da\u0159ad pr\u00e1ce v&nbsp;hale \u010d. 29 nebo <a href=\"https:\/\/www.satnikpraha.cz\/\" target=\"_blank\" rel=\"noopener\">\u0160atn\u00edk<\/a> Nory Fridrichov\u00e9, kam rodiny uprchl\u00edk\u016f z&nbsp;Ukrajiny mohou chodit pro materi\u00e1ln\u00ed pomoc, oble\u010den\u00ed, hra\u010dky pro d\u011bti a&nbsp;dal\u0161\u00ed pot\u0159eby.\u00a0<\/p>\r\n<p>Aktu\u00e1ln\u00ed d\u011bn\u00ed a&nbsp;program Pra\u017esk\u00e9 tr\u017enice najdete na str\u00e1nk\u00e1ch: <a href=\"https:\/\/www.prazska-trznice.cz\/\" target=\"_blank\" rel=\"noopener\">www.prazska-trznice.cz<\/a>.\u00a0\u00a0<\/p>\r\n<p><strong>Seznam trhovc\u016f v&nbsp;Hale 22 a&nbsp;na venkovn\u00edm trhu 7.&nbsp;dubna:\u00a0<\/strong><\/p>\r\n<p><span style=\"text-decoration: underline;\">Hala 22\u00a0<\/span><\/p>\r\n<p>Ba\u010dova sala\u0161 \u2013 dom\u00e1c\u00ed slovensk\u00e9 s\u00fdry a&nbsp;uzeniny\u00a0<br \/>\r\nFelicity food \u2013 z\u00e1kusky, oblo\u017een\u00e9 croissanty, chleb\u00ed\u010dky<br \/>\r\nPan Nedv\u011bd \u2013 kim\u010di, ovoce, zelenina<br \/>\r\nPan Svoboda \u2013 ovoce, zelenina<br \/>\r\nPetr\u016fv Bioobch\u016fdek \u2013 potraviny, bezobalov\u00e9 produkty, drogerie<br \/>\r\nEleganzo \u2013 lah\u016fdky z&nbsp;cel\u00e9ho sv\u011bta\u00a0<br \/>\r\nAvok\u00e1do \u2013 ovoce, zelenina\u00a0<br \/>\r\nPan\u00ed Voslachkov\u00e1 \u2013 ovoce, zelenina, \u0159eck\u00e9 speciality<br \/>\r\nPan By\u0161ka \u2013 sadba, kv\u011btiny<br \/>\r\nPan\u00ed Kuberov\u00e1 \u2013 kv\u011btiny, substr\u00e1ty, sadba<br \/>\r\nMor\u00e1vek \u2013 biohov\u011bz\u00ed, vep\u0159ov\u00e9<br \/>\r\nAmib \u2013 uzbeck\u00e9 speciality a&nbsp;dezerty\u00a0<br \/>\r\nPan\u00ed Krausov\u00e1 \u2013 pe\u010divo sladk\u00e9 i&nbsp;slan\u00e9\u00a0<br \/>\r\nAnd\u011blsk\u00e9 kol\u00e1\u010dky \u2013 pe\u010divo sladk\u00e9 i&nbsp;slan\u00e9\u00a0<br \/>\r\nPan Vy\u0161ata \u2013 jablka, hru\u0161ky, mo\u0161ty\u00a0<br \/>\r\nPan Kvarda \u2013 uzeniny\u00a0<br \/>\r\nPan Dr\u00e1bek \u2013 vlastn\u00ed \u00faroda<br \/>\r\n\u00a0<\/p>\r\n<p><span style=\"text-decoration: underline;\">Venku p\u0159ed Halou 22<\/span><\/p>\r\n<p>Keramika Luk\u00e1\u0161 Milota<br \/>\r\nKokoza \u2013 kompost\u00e9ry a&nbsp;n\u00e1\u0159ad\u00ed<br \/>\r\nMiluju maso \u2013 farm\u00e1\u0159sk\u00e1 ku\u0159ata<br \/>\r\nMoje Aloe \u2013 \u010derstv\u00e9 listy aloe<br \/>\r\nV\u00e1zan\u00e9 kv\u011btiny z&nbsp;D\u0159\u00eds<br \/>\r\nZdislava Tea \u2013 bylinky a&nbsp;\u010daje<br \/>\r\nVala\u0161sk\u00e1 diakonick\u00e1<br \/>\r\nWaipawa food \u2013 vegansk\u00e1 j\u00eddla ve skle<br \/>\r\nUnrestfoods \u2013 rostlinn\u00e9 delikatesy<br \/>\r\nPolabsk\u00fd Grunt \u2013 \u010derstv\u00e9 t\u011bstoviny, salsy a&nbsp;pa\u0161tiky<br \/>\r\nS\u00f3jov\u00e9 sv\u00ed\u010dky a&nbsp;velikono\u010dn\u00ed v\u011bnce<br \/>\r\nArm\u00e9nsk\u00e9 speciality \u2013\u0161a\u0161lik na ohni, cukr\u00e1\u0159sk\u00e9 v\u00fdrobky<br \/>\r\nWild and coco \u2013 kokosov\u00e9 produkty, ekon\u00e1dob\u00ed\u00a0<br \/>\r\nBa\u010dova sala\u0161 \u2013 slovensk\u00e9 s\u00fdry, uzeniny a&nbsp;v\u00edna<br \/>\r\nLevandulov\u00e1.cz \u2013 levandule a&nbsp;prout\u011bn\u00e9 ko\u0161\u00edky<br \/>\r\nNATU \u2013 zdrav\u00e1 v\u00fd\u017eiva a&nbsp;rostlinn\u00e9 produkty<\/p>\r\n<p><img loading=\"lazy\" src=\"https:\/\/www.praha7.cz\/wp-content\/uploads\/2022\/04\/hala-22.jpg\" alt=\"\" width=\"1174\" height=\"919\" class=\"alignnone wp-image-56386 size-full\" srcset=\"https:\/\/www.praha7.cz\/wp-content\/uploads\/2022\/04\/hala-22.jpg 1174w, https:\/\/www.praha7.cz\/wp-content\/uploads\/2022\/04\/hala-22-511x400.jpg 511w, https:\/\/www.praha7.cz\/wp-content\/uploads\/2022\/04\/hala-22-768x601.jpg 768w\" sizes=\"(max-width: 1174px) 100vw, 1174px\" \/><\/p>","protected":false},"excerpt":{"rendered":"[perex] Nejv\u011bt\u0161\u00ed zeleninov\u00fd trh v&nbsp;Praze, Hala 22 v&nbsp;Pra\u017esk\u00e9 tr\u017enici v&nbsp;Hole\u0161ovic\u00edch, bude m\u00edt od dubna ka\u017ed\u00fd \u010dtvrtek otev\u0159eno a\u017e do 19.00. Dosud je trh ve v\u0161edn\u00ed dny otev\u0159en\u00fd od 8.00 do 17.00. Prodlou\u017eenou otev\u00edrac\u00ed dobou, prozat\u00edm jeden den v&nbsp;t\u00fddnu, vych\u00e1z\u00ed veden\u00ed Pra\u017esk\u00e9 tr\u017enice vst\u0159\u00edc popt\u00e1vce z\u00e1kazn\u00edk\u016f. Krom\u011b ve\u010dern\u00edho trhu bude ka\u017ed\u00fd \u010dtvrtek od 7.&nbsp;dubna na programu [&hellip;]","protected":false},"author":97,"featured_media":56385,"comment_status":"closed","ping_status":"open","sticky":false,"template":"","format":"standard","meta":[],"categories":[34],"tags":[],"_links":{"self":[{"href":"https:\/\/www.praha7.cz\/api\/wp\/v2\/posts\/56384"}],"collection":[{"href":"https:\/\/www.praha7.cz\/api\/wp\/v2\/posts"}],"about":[{"href":"https:\/\/www.praha7.cz\/api\/wp\/v2\/types\/post"}],"author":[{"embeddable":true,"href":"https:\/\/www.praha7.cz\/api\/wp\/v2\/users\/97"}],"replies":[{"embeddable":true,"href":"https:\/\/www.praha7.cz\/api\/wp\/v2\/comments?post=56384"}],"version-history":[{"count":3,"href":"https:\/\/www.praha7.cz\/api\/wp\/v2\/posts\/56384\/revisions"}],"predecessor-version":[{"id":56389,"href":"https:\/\/www.praha7.cz\/api\/wp\/v2\/posts\/56384\/revisions\/56389"}],"wp:featuredmedia":[{"embeddable":true,"href":"https:\/\/www.praha7.cz\/api\/wp\/v2\/media\/56385"}],"wp:attachment":[{"href":"https:\/\/www.praha7.cz\/api\/wp\/v2\/media?parent=56384"}],"wp:term":[{"taxonomy":"category","embeddable":true,"href":"https:\/\/www.praha7.cz\/api\/wp\/v2\/categories?post=56384"},{"taxonomy":"post_tag","embeddable":true,"href":"https:\/\/www.praha7.cz\/api\/wp\/v2\/tags?post=56384"}],"curies":[{"name":"wp","href":"https:\/\/api.w.org\/{rel}","templated":true}]}}