    
{"id":56314,"date":"2022-04-05T11:09:32","date_gmt":"2022-04-05T09:09:32","guid":{"rendered":"https:\/\/www.praha7.cz\/?p=56314"},"modified":"2022-04-05T15:08:08","modified_gmt":"2022-04-05T13:08:08","slug":"praha-7-ma-jiz-devet-adaptacnich-skupin-pro-deti-z-ukrajiny","status":"publish","type":"post","link":"https:\/\/www.praha7.cz\/praha-7-ma-jiz-devet-adaptacnich-skupin-pro-deti-z-ukrajiny\/","title":{"rendered":"Praha&nbsp;7 m\u00e1 ji\u017e dev\u011bt adapta\u010dn\u00edch skupin pro d\u011bti z&nbsp;Ukrajiny"},"content":{"rendered":"<p>[perex]<\/p>\r\n<p>Praha&nbsp;7 otev\u0159ela na za\u010d\u00e1tku dubna dal\u0161\u00edch p\u011bt adapta\u010dn\u00edch skupin pro d\u011bti uprchl\u00edk\u016f p\u0159ed v\u00e1lkou na Ukrajin\u011b. Radnice tak nav\u00e1zala na pilotn\u00ed provoz \u010dty\u0159 skupin, kter\u00e9 na Sedmi\u010dce funguj\u00ed od 21.&nbsp;b\u0159ezna. V\u00a0tuto chv\u00edli m\u00e1\u00a0m\u011bstsk\u00e1 \u010d\u00e1st sedm adapta\u010dn\u00edch skupin p\u0159i v\u0161ech sv\u00fdch z\u00e1kladn\u00edch \u0161kol\u00e1ch a&nbsp;dv\u011b skupiny pro d\u011bti \u0161kolkov\u00e9ho v\u011bku. Do pomoci se zapojuj\u00ed tak\u00e9 m\u00edstn\u00ed firmy i&nbsp;jednotlivci prost\u0159ednictv\u00edm finan\u010dn\u00edch a&nbsp;materi\u00e1ln\u00edch dar\u016f \u010di nab\u00eddkou sv\u00fdch prostor.<\/p>\r\n<p>[\/perex]<\/p>\r\n<p><em>\u201eD\u011bkujeme v\u0161em, d\u00edky kter\u00fdm m\u016f\u017eeme pom\u00e1hat tam, kde je to nyn\u00ed nejv\u00edce pot\u0159eba. D\u00edky \u0161t\u011bdr\u00fdm dar\u016fm na transparentn\u00ed \u00fa\u010det, kter\u00e9 p\u0159es\u00e1hly 400 tis\u00edc korun, jsme mohli po\u0159\u00eddit velmi pot\u0159ebnou elektrocentr\u00e1lu pro nemocnici v\u00a0ukrajinsk\u00e9m m\u011bst\u011b Chust, kde pom\u00e1h\u00e1me od za\u010d\u00e1tku rusk\u00e9 agrese na Ukrajin\u011b. Potravinov\u00e1 sb\u00edrka na na\u0161ich \u0161kol\u00e1ch zajistila 4 tuny j\u00eddla\u00a0<\/em><em>a hygienick\u00fdch pot\u0159eb pro Potravinovou banku a&nbsp;chod\u00ed n\u00e1m tak\u00e9 dary od firem p\u016fsob\u00edc\u00edch v\u00a0na\u0161\u00ed m\u011bstsk\u00e9 \u010d\u00e1sti, kter\u00e9 vyu\u017eijeme na provoz adapta\u010dn\u00edch skupin. V\u0161em za jejich obrovskou solidaritu moc d\u011bkujeme,\u201c<\/em> uvedl <em><strong>starosta Prahy&nbsp;7 Jan \u010ci\u017einsk\u00fd<\/strong><\/em>.<\/p>\r\n<p>Na podporu vzd\u011bl\u00e1v\u00e1n\u00ed d\u011bt\u00ed, kter\u00e9 uprchly p\u0159ed v\u00e1lkou na Ukrajin\u011b, obdr\u017eela m\u011bstsk\u00e9 \u010d\u00e1st finan\u010dn\u00ed dar ve v\u00fd\u0161i 500 tis\u00edc korun od reklamn\u00ed a&nbsp;marketingov\u00e9 agentury Cocoon s.r.o. \u010c\u00e1stkou 50 tis\u00edc korun p\u0159isp\u011bla firma TBG Metrostav s.r.o.<\/p>\r\n<p><em>\u201eV tuto chv\u00edli se v\u00a0adapta\u010dn\u00edch skupin\u00e1ch zvl\u00e1dneme postarat o&nbsp;zhruba 200 d\u011bt\u00ed. V\u00a0ka\u017ed\u00e9 skupin\u011b m\u00e1me ukrajinsk\u00e9 pan\u00ed u\u010ditelky, pom\u00e1haj\u00ed jim \u010de\u0161t\u00ed pedagogov\u00e9 \u010di asistenti a&nbsp;z\u00e1rove\u0148 tak\u00e9 studenti, kte\u0159\u00ed ovl\u00e1daj\u00ed jak \u010de\u0161tinu, tak ukrajin\u0161tinu \u010di ru\u0161tinu. V\u00a0sou\u010dasn\u00e9 dob\u011b p\u0159ipravujeme spolupr\u00e1ci s\u00a0jazykov\u00fdmi lektory. D\u011bti si v&nbsp;adapta\u010dn\u00edch skupin\u00e1ch postupn\u011b zvykaj\u00ed na nov\u00e9 prost\u0159ed\u00ed, osvojuj\u00ed si z\u00e1klady \u010desk\u00e9ho jazyka a&nbsp;p\u0159ipravuj\u00ed se na p\u0159echod k&nbsp;standardn\u00ed v\u00fduce. Aktu\u00e1ln\u011b ji\u017e \u0161koly tak\u00e9 v\u00a0r\u00e1mci vybran\u00fdch hodin d\u011bti z\u00a0Ukrajiny berou postupn\u011b na zkou\u0161ku do sv\u00fdch b\u011b\u017en\u00fdch t\u0159\u00edd,\u201c<\/em> \u0159ekla <em><strong>radn\u00ed Prahy&nbsp;7 pro \u0161kolstv\u00ed a&nbsp;vzd\u011bl\u00e1v\u00e1n\u00ed Hana \u0160i\u0161kov\u00e1<\/strong><\/em>.<\/p>\r\n<p>Sedm\u00e1 m\u011bstsk\u00e1 \u010d\u00e1st se rovn\u011b\u017e intenzivn\u011b chyst\u00e1 na v\u00fdrazn\u011b zv\u00fd\u0161enou popt\u00e1vku po klasick\u00e9 \u0161koln\u00ed doch\u00e1zce. Na z\u00e1klad\u011b lex Ukrajina bude radnice navy\u0161ovat po\u010det d\u011bt\u00ed ve t\u0159\u00edd\u00e1ch a&nbsp;kde to bude mo\u017en\u00e9 i&nbsp;kapacity cel\u00fdch \u0161kol. Z\u00e1rove\u0148 Praha&nbsp;7 hled\u00e1 cesty, jak zajistit pot\u0159ebn\u00e1 m\u00edsta pro vzd\u011bl\u00e1v\u00e1n\u00ed tak\u00e9 v\u00a0dal\u0161\u00ed prostor\u00e1ch na Sedmi\u010dce.<\/p>\r\n<p>&nbsp;<\/p>\r\n<p><strong>V\u00edce informac\u00ed, jak p\u0159ihl\u00e1sit d\u00edt\u011b do adapta\u010dn\u00ed skupiny, najdete <a href=\"https:\/\/www.praha7.cz\/adaptacni-skupiny-pro-deti-z-ukrajiny-%d0%b0%d0%b4%d0%b0%d0%bf%d1%82%d0%b0%d1%86%d1%96%d0%b9%d0%bd%d1%96-%d0%b3%d1%80%d1%83%d0%bf%d0%b8-%d0%b4%d0%bb%d1%8f-%d0%b4%d1%96%d1%82%d0%b5%d0%b9-%d0%b7\/\">ZDE<\/a>.<\/strong><\/p>","protected":false},"excerpt":{"rendered":"[perex] Praha&nbsp;7 otev\u0159ela na za\u010d\u00e1tku dubna dal\u0161\u00edch p\u011bt adapta\u010dn\u00edch skupin pro d\u011bti uprchl\u00edk\u016f p\u0159ed v\u00e1lkou na Ukrajin\u011b. Radnice tak nav\u00e1zala na pilotn\u00ed provoz \u010dty\u0159 skupin, kter\u00e9 na Sedmi\u010dce funguj\u00ed od 21.&nbsp;b\u0159ezna. V\u00a0tuto chv\u00edli m\u00e1\u00a0m\u011bstsk\u00e1 \u010d\u00e1st sedm adapta\u010dn\u00edch skupin p\u0159i v\u0161ech sv\u00fdch z\u00e1kladn\u00edch \u0161kol\u00e1ch a&nbsp;dv\u011b skupiny pro d\u011bti \u0161kolkov\u00e9ho v\u011bku. Do pomoci se zapojuj\u00ed tak\u00e9 m\u00edstn\u00ed [&hellip;]","protected":false},"author":5,"featured_media":55832,"comment_status":"closed","ping_status":"open","sticky":false,"template":"","format":"standard","meta":[],"categories":[34,74],"tags":[],"_links":{"self":[{"href":"https:\/\/www.praha7.cz\/api\/wp\/v2\/posts\/56314"}],"collection":[{"href":"https:\/\/www.praha7.cz\/api\/wp\/v2\/posts"}],"about":[{"href":"https:\/\/www.praha7.cz\/api\/wp\/v2\/types\/post"}],"author":[{"embeddable":true,"href":"https:\/\/www.praha7.cz\/api\/wp\/v2\/users\/5"}],"replies":[{"embeddable":true,"href":"https:\/\/www.praha7.cz\/api\/wp\/v2\/comments?post=56314"}],"version-history":[{"count":5,"href":"https:\/\/www.praha7.cz\/api\/wp\/v2\/posts\/56314\/revisions"}],"predecessor-version":[{"id":56380,"href":"https:\/\/www.praha7.cz\/api\/wp\/v2\/posts\/56314\/revisions\/56380"}],"wp:featuredmedia":[{"embeddable":true,"href":"https:\/\/www.praha7.cz\/api\/wp\/v2\/media\/55832"}],"wp:attachment":[{"href":"https:\/\/www.praha7.cz\/api\/wp\/v2\/media?parent=56314"}],"wp:term":[{"taxonomy":"category","embeddable":true,"href":"https:\/\/www.praha7.cz\/api\/wp\/v2\/categories?post=56314"},{"taxonomy":"post_tag","embeddable":true,"href":"https:\/\/www.praha7.cz\/api\/wp\/v2\/tags?post=56314"}],"curies":[{"name":"wp","href":"https:\/\/api.w.org\/{rel}","templated":true}]}}