    
{"id":55974,"date":"2022-03-29T10:47:18","date_gmt":"2022-03-29T08:47:18","guid":{"rendered":"https:\/\/www.praha7.cz\/?p=55974"},"modified":"2022-06-28T11:46:40","modified_gmt":"2022-06-28T09:46:40","slug":"rada-prahy-7-schvalila-zasadni-pripominky-ke-zmene-uzemniho-planu-pro-bubny-zatory","status":"publish","type":"post","link":"https:\/\/www.praha7.cz\/rada-prahy-7-schvalila-zasadni-pripominky-ke-zmene-uzemniho-planu-pro-bubny-zatory\/","title":{"rendered":"Rada Prahy&nbsp;7 schv\u00e1lila z\u00e1sadn\u00ed p\u0159ipom\u00ednky ke zm\u011bn\u011b \u00fazemn\u00edho pl\u00e1nu pro Bubny-Z\u00e1tory"},"content":{"rendered":"<p>[perex]<\/p>\r\n<p>Rada M\u010c Praha&nbsp;7 v\u00a0pond\u011bl\u00ed 28.&nbsp;3.&nbsp;2022 schv\u00e1lila z\u00e1sadn\u00ed p\u0159ipom\u00ednky k\u00a0n\u00e1vrhu zm\u011bny \u00fazemn\u00edho pl\u00e1nu pro Bubny-Z\u00e1tory. M\u011bstsk\u00e1 \u010d\u00e1st se zapojen\u00edm ve\u0159ejnosti pokra\u010duje ve sv\u00e9m dlouhodob\u00e9m \u00fasil\u00ed zajistit smyslupln\u00e9 zformov\u00e1n\u00ed budouc\u00ed podoby jednoho z\u00a0nejv\u011bt\u0161\u00edch a&nbsp;nejv\u00fdznamn\u011bj\u0161\u00edch brownfield\u016f v\u00a0Praze. Sedmi\u010dka chce p\u0159edev\u0161\u00edm ohl\u00eddat v\u00fd\u0161kovou a&nbsp;objemovou z\u00e1stavbu cel\u00e9ho \u00fazem\u00ed, velikost pl\u00e1novan\u00e9ho obchodn\u00edho centra, zastoupen\u00ed park\u016f a&nbsp;dal\u0161\u00ed zelen\u011b \u010di p\u0159esn\u00e9 vymezen\u00ed ploch pro v\u00fdstavbu nov\u00fdch \u0161kol, \u0161kolek a&nbsp;dal\u0161\u00ed ve\u0159ejn\u00e9 vybavenosti.\u00a0<\/p>\r\n<p>EDIT:\u00a0 4.&nbsp;4.&nbsp;2022 schv\u00e1lilo z\u00e1sadn\u00ed p\u0159ipom\u00ednky m\u011bstsk\u00e9 \u010d\u00e1sti tak\u00e9 zastupitelstvo M\u010c Praha&nbsp;7.<\/p>\r\n<h3><a href=\"https:\/\/www.praha7.cz\/wp-content\/uploads\/2022\/03\/P\u0159ipom\u00ednky-M\u010c-Praha-7-1.pdf\">P\u0159ipom\u00ednky M\u010c Praha&nbsp;7<\/a><\/h3>\r\n<p>[\/perex]<\/p>\r\n<p><em>\u201eN\u00e1zor m\u011bstsk\u00e9 \u010d\u00e1sti Praha&nbsp;7 na budouc\u00ed podobu \u00fazem\u00ed Bubny-Z\u00e1tory jsme v\u00a0p\u0159edchoz\u00edch letech opakovan\u011b prov\u011b\u0159ovali a&nbsp;diskutovali s\u00a0odborn\u00edky i&nbsp;ve\u0159ejnost\u00ed. K&nbsp;\u00fazemn\u00ed studii, kter\u00e1 bude z\u00e1sadn\u00edm podkladem pro budouc\u00ed rozhodov\u00e1n\u00ed v\u00a0tomto \u00fazem\u00ed, jsme v\u00a0roce 2019 formulovali 97 p\u0159ipom\u00ednek. Loni jsme pak vyhodnocovali, co bylo \u010di nebylo do studie zaneseno, a&nbsp;na z\u00e1klad\u011b toho jsme nyn\u00ed zpracovali na\u0161e z\u00e1sadn\u00ed po\u017eadavky pro zm\u011bnu \u00fazemn\u00edho pl\u00e1nu. Do cel\u00e9ho procesu se zapojuje tak\u00e9 \u0161irok\u00e1 ve\u0159ejnost. Na na\u0161em \u00fazem\u00ed jsou um\u00edst\u011bny informa\u010dn\u00ed kontejnery, kde se ob\u010dan\u00e9 seznamuj\u00ed s\u00a0pl\u00e1ny na prom\u011bnu Bubn\u016f, postupy, jak podat p\u0159ipom\u00ednku, nebo se prost\u0159ednictv\u00edm dotazn\u00edku vyjad\u0159uj\u00ed ke konkr\u00e9tn\u00edm lokalit\u00e1m. O\u00a0v\u0161ech mo\u017enostech zapojen\u00ed tak\u00e9 ve\u0159ejnost informujeme prost\u0159ednictv\u00edm na\u0161\u00ed aplikace Mobiln\u00ed rozhlas \/ Munipolis, kter\u00e9 vyu\u017e\u00edv\u00e1 p\u0159es 13 tis\u00edc obyvatel Prahy\u00a07. Aktu\u00e1ln\u011b jsme se s\u00a0hlavn\u00edm m\u011bstem domluvili na prodlou\u017een\u00ed lh\u016fty pro pod\u00e1n\u00ed p\u0159ipom\u00ednek, kter\u00e1 zajist\u00ed je\u0161t\u011b v\u011bt\u0161\u00ed zapojen\u00ed ve\u0159ejnosti,\u201c<\/em> uvedl<strong><em> starosta Prahy&nbsp;7 Jan \u010ci\u017einsk\u00fd<\/em><\/strong>.<\/p>\r\n<p>M\u010c Praha&nbsp;7 po\u017eaduje v\u00a0\u0159e\u0161en\u00e9m \u00fazem\u00ed sn\u00ed\u017eit kapacitu z\u00e1stavby, jej\u00edho objemu a&nbsp;v\u00fd\u0161kov\u00e9 hladiny a&nbsp;prosazuje roz\u0161\u00ed\u0159it plochy zelen\u011b a&nbsp;rostl\u00e9ho ter\u00e9nu. Radnice chce d\u00e1le p\u0159esn\u00e9 vymezen\u00ed ploch ve\u0159ejn\u00e9 vybavenosti, p\u0159edev\u0161\u00edm pak \u0161kol a&nbsp;\u0161kolek, kter\u00e9 jsou pro zaji\u0161t\u011bn\u00ed pot\u0159eb budouc\u00edch obyvatel \u00fazem\u00ed zcela kl\u00ed\u010dov\u00e9.<\/p>\r\n<p><em>\u201eJe naprosto nezbytn\u00e9, aby \u00fazemn\u00ed pl\u00e1n garantoval um\u00edst\u011bn\u00ed pot\u0159ebn\u00e9 plochy ve\u0159ejn\u00e9 vybavenosti v&nbsp;pln\u00e9m rozsahu. P\u0159edev\u0161\u00edm dostate\u010dn\u011b kapacitn\u00ed \u0161koly a&nbsp;\u0161kolky mus\u00ed nutn\u011b dostat v&nbsp;rozvoji \u00fazem\u00ed prioritu a&nbsp;mus\u00ed b\u00fdt vybudov\u00e1ny nejpozd\u011bji sou\u010dasn\u011b s\u00a0bytovou z\u00e1stavbou,\u201c<\/em> \u0159ekla <em><strong>Lenka Burgerov\u00e1<\/strong><\/em>.<\/p>\r\n<p>Z\u00e1stavbu \u00fazem\u00ed \u0159e\u0161\u00ed m\u011bstsk\u00e1 \u010d\u00e1st tak\u00e9 v\u00a0souvislosti s\u00a0pl\u00e1novan\u00fdmi obchodn\u00edmi plochami u&nbsp;n\u00e1dra\u017e\u00ed. Praha&nbsp;7 ji\u017e d\u0159\u00edve prosadila jejich zmen\u0161en\u00ed a&nbsp;roz\u010dlen\u011bn\u00ed bloku na v\u00edce \u010d\u00e1st\u00ed. \u00dazemn\u00ed pl\u00e1n by m\u011bl umo\u017enit um\u00edst\u011bn\u00ed obchodn\u00edho za\u0159\u00edzen\u00ed do rozlohy 20 tis\u00edc m2. Jak\u00e9koli p\u0159\u00edpadn\u00e9 dal\u0161\u00ed nav\u00fd\u0161en\u00ed by se m\u011blo posuzovat zvl\u00e1\u0161\u0165, p\u0159i\u010dem\u017e \u00fazemn\u00ed studie stanovila jako maxim\u00e1ln\u00ed plochu obchodu pro tento blok 40 tis\u00edc m<sup>2<\/sup> (sn\u00ed\u017eeno z&nbsp;p\u016fvodn\u00edho po\u017eadavku investora na 100 tis m<sup>2<\/sup>).<\/p>\r\n<p><em>\u00a0\u201eV\u00a0dob\u011b, kdy bojujeme s\u00a0klimatickou nouz\u00ed, tak\u00e9 nen\u00ed mo\u017en\u00e9 akceptovat to, \u017ee v\u00a0nov\u00e9 \u010dtvrti je na mnoha m\u00edstech navr\u017eeno pouze 10\u201320&nbsp;% zelen\u011b a&nbsp;z&nbsp;toho vypl\u00fdvaj\u00edc\u00edch nedostate\u010dn\u00fdch 5\u201310&nbsp;% ploch rostl\u00e9ho ter\u00e9nu,\u201c<\/em> doplnila <em><strong>Lenka Burgerov\u00e1<\/strong><\/em>.<\/p>\r\n<p>M\u010c Praha&nbsp;7 po\u017eaduje v&nbsp;n\u00e1vrhu zm\u011bny \u00fazemn\u00edho pl\u00e1nu uplatnit v\u0161echny n\u00e1stroje, kter\u00e9 mohou do tohoto dokumentu v&nbsp;co nejv\u011bt\u0161\u00ed mo\u017en\u00e9 m\u00ed\u0159e prom\u00edtnout v\u00fdslednou podobu podkladov\u00e9 \u00dazemn\u00ed studie Hole\u0161ovice Bubny- Z\u00e1tory a&nbsp;zajistit budouc\u00ed smyslupln\u00fd rozvoj tohoto cenn\u00e9ho \u00fazem\u00ed.<\/p>\r\n<p><em>\u201eTo, \u017ee nyn\u00ed nejsou v\u00a0\u00fazemn\u00edm pl\u00e1nu p\u0159\u00edmo zanesena nap\u0159\u00edklad zdravotnick\u00e1 za\u0159\u00edzen\u00ed \u010di soci\u00e1ln\u00ed slu\u017eby, samoz\u0159ejm\u011b neznamen\u00e1, \u017ee v\u00a0nov\u00e9 \u010dtvrti nebudou. \u00dazemn\u00ed pl\u00e1n pouze takto detailn\u00ed \u010dlen\u011bn\u00ed ne\u0159e\u0161\u00ed, pokud se vysloven\u011b nejedn\u00e1 o\u00a0rozs\u00e1hl\u00e9 monofunk\u010dn\u00ed are\u00e1ly, jako maj\u00ed velk\u00e9 nemocnice. \u010cek\u00e1 n\u00e1s je\u0161t\u011b dlouh\u00e1 pr\u00e1ce, aby zde vznikla nov\u00e1 \u010d\u00e1st m\u011bsta, kter\u00e1 napln\u00ed pot\u0159eby jak st\u00e1vaj\u00edc\u00edch, tak budouc\u00edch obyvatel Prahy\u00a07,\u201c<\/em>\u00a0uzav\u0159ela\u00a0<strong><em>Lenka Burgerov\u00e1<\/em><\/strong>.<\/p>\r\n<p>&nbsp;<\/p>\r\n<h3>Ve\u0159ejn\u00e9 projedn\u00e1n\u00ed zm\u011bny \u00fazemn\u00edho pl\u00e1nu bylo na z\u00e1klad\u011b dohody MHMP a&nbsp;M\u010c Praha&nbsp;7 prodlou\u017eeno do 28.&nbsp;4.&nbsp;2022. V\u00edce informac\u00ed o&nbsp;mo\u017enostech zapojen\u00ed najdete <a href=\"https:\/\/www.praha7.cz\/zapojte-se-budoucnost-brownfieldu-bubny-zatory\/\">ZDE<\/a>.<\/h3>\r\n<p>&nbsp;<\/p>","protected":false},"excerpt":{"rendered":"[perex] Rada M\u010c Praha&nbsp;7 v\u00a0pond\u011bl\u00ed 28.&nbsp;3.&nbsp;2022 schv\u00e1lila z\u00e1sadn\u00ed p\u0159ipom\u00ednky k\u00a0n\u00e1vrhu zm\u011bny \u00fazemn\u00edho pl\u00e1nu pro Bubny-Z\u00e1tory. M\u011bstsk\u00e1 \u010d\u00e1st se zapojen\u00edm ve\u0159ejnosti pokra\u010duje ve sv\u00e9m dlouhodob\u00e9m \u00fasil\u00ed zajistit smyslupln\u00e9 zformov\u00e1n\u00ed budouc\u00ed podoby jednoho z\u00a0nejv\u011bt\u0161\u00edch a&nbsp;nejv\u00fdznamn\u011bj\u0161\u00edch brownfield\u016f v\u00a0Praze. Sedmi\u010dka chce p\u0159edev\u0161\u00edm ohl\u00eddat v\u00fd\u0161kovou a&nbsp;objemovou z\u00e1stavbu cel\u00e9ho \u00fazem\u00ed, velikost pl\u00e1novan\u00e9ho obchodn\u00edho centra, zastoupen\u00ed park\u016f a&nbsp;dal\u0161\u00ed zelen\u011b \u010di p\u0159esn\u00e9 vymezen\u00ed [&hellip;]","protected":false},"author":5,"featured_media":27153,"comment_status":"closed","ping_status":"open","sticky":false,"template":"","format":"standard","meta":[],"categories":[34,74],"tags":[],"_links":{"self":[{"href":"https:\/\/www.praha7.cz\/api\/wp\/v2\/posts\/55974"}],"collection":[{"href":"https:\/\/www.praha7.cz\/api\/wp\/v2\/posts"}],"about":[{"href":"https:\/\/www.praha7.cz\/api\/wp\/v2\/types\/post"}],"author":[{"embeddable":true,"href":"https:\/\/www.praha7.cz\/api\/wp\/v2\/users\/5"}],"replies":[{"embeddable":true,"href":"https:\/\/www.praha7.cz\/api\/wp\/v2\/comments?post=55974"}],"version-history":[{"count":12,"href":"https:\/\/www.praha7.cz\/api\/wp\/v2\/posts\/55974\/revisions"}],"predecessor-version":[{"id":58734,"href":"https:\/\/www.praha7.cz\/api\/wp\/v2\/posts\/55974\/revisions\/58734"}],"wp:featuredmedia":[{"embeddable":true,"href":"https:\/\/www.praha7.cz\/api\/wp\/v2\/media\/27153"}],"wp:attachment":[{"href":"https:\/\/www.praha7.cz\/api\/wp\/v2\/media?parent=55974"}],"wp:term":[{"taxonomy":"category","embeddable":true,"href":"https:\/\/www.praha7.cz\/api\/wp\/v2\/categories?post=55974"},{"taxonomy":"post_tag","embeddable":true,"href":"https:\/\/www.praha7.cz\/api\/wp\/v2\/tags?post=55974"}],"curies":[{"name":"wp","href":"https:\/\/api.w.org\/{rel}","templated":true}]}}