    
{"id":55906,"date":"2022-03-25T10:35:34","date_gmt":"2022-03-25T09:35:34","guid":{"rendered":"https:\/\/www.praha7.cz\/?p=55906"},"modified":"2022-04-05T10:13:47","modified_gmt":"2022-04-05T08:13:47","slug":"pozvanka-na-3-radne-zasedani-zastupitelstva-mc-praha-7-4","status":"publish","type":"post","link":"https:\/\/www.praha7.cz\/pozvanka-na-3-radne-zasedani-zastupitelstva-mc-praha-7-4\/","title":{"rendered":"Pozv\u00e1nka na 3.&nbsp;\u0159\u00e1dn\u00e9 zased\u00e1n\u00ed Zastupitelstva M\u010c Praha&nbsp;7"},"content":{"rendered":"<p style=\"text-align: justify;\">[perex]<\/p>\r\n<p style=\"text-align: justify;\">3.&nbsp;\u0159\u00e1dn\u00e9 zased\u00e1n\u00ed Zastupitelstva M\u010c Praha\u00a07 se kon\u00e1 v\u00a0pond\u011bl\u00ed 4.\u00a0dubna 2022 od 17:00 hodin. P\u0159enos zased\u00e1n\u00ed m\u016f\u017eete sledovat\u00a0<a href=\"https:\/\/youtu.be\/igwN0kgocfQ\">ZDE<\/a>.\u00a0<\/p>\r\n<p style=\"text-align: justify;\">Materi\u00e1ly ke sta\u017een\u00ed jsou k\u00a0dispozici pod eviden\u010dn\u00edmi \u010d\u00edsly u\u00a0n\u00e1zv\u016f jednotliv\u00fdch bod\u016f.\u00a0<\/p>\r\n<p style=\"text-align: justify;\">[\/perex]<\/p>\r\n<p style=\"text-align: justify;\"><strong>Program 3.\u00a0\u0159\u00e1dn\u00e9ho zased\u00e1n\u00ed Zastupitelstva M\u010c Praha\u00a07\u00a0<\/strong><\/p>\r\n<ul style=\"text-align: justify;\">\r\n\t<li>Pravideln\u00fd bod programu za\u0159azen\u00fd za bod \u010d. 2 \u2013 Dotazy a&nbsp;p\u0159ipom\u00ednky ob\u010dan\u016f 1<\/li>\r\n\t<li>Pravideln\u00fd bod programu za\u0159azen\u00fd pevn\u011b na 18 hodinu \u2013 Dotazy a&nbsp;p\u0159ipom\u00ednky ob\u010dan\u016f 2\u00a0<\/li>\r\n<\/ul>\r\n<p style=\"text-align: justify;\"><strong>1.<\/strong>\u00a0\u00a0\u00a0 Zah\u00e1jen\u00ed &#8211; schv\u00e1len\u00ed programu<\/p>\r\n<p style=\"text-align: justify;\"><strong>2.<\/strong>\u00a0 N\u00c1VRH k&nbsp;volb\u011b p\u0159\u00edsed\u00edc\u00edch Obvodn\u00edho soudu pro Prahu 7 &#8211;\u00a0<a href=\"https:\/\/www.praha7.cz\/wp-content\/uploads\/2022\/03\/2078.zip\">\u010d. 2078<\/a>\u00a0<\/p>\r\n<p style=\"text-align: justify;\"><strong>3.\u00a0<\/strong>\u00a0N\u00c1VRH ke zpr\u00e1v\u011b o&nbsp;v\u00fdsledc\u00edch hospoda\u0159en\u00ed M\u010c Praha&nbsp;7 rok 2021 &#8211; hlavn\u00ed \u010dinnost &#8211;\u00a0<a href=\"https:\/\/www.praha7.cz\/wp-content\/uploads\/2022\/03\/2080.zip\">\u010d. 2080<\/a><\/p>\r\n<p style=\"text-align: justify;\"><strong>4.\u00a0<\/strong>\u00a0N\u00c1VRH ke zpr\u00e1v\u011b o&nbsp;v\u00fdsledc\u00edch hospoda\u0159en\u00ed M\u010c Praha&nbsp;7 za rok 2021 v&nbsp;r\u00e1mci hospod\u00e1\u0159sk\u00e9 \u010dinnosti &#8211; \u00faseku zda\u0148ovan\u00e9 \u010dinnosti &#8211;\u00a0<a href=\"https:\/\/www.praha7.cz\/wp-content\/uploads\/2022\/03\/2077.zip\">\u010d. 2077<\/a><\/p>\r\n<p style=\"text-align: justify;\"><strong>5.<\/strong>\u00a0 N\u00c1VRH k&nbsp;za\u0159azen\u00ed nov\u00e9 akce &#8222;Gener\u00e1tor pro ukrajinskou nemocnici \u00a0v Chustu&#8220; &#8211; do upraven\u00e9ho rozpo\u010dtu ORJ 0901, KST &#8211; OK\u0158 pro rok 2022 a&nbsp;to v&nbsp;celkov\u00e9m objemu finan\u010dn\u00edch prost\u0159edk\u016f 448&nbsp;000,- K\u010d (rozpo\u010dtov\u011b 448,0 tis. K\u010d) a&nbsp;to v\u010detn\u011b realizace p\u0159\u00edslu\u0161n\u00e9ho rozpo\u010dtov\u00e9ho opat\u0159en\u00ed v&nbsp;m\u011bs\u00edci dubnu 2022, v\u010detn\u011b p\u0159ijet\u00ed finan\u010dn\u00edho daru ze sb\u00edrkov\u00e9ho transparentn\u00edho \u00fa\u010dtu na pomoc Ukrajin\u011b &#8211;\u00a0<a href=\"https:\/\/www.praha7.cz\/wp-content\/uploads\/2022\/03\/2081-2.zip\">\u010d. 2081<\/a><\/p>\r\n<p style=\"text-align: justify;\"><strong>6.\u00a0<\/strong> N\u00c1VRH k\u00a0z\u00e1sadn\u00edm p\u0159ipom\u00ednk\u00e1m M\u010c Praha&nbsp;7 ke zm\u011bn\u011b Z&nbsp;3822\/00 \u00dazemn\u00edho pl\u00e1nu s\u00eddeln\u00edho \u00fatvaru hl. m. Prahy ve f\u00e1zi ve\u0159ejn\u00e9ho projedn\u00e1n\u00ed dle \u00a7 52 z\u00e1kona \u010d. 183\/2006 Sb pro \u00fazem\u00ed Hole\u0161ovice Bubny &#8211; Z\u00e1tory &#8211; <a href=\"https:\/\/file.praha7.cz\/odbory\/kst\/2085.zip\">\u010d. 2085<\/a><\/p>\r\n<p style=\"text-align: justify;\"><strong>7.\u00a0<\/strong>\u00a0N\u00c1VRH k&nbsp;za\u0159azen\u00ed nov\u00e9 akce &#8222;Centrum vzd\u011bl\u00e1v\u00e1n\u00ed a&nbsp;pomoci ukrajinsk\u00fdm uprchl\u00edk\u016fm &#8211; Jankovcova 53&#8220; &#8211;\u00a0<a href=\"https:\/\/www.praha7.cz\/wp-content\/uploads\/2022\/03\/2082.zip\">\u010d. 2082<\/a><\/p>\r\n<p style=\"text-align: justify;\"><strong>8.<\/strong>\u00a0 INFORMACE o&nbsp;\u010dinnosti Rady M\u010c Praha&nbsp;7 a&nbsp;pln\u011bn\u00ed \u00fakol\u016f ulo\u017een\u00fdch Rad\u011b M\u010c Praha&nbsp;7 Zastupitelstvem\u00a0 M\u010c Praha&nbsp;7 v\u00a0obdob\u00ed mezi 2.&nbsp;a&nbsp;3.&nbsp;zased\u00e1n\u00edm Zastupitelstva v\u00a0roce 2022 &#8211;\u00a0<a href=\"https:\/\/www.praha7.cz\/wp-content\/uploads\/2022\/03\/2074.zip\">\u010d. 2074<\/a><\/p>\r\n<p style=\"text-align: justify;\"><strong>9.<\/strong>\u00a0 INFORMACE o&nbsp;\u010dinnosti Kontroln\u00edho v\u00fdboru Zastupitelstva M\u010c Praha&nbsp;7 obdob\u00ed mezi 2.&nbsp;a&nbsp;3.&nbsp;zased\u00e1n\u00edm Zastupitelstva M\u010c P7 v\u00a0roce 2022 &#8211;\u00a0<a href=\"https:\/\/www.praha7.cz\/wp-content\/uploads\/2022\/03\/2086.zip\">\u010d. 2086<\/a><\/p>\r\n<p style=\"text-align: justify;\"><strong>10.<\/strong> INFORMACE o&nbsp;\u010dinnosti Finan\u010dn\u00edho v\u00fdboru Zastupitelstva M\u010c Praha&nbsp;7\u00a0v\u00a0obdob\u00ed mezi 2.&nbsp;a&nbsp;3.&nbsp;zased\u00e1n\u00edm Zastupitelstva M\u010c Praha&nbsp;7 v\u00a0roce 2022 &#8211;\u00a0<a href=\"https:\/\/www.praha7.cz\/wp-content\/uploads\/2022\/03\/2079.zip\">\u010d. 2079<\/a><\/p>\r\n<p style=\"text-align: justify;\"><strong>11.<\/strong> INFORMACE o&nbsp;\u010dinnosti V\u00fdboru pro\u00a0vzd\u011bl\u00e1v\u00e1n\u00ed, soci\u00e1ln\u00ed politiku a\u00a0zdravotnictv\u00ed Zastupitelstva M\u010c Praha&nbsp;7 v\u00a0obdob\u00ed mezi 2.&nbsp;a&nbsp;3.&nbsp;zased\u00e1n\u00edm Zastupitelstva M\u010c Praha&nbsp;7 v\u00a0roce 2022 &#8211;\u00a0<a href=\"https:\/\/www.praha7.cz\/wp-content\/uploads\/2022\/03\/2087.zip\">\u010d. 2087<\/a><\/p>\r\n<p style=\"text-align: justify;\"><strong>12.<\/strong>\u00a0N\u00c1VRH k&nbsp;poskytnut\u00ed individu\u00e1ln\u00edch dotac\u00ed v&nbsp;oblasti kultury dle \u017e\u00e1dost\u00ed podan\u00fdch v&nbsp;\u00fanoru &#8211; b\u0159eznu\u00a02022 &#8211;\u00a0<a href=\"https:\/\/www.praha7.cz\/wp-content\/uploads\/2022\/03\/2083.zip\">\u010d. 2083<\/a><\/p>\r\n<p style=\"text-align: justify;\"><strong>13.<\/strong> N\u00c1VRH k&nbsp;Memorandu o&nbsp;spolupr\u00e1ci hlavn\u00edho m\u011bsta Prahy I\u010cO: 00064581 a&nbsp;m\u011bstsk\u00e9 \u010d\u00e1sti\u00a0Praha&nbsp;7 p\u0159i zaji\u0161t\u011bn\u00ed p\u00e9\u010de o&nbsp;zele\u0148 na \u00fazem\u00ed Prahy&nbsp;7 &#8211;\u00a0<a href=\"https:\/\/www.praha7.cz\/wp-content\/uploads\/2022\/03\/2088.zip\">\u010d. 2088<\/a><\/p>\r\n<p style=\"text-align: justify;\"><strong>14.<\/strong> Dopisy, adresovan\u00e9 Z\u00a0M\u010c P7<\/p>\r\n<p style=\"text-align: justify;\"><strong>15.<\/strong> R\u016fzn\u00e9<\/p>\r\n<p style=\"text-align: justify;\"><strong>16.<\/strong> Z\u00e1v\u011br\u00a0 \u00a0 \u00a0<\/p>\r\n<p style=\"text-align: justify;\">Mgr. Jan \u010ci\u017einsk\u00fd<br \/>\r\nStarosta m\u011bstsk\u00e9 \u010d\u00e1sti Praha&nbsp;7<\/p>\r\n<p style=\"text-align: justify;\"><a href=\"https:\/\/file.praha7.cz\/odbory\/kst\/3_2022.zip\">Materi\u00e1ly k&nbsp;3.\u00a0\u0159\u00e1dn\u00e9mu zased\u00e1n\u00ed Z\u00a0M\u010c Praha\u00a07<\/a><\/p>","protected":false},"excerpt":{"rendered":"[perex] 3.&nbsp;\u0159\u00e1dn\u00e9 zased\u00e1n\u00ed Zastupitelstva M\u010c Praha\u00a07 se kon\u00e1 v\u00a0pond\u011bl\u00ed 4.\u00a0dubna 2022 od 17:00 hodin. P\u0159enos zased\u00e1n\u00ed m\u016f\u017eete sledovat\u00a0ZDE.\u00a0 Materi\u00e1ly ke sta\u017een\u00ed jsou k\u00a0dispozici pod eviden\u010dn\u00edmi \u010d\u00edsly u\u00a0n\u00e1zv\u016f jednotliv\u00fdch bod\u016f.\u00a0 [\/perex] Program 3.\u00a0\u0159\u00e1dn\u00e9ho zased\u00e1n\u00ed Zastupitelstva M\u010c Praha\u00a07\u00a0 Pravideln\u00fd bod programu za\u0159azen\u00fd za bod \u010d. 2 \u2013 Dotazy a&nbsp;p\u0159ipom\u00ednky ob\u010dan\u016f 1 Pravideln\u00fd bod programu za\u0159azen\u00fd pevn\u011b na [&hellip;]","protected":false},"author":14,"featured_media":33780,"comment_status":"closed","ping_status":"open","sticky":false,"template":"","format":"standard","meta":[],"categories":[34],"tags":[],"_links":{"self":[{"href":"https:\/\/www.praha7.cz\/api\/wp\/v2\/posts\/55906"}],"collection":[{"href":"https:\/\/www.praha7.cz\/api\/wp\/v2\/posts"}],"about":[{"href":"https:\/\/www.praha7.cz\/api\/wp\/v2\/types\/post"}],"author":[{"embeddable":true,"href":"https:\/\/www.praha7.cz\/api\/wp\/v2\/users\/14"}],"replies":[{"embeddable":true,"href":"https:\/\/www.praha7.cz\/api\/wp\/v2\/comments?post=55906"}],"version-history":[{"count":14,"href":"https:\/\/www.praha7.cz\/api\/wp\/v2\/posts\/55906\/revisions"}],"predecessor-version":[{"id":56268,"href":"https:\/\/www.praha7.cz\/api\/wp\/v2\/posts\/55906\/revisions\/56268"}],"wp:featuredmedia":[{"embeddable":true,"href":"https:\/\/www.praha7.cz\/api\/wp\/v2\/media\/33780"}],"wp:attachment":[{"href":"https:\/\/www.praha7.cz\/api\/wp\/v2\/media?parent=55906"}],"wp:term":[{"taxonomy":"category","embeddable":true,"href":"https:\/\/www.praha7.cz\/api\/wp\/v2\/categories?post=55906"},{"taxonomy":"post_tag","embeddable":true,"href":"https:\/\/www.praha7.cz\/api\/wp\/v2\/tags?post=55906"}],"curies":[{"name":"wp","href":"https:\/\/api.w.org\/{rel}","templated":true}]}}