    
{"id":5584,"date":"2017-09-11T12:56:48","date_gmt":"2017-09-11T10:56:48","guid":{"rendered":"https:\/\/praha7.cz\/?p=5584"},"modified":"2017-09-11T12:56:48","modified_gmt":"2017-09-11T10:56:48","slug":"skolaci-z-prahy-7-se-pustili-do-participativniho-rozpoctu","status":"publish","type":"post","link":"https:\/\/www.praha7.cz\/skolaci-z-prahy-7-se-pustili-do-participativniho-rozpoctu\/","title":{"rendered":"\u0160kol\u00e1ci z&nbsp;Prahy&nbsp;7 se pustili do participativn\u00edho rozpo\u010dtu"},"content":{"rendered":"<p>[perex]<\/p>V Praze 7 si \u017e\u00e1ci z\u00e1kladn\u00edch \u0161kol b\u011bhem n\u00e1sleduj\u00edc\u00edch t\u0159\u00ed t\u00fddn\u016f vyzkou\u0161\u00ed pr\u00e1ci zastupitel\u016f \u2013 budou rozhodovat o&nbsp;vyu\u017eit\u00ed obecn\u00edho rozpo\u010dtu. Tedy alespo\u0148 jeho participativn\u00ed \u010d\u00e1sti. Ka\u017ed\u00e1 \u0161kola obdr\u017e\u00ed od radnice 50 tis\u00edc korun, na \u017e\u00e1c\u00edch je, aby navrhli projekty na jejich vyu\u017eit\u00ed. Realizov\u00e1ny budou n\u00e1vrhy, kter\u00e9 si z\u00edskaj\u00ed nejv\u011bt\u0161\u00ed podporu. <p>[\/perex]<\/p><p>\u201eZ\u00e1kladn\u00ed \u0161koly jsou ide\u00e1ln\u00edm prost\u0159ed\u00edm, kde participativn\u00ed rozpo\u010det uv\u00e9st do \u017eivota. D\u011bti maj\u00ed energii a&nbsp;chu\u0165 zkou\u0161et nov\u00e9 v\u011bci a&nbsp;n\u00e1m se naskytne jedine\u010dn\u00e1 p\u0159\u00edle\u017eitost pod\u00edvat se na na\u0161e \u0161koly jejich o\u010dima. Jednou budou rozhodovat o&nbsp;podob\u011b cel\u00e9 Prahy&nbsp;7, je dobr\u00e9 kdy\u017e si mohou ji\u017e nyn\u00ed osvojovat principy participace, demokratick\u00e9ho hlasov\u00e1n\u00ed \u010di finan\u010dn\u00ed gramotnosti,\u201c \u0159ekl radn\u00ed Prahy&nbsp;7 Franti\u0161ek Voseck\u00fd, kter\u00fd v&nbsp;Praze 7 projekt prosadil.<br \/>\r\n <br \/>\r\n\u201eV Praze 7 \u017eij\u00ed aktivn\u00ed lid\u00e9 s&nbsp;chut\u00ed se zapojit. Sna\u017e\u00edme se jim maxim\u00e1ln\u011b vych\u00e1zet vst\u0159\u00edc. Kdy\u017e n\u011bkdo p\u0159ijde s&nbsp;n\u00e1padem, jak ve sv\u00e9m okol\u00ed vybudovat n\u011bco prosp\u011b\u0161n\u00e9ho, a&nbsp;z\u00edsk\u00e1 pro n\u011bj podporu sv\u00e9ho okol\u00ed, za m\u011bstskou \u010d\u00e1st pom\u016f\u017eeme jak finan\u010dn\u011b, tak organiza\u010dn\u011b. Na zastupitelstvu mohou od leto\u0161n\u00edho kv\u011btna se sv\u00fdmi n\u00e1vrhy \u010di p\u0159ipom\u00ednkami vystupovat i&nbsp;d\u011bti a&nbsp;nezletil\u00e1 ml\u00e1de\u017e. A&nbsp;pr\u00e1v\u011b s&nbsp;pomoc\u00ed mlad\u00fdch zav\u00e1d\u00edme v&nbsp;Praze 7 tak\u00e9 participativn\u00ed rozpo\u010det,\u201c uvedl starosta Prahy&nbsp;7 Jan \u010ci\u017einsk\u00fd.<\/p>\r\n<p>Proces rozhodov\u00e1n\u00ed o&nbsp;participativn\u00edm rozpo\u010dtu byl na \u0161kol\u00e1ch zah\u00e1jen na za\u010d\u00e1tku \u0161koln\u00edho roku. Zapojit se do n\u011bj mohou v\u0161ichni \u017e\u00e1ci od 4.&nbsp;t\u0159\u00edd v\u00fd\u0161e. \u0160koly maj\u00ed k&nbsp;dispozici 50 tis\u00edc korun. Jednotlivci \u010di \u017e\u00e1kovsk\u00e9 t\u00fdmy nyn\u00ed mohou navrhovat projekty, kter\u00e9 by slou\u017eily k&nbsp;rozvoji \u0161koly a&nbsp;byly u\u017eite\u010dn\u00e9 pro v\u0161echny spolu\u017e\u00e1ky. Na \u0161kol\u00e1ch se nyn\u00ed organizuj\u00ed setk\u00e1n\u00ed, na kter\u00fdch se \u017eiv\u011b diskutuje o&nbsp;jednotliv\u00fdch n\u00e1vrz\u00edch.<\/p>\r\n<p>\u201eJedn\u00e9 z&nbsp;t\u011bchto besed jsem se ji\u017e z\u00fa\u010dastnil a&nbsp;mus\u00edm \u0159\u00edct, \u017ee nad\u0161en\u00ed d\u011bt\u00ed je skute\u010dn\u011b naka\u017eliv\u00e9 a&nbsp;jejich n\u00e1pady zaj\u00edmav\u00e9 a&nbsp;origin\u00e1ln\u00ed. T\u011b\u0161\u00edm se na fin\u00e1ln\u00ed n\u00e1vrhy a&nbsp;v\u011b\u0159\u00edm, \u017ee p\u0159ekonaj\u00ed na\u0161e o\u010dek\u00e1v\u00e1n\u00ed. Ur\u010dit\u011b nebude jednoduch\u00e9 vybrat ty nejlep\u0161\u00ed. Na\u0161t\u011bst\u00ed to nebude na n\u00e1s,\u201c zhodnotil Franti\u0161ek Voseck\u00fd.<\/p>\r\n<p>Po t\u00e9, co bude na ka\u017ed\u00e9 \u0161kole sestaven seznam navr\u017een\u00fdch projekt\u016f, za\u010dne f\u00e1ze kampan\u011b. Auto\u0159i projekt\u016f se budou sna\u017eit pro sv\u016fj n\u00e1vrh z\u00edskat spolu\u017e\u00e1ky i&nbsp;jejich rodi\u010de. P\u0159\u00edpustn\u00e9 jsou r\u016fzn\u00e9 formy kampan\u011b od let\u00e1k\u016f po videospoty. N\u00e1sledovat bude online hlasov\u00e1n\u00ed p\u0159es \u0161koln\u00ed po\u010d\u00edta\u010de \u010di telefony a&nbsp;tablety \u017e\u00e1k\u016f. Rodi\u010de se budou moci do hlasov\u00e1n\u00ed zapojit tak\u00e9, prost\u0159ednictv\u00edm unik\u00e1tn\u00edho k\u00f3du pro vstup do hlasovac\u00ed aplikace. Zhruba za t\u0159i t\u00fddny p\u0159edstav\u00ed ka\u017ed\u00e1 \u0161kola sv\u016fj v\u00edt\u011bzn\u00fd projekt, kter\u00fd bude za p\u0159id\u011blen\u00e9 finan\u010dn\u00ed prost\u0159edky od m\u011bstsk\u00e9 \u010d\u00e1sti realizovat do konce tohoto \u0161koln\u00edho roku.<\/p>\r\n<p>&nbsp;<\/p>","protected":false},"excerpt":{"rendered":"[perex]V Praze 7 si \u017e\u00e1ci z\u00e1kladn\u00edch \u0161kol b\u011bhem n\u00e1sleduj\u00edc\u00edch t\u0159\u00ed t\u00fddn\u016f vyzkou\u0161\u00ed pr\u00e1ci zastupitel\u016f \u2013 budou rozhodovat o&nbsp;vyu\u017eit\u00ed obecn\u00edho rozpo\u010dtu. Tedy alespo\u0148 jeho participativn\u00ed \u010d\u00e1sti. Ka\u017ed\u00e1 \u0161kola obdr\u017e\u00ed od radnice 50 tis\u00edc korun, na \u017e\u00e1c\u00edch je, aby navrhli projekty na jejich vyu\u017eit\u00ed. Realizov\u00e1ny budou n\u00e1vrhy, kter\u00e9 si z\u00edskaj\u00ed nejv\u011bt\u0161\u00ed podporu. [\/perex]\u201eZ\u00e1kladn\u00ed \u0161koly jsou ide\u00e1ln\u00edm prost\u0159ed\u00edm, [&hellip;]","protected":false},"author":4,"featured_media":5585,"comment_status":"open","ping_status":"open","sticky":false,"template":"","format":"standard","meta":[],"categories":[34],"tags":[],"_links":{"self":[{"href":"https:\/\/www.praha7.cz\/api\/wp\/v2\/posts\/5584"}],"collection":[{"href":"https:\/\/www.praha7.cz\/api\/wp\/v2\/posts"}],"about":[{"href":"https:\/\/www.praha7.cz\/api\/wp\/v2\/types\/post"}],"author":[{"embeddable":true,"href":"https:\/\/www.praha7.cz\/api\/wp\/v2\/users\/4"}],"replies":[{"embeddable":true,"href":"https:\/\/www.praha7.cz\/api\/wp\/v2\/comments?post=5584"}],"version-history":[{"count":2,"href":"https:\/\/www.praha7.cz\/api\/wp\/v2\/posts\/5584\/revisions"}],"predecessor-version":[{"id":5588,"href":"https:\/\/www.praha7.cz\/api\/wp\/v2\/posts\/5584\/revisions\/5588"}],"wp:featuredmedia":[{"embeddable":true,"href":"https:\/\/www.praha7.cz\/api\/wp\/v2\/media\/5585"}],"wp:attachment":[{"href":"https:\/\/www.praha7.cz\/api\/wp\/v2\/media?parent=5584"}],"wp:term":[{"taxonomy":"category","embeddable":true,"href":"https:\/\/www.praha7.cz\/api\/wp\/v2\/categories?post=5584"},{"taxonomy":"post_tag","embeddable":true,"href":"https:\/\/www.praha7.cz\/api\/wp\/v2\/tags?post=5584"}],"curies":[{"name":"wp","href":"https:\/\/api.w.org\/{rel}","templated":true}]}}