    
{"id":55801,"date":"2022-03-21T10:25:48","date_gmt":"2022-03-21T09:25:48","guid":{"rendered":"https:\/\/www.praha7.cz\/?p=55801"},"modified":"2022-03-29T12:39:26","modified_gmt":"2022-03-29T10:39:26","slug":"praha-7-otevrela-adaptacni-skupiny-pro-deti-z-ukrajiny","status":"publish","type":"post","link":"https:\/\/www.praha7.cz\/praha-7-otevrela-adaptacni-skupiny-pro-deti-z-ukrajiny\/","title":{"rendered":"Praha&nbsp;7 otev\u0159ela adapta\u010dn\u00ed skupiny pro d\u011bti z&nbsp;Ukrajiny"},"content":{"rendered":"<p>[perex]<br \/>\r\nSedm\u00e1 m\u011bstsk\u00e1 \u010d\u00e1st pokra\u010duje v&nbsp;zaji\u0161t\u011bn\u00ed pomoci pro uprchl\u00edky z\u00a0Ukrajiny. V\u00a0pond\u011bl\u00ed 21.&nbsp;b\u0159ezna Praha&nbsp;7 otev\u0159ela \u010dty\u0159i adapta\u010dn\u00ed skupiny p\u0159i z\u00e1kladn\u00edch a&nbsp;mate\u0159sk\u00fdch \u0161kol\u00e1ch, do kter\u00fdch nyn\u00ed doch\u00e1z\u00ed 60 ukrajinsk\u00fdch d\u011bt\u00ed. Dal\u0161\u00ed skupiny jsou v\u00a0p\u0159\u00edprav\u011b. D\u011bti si zde pod veden\u00edm ukrajinsk\u00fdch i&nbsp;\u010desk\u00fdch pedagog\u016f a&nbsp;asistent\u016f budou zvykat na nov\u00e9 prost\u0159ed\u00ed, u\u010dit se \u010de\u0161tinu a&nbsp;p\u0159ipravovat se p\u0159echod k&nbsp;b\u011b\u017en\u00e9 v\u00fduce.<\/p>\r\n<p><strong> V\u00edce zde:\u00a0<a href=\"https:\/\/www.praha7.cz\/adaptacni-skupiny-pro-deti-z-ukrajiny-%d0%b0%d0%b4%d0%b0%d0%bf%d1%82%d0%b0%d1%86%d1%96%d0%b9%d0%bd%d1%96-%d0%b3%d1%80%d1%83%d0%bf%d0%b8-%d0%b4%d0%bb%d1%8f-%d0%b4%d1%96%d1%82%d0%b5%d0%b9-%d0%b7\/\">Adapta\u010dn\u00ed skupiny pro d\u011bti z\u00a0Ukrajiny \/ \u0410\u0434\u0430\u043f\u0442\u0430\u0446\u0456\u0439\u043d\u0456 \u0433\u0440\u0443\u043f\u0438 \u0434\u043b\u044f \u0434\u0456\u0442\u0435\u0439 \u0437 \u0423\u043a\u0440\u0430\u0457\u043d\u0438<\/a><\/strong><\/p>\r\n<p>[\/perex]<\/p>\r\n<p><em>\u201eOd po\u010d\u00e1tku rusk\u00e9 invaze na Ukrajinu d\u011bl\u00e1me maximum pro to, abychom lidem prchaj\u00edc\u00edm p\u0159ed v\u00e1lkou zajistili ve\u0161kerou pot\u0159ebnou pomoc a&nbsp;p\u00e9\u010di. Sh\u00e1n\u00edme nouzov\u00e9 ubytov\u00e1n\u00ed, zaji\u0161\u0165ujeme organiza\u010dn\u00ed, potravinov\u00e9 i&nbsp;materi\u00e1ln\u00ed pot\u0159eby, na\u0161e poliklinika poskytuje l\u00e9ka\u0159skou p\u00e9\u010di a&nbsp;sna\u017e\u00edme se zprost\u0159edkovat a&nbsp;nasm\u011brovat nezm\u011brnou vlnu solidarity, kterou nyn\u00ed v\u00a0obrovsk\u00e9 m\u00ed\u0159e projevuj\u00ed firmy i&nbsp;jednotlivci. Pom\u00e1h\u00e1me tak\u00e9 lidem, kte\u0159\u00ed na Ukrajin\u011b st\u00e1le z\u016fst\u00e1vaj\u00ed. Na po\u010d\u00e1tku b\u0159ezna jsme nav\u00e1zali kontakt s&nbsp;m\u011bstem Chust na jihov\u00fdchod\u011b Ukrajiny, kam radni\u010dn\u00ed dod\u00e1vkou dopravujeme potraviny, l\u00e9ky a&nbsp;dal\u0161\u00ed pomoc dle jejich konkr\u00e9tn\u00edch pot\u0159eb,\u201c<\/em> uvedl <em><strong>starosta Prahy&nbsp;7 Jan \u010ci\u017einsk\u00fd<\/strong><\/em>. \u00a0<\/p>\r\n<p><em>\u201eJednou z\u00a0kl\u00ed\u010dov\u00fdch priorit je nyn\u00ed zaji\u0161t\u011bn\u00ed kapacit ve \u0161kolk\u00e1ch a&nbsp;\u0161kolk\u00e1ch. Od pond\u011bl\u00ed 21.&nbsp;3.&nbsp;jsme pro d\u011bti z\u00a0Ukrajiny otev\u0159eli prvn\u00ed \u010dty\u0159i adapta\u010dn\u00ed skupiny, do kter\u00fdch doch\u00e1z\u00ed 60 d\u011bt\u00ed. Dv\u011b skupiny jsou ur\u010deny pro v\u011bkovou kategorii 3 \u2013 6 let, dal\u0161\u00ed dv\u011b pro d\u011bti 6 \u2013 15 let. Po\u010det adapta\u010dn\u00edch skupin budeme d\u00e1le zvy\u0161ovat, cht\u011bli bychom je m\u00edt p\u0159i ka\u017ed\u00e9 na\u0161\u00ed z\u00e1kladn\u00ed \u0161kole,\u201c<\/em> \u0159ekla <em><strong>radn\u00ed Prahy&nbsp;7 pro oblast \u0161kolstv\u00ed a&nbsp;vzd\u011bl\u00e1v\u00e1n\u00ed Hana \u0160i\u0161kov\u00e1<\/strong><\/em>. \u00a0<\/p>\r\n<p>V\u00a0adapta\u010dn\u00edch skupin\u00e1ch v\u00a0Praze 7 nach\u00e1zej\u00ed uplatn\u011bn\u00ed tak\u00e9 dosp\u011bl\u00ed uprchl\u00edci z\u00a0Ukrajiny. V\u00a0ka\u017ed\u00e9 skupin\u011b p\u016fsob\u00ed ukrajinsk\u00e9 u\u010ditelky, kter\u00fdm pom\u00e1haj\u00ed \u010de\u0161t\u00ed pedagogov\u00e9 a&nbsp;asistenti a&nbsp;z\u00e1rove\u0148 tak\u00e9 studenti, kte\u0159\u00ed ovl\u00e1daj\u00ed jak \u010de\u0161tinu, tak ukrajin\u0161tinu \u010di ru\u0161tinu. D\u011bti si v\u00a0adapta\u010dn\u00edch skupin\u00e1ch budou zvykat na nov\u00e9 prost\u0159ed\u00ed, osvojovat si z\u00e1klady \u010de\u0161tiny a&nbsp;postupn\u011b se p\u0159ipravovat na p\u0159echod k\u00a0b\u011b\u017en\u00e9 v\u00fduce.<\/p>\r\n<p>Pro pot\u0159eby adapta\u010dn\u00edch skupin sedm\u00e1 m\u011bstsk\u00e1 \u010d\u00e1st nyn\u00ed vyu\u017e\u00edv\u00e1 prostory, kter\u00e9 nejsou vhodn\u00e9 pro z\u0159\u00edzen\u00ed kmenov\u00fdch t\u0159\u00edd. V&nbsp;dal\u0161\u00ed f\u00e1zi v\u0161ak bude t\u0159eba \u0159e\u0161it v\u00fdznamn\u011b zv\u00fd\u0161enou popt\u00e1vku po standardn\u00ed \u0161koln\u00ed doch\u00e1zce.<\/p>\r\n<p><em>\u201eMo\u017enosti nav\u00fd\u0161it kapacity \u0161kol a&nbsp;n\u011bkter\u00e1 dal\u0161\u00ed okam\u017eit\u00e1 opat\u0159en\u00ed ji\u017e nyn\u00ed umo\u017e\u0148uje lex Ukrajina, pokud v\u0161ak nem\u00e1 doj\u00edt ke kolapsu ji\u017e tak p\u0159et\u00ed\u017een\u00e9ho \u0161kolstv\u00ed v&nbsp;Praze i&nbsp;jinde v&nbsp;republice, je t\u0159eba d\u00e1le upravovat p\u0159\u00edsn\u00e9 podm\u00ednky pro povolov\u00e1n\u00ed nov\u00fdch t\u0159\u00edd i&nbsp;v&nbsp;prostorech, kter\u00e9 doposud nemohly b\u00fdt pro \u0161kolsk\u00e1 za\u0159\u00edzen\u00ed kolaudov\u00e1ny. Bez nov\u00fdch, rychle dostupn\u00fdch\u00a0<\/em><em>a dostate\u010dn\u011b objemn\u00fdch \u0161kolsk\u00fdch za\u0159\u00edzen\u00ed bude situace ji\u017e v&nbsp;dohledn\u00e9 dob\u011b neudr\u017eiteln\u00e1,\u201c<\/em> doplnila <em><strong>Hana \u0160i\u0161kov\u00e1<\/strong><\/em>.\u00a0 \u00a0\u00a0<\/p>","protected":false},"excerpt":{"rendered":"[perex] Sedm\u00e1 m\u011bstsk\u00e1 \u010d\u00e1st pokra\u010duje v&nbsp;zaji\u0161t\u011bn\u00ed pomoci pro uprchl\u00edky z\u00a0Ukrajiny. V\u00a0pond\u011bl\u00ed 21.&nbsp;b\u0159ezna Praha&nbsp;7 otev\u0159ela \u010dty\u0159i adapta\u010dn\u00ed skupiny p\u0159i z\u00e1kladn\u00edch a&nbsp;mate\u0159sk\u00fdch \u0161kol\u00e1ch, do kter\u00fdch nyn\u00ed doch\u00e1z\u00ed 60 ukrajinsk\u00fdch d\u011bt\u00ed. Dal\u0161\u00ed skupiny jsou v\u00a0p\u0159\u00edprav\u011b. D\u011bti si zde pod veden\u00edm ukrajinsk\u00fdch i&nbsp;\u010desk\u00fdch pedagog\u016f a&nbsp;asistent\u016f budou zvykat na nov\u00e9 prost\u0159ed\u00ed, u\u010dit se \u010de\u0161tinu a&nbsp;p\u0159ipravovat se p\u0159echod k&nbsp;b\u011b\u017en\u00e9 v\u00fduce. V\u00edce [&hellip;]","protected":false},"author":5,"featured_media":55808,"comment_status":"closed","ping_status":"open","sticky":false,"template":"","format":"standard","meta":[],"categories":[34,74],"tags":[],"_links":{"self":[{"href":"https:\/\/www.praha7.cz\/api\/wp\/v2\/posts\/55801"}],"collection":[{"href":"https:\/\/www.praha7.cz\/api\/wp\/v2\/posts"}],"about":[{"href":"https:\/\/www.praha7.cz\/api\/wp\/v2\/types\/post"}],"author":[{"embeddable":true,"href":"https:\/\/www.praha7.cz\/api\/wp\/v2\/users\/5"}],"replies":[{"embeddable":true,"href":"https:\/\/www.praha7.cz\/api\/wp\/v2\/comments?post=55801"}],"version-history":[{"count":7,"href":"https:\/\/www.praha7.cz\/api\/wp\/v2\/posts\/55801\/revisions"}],"predecessor-version":[{"id":55997,"href":"https:\/\/www.praha7.cz\/api\/wp\/v2\/posts\/55801\/revisions\/55997"}],"wp:featuredmedia":[{"embeddable":true,"href":"https:\/\/www.praha7.cz\/api\/wp\/v2\/media\/55808"}],"wp:attachment":[{"href":"https:\/\/www.praha7.cz\/api\/wp\/v2\/media?parent=55801"}],"wp:term":[{"taxonomy":"category","embeddable":true,"href":"https:\/\/www.praha7.cz\/api\/wp\/v2\/categories?post=55801"},{"taxonomy":"post_tag","embeddable":true,"href":"https:\/\/www.praha7.cz\/api\/wp\/v2\/tags?post=55801"}],"curies":[{"name":"wp","href":"https:\/\/api.w.org\/{rel}","templated":true}]}}