    
{"id":55782,"date":"2022-03-18T12:37:28","date_gmt":"2022-03-18T11:37:28","guid":{"rendered":"https:\/\/www.praha7.cz\/?p=55782"},"modified":"2022-03-18T12:37:28","modified_gmt":"2022-03-18T11:37:28","slug":"matejska-pout-den-pro-handicapovane-a-deti-z-ukrajiny","status":"publish","type":"post","link":"https:\/\/www.praha7.cz\/matejska-pout-den-pro-handicapovane-a-deti-z-ukrajiny\/","title":{"rendered":"Mat\u011bjsk\u00e1 pou\u0165: Den pro handicapovan\u00e9 a&nbsp;d\u011bti z&nbsp;Ukrajiny"},"content":{"rendered":"<p>[perex]<\/p>\r\n<p>V pond\u011bl\u00ed 21.&nbsp;b\u0159ezna 2022 prob\u011bhne v&nbsp;r\u00e1mci Mat\u011bjsk\u00e9 pouti na pra\u017esk\u00e9m <a href=\"https:\/\/www.navystavisti.cz\/\" target=\"_blank\" rel=\"noopener\">V\u00fdstavi\u0161ti<\/a> program\u00a0pro handicapovan\u00e9 a&nbsp;d\u011bti uprchl\u00edk\u016f z&nbsp;Ukrajiny.\u00a0Ve\u0161ker\u00e9 pou\u0165ov\u00e9 atrakce jsou d\u011btem v&nbsp;\u010dase od 11 do 15 hodin k&nbsp;dispozici zdarma.\u00a0Od 15 do 18 hodin se pak uskute\u010dn\u00ed koncert u&nbsp;K\u0159i\u017e\u00edkovy font\u00e1ny.\u00a0Vystoup\u00ed Bohu\u0161 Matu\u0161, Olinka Rumlov\u00e1, Max\u00edci, Sabina Lacov\u00e1, Kl\u00e1ra Kolomazn\u00edkov\u00e1, d\u011btsk\u00e1 kapela \u010ciperkov\u00e9 a&nbsp;dal\u0161\u00ed.<\/p>\r\n<p>[\/perex]<\/p>\r\n<p><a href=\"https:\/\/www.praha7.cz\/wp-content\/uploads\/2022\/03\/Den-pro-handicapovan\u00e9-a-d\u011bti-z-Ukrajiny1.jpg\" target=\"_blank\" rel=\"noopener\"><img loading=\"lazy\" src=\"https:\/\/www.praha7.cz\/wp-content\/uploads\/2022\/03\/Den-pro-handicapovan\u00e9-a-d\u011bti-z-Ukrajiny1.jpg\" alt=\"\" width=\"2000\" height=\"2829\" class=\"alignnone wp-image-55784 size-full\" srcset=\"https:\/\/www.praha7.cz\/wp-content\/uploads\/2022\/03\/Den-pro-handicapovan\u00e9-a-d\u011bti-z-Ukrajiny1.jpg 2000w, https:\/\/www.praha7.cz\/wp-content\/uploads\/2022\/03\/Den-pro-handicapovan\u00e9-a-d\u011bti-z-Ukrajiny1-283x400.jpg 283w, https:\/\/www.praha7.cz\/wp-content\/uploads\/2022\/03\/Den-pro-handicapovan\u00e9-a-d\u011bti-z-Ukrajiny1-768x1086.jpg 768w, https:\/\/www.praha7.cz\/wp-content\/uploads\/2022\/03\/Den-pro-handicapovan\u00e9-a-d\u011bti-z-Ukrajiny1-707x1000.jpg 707w\" sizes=\"(max-width: 2000px) 100vw, 2000px\" \/><\/a><\/p>","protected":false},"excerpt":{"rendered":"[perex] V&nbsp;pond\u011bl\u00ed 21.&nbsp;b\u0159ezna 2022 prob\u011bhne v&nbsp;r\u00e1mci Mat\u011bjsk\u00e9 pouti na pra\u017esk\u00e9m V\u00fdstavi\u0161ti program\u00a0pro handicapovan\u00e9 a&nbsp;d\u011bti uprchl\u00edk\u016f z&nbsp;Ukrajiny.\u00a0Ve\u0161ker\u00e9 pou\u0165ov\u00e9 atrakce jsou d\u011btem v&nbsp;\u010dase od 11 do 15 hodin k&nbsp;dispozici zdarma.\u00a0Od 15 do 18 hodin se pak uskute\u010dn\u00ed koncert u&nbsp;K\u0159i\u017e\u00edkovy font\u00e1ny.\u00a0Vystoup\u00ed Bohu\u0161 Matu\u0161, Olinka Rumlov\u00e1, Max\u00edci, Sabina Lacov\u00e1, Kl\u00e1ra Kolomazn\u00edkov\u00e1, d\u011btsk\u00e1 kapela \u010ciperkov\u00e9 a&nbsp;dal\u0161\u00ed. [\/perex]","protected":false},"author":97,"featured_media":55783,"comment_status":"closed","ping_status":"open","sticky":false,"template":"","format":"standard","meta":[],"categories":[34],"tags":[],"_links":{"self":[{"href":"https:\/\/www.praha7.cz\/api\/wp\/v2\/posts\/55782"}],"collection":[{"href":"https:\/\/www.praha7.cz\/api\/wp\/v2\/posts"}],"about":[{"href":"https:\/\/www.praha7.cz\/api\/wp\/v2\/types\/post"}],"author":[{"embeddable":true,"href":"https:\/\/www.praha7.cz\/api\/wp\/v2\/users\/97"}],"replies":[{"embeddable":true,"href":"https:\/\/www.praha7.cz\/api\/wp\/v2\/comments?post=55782"}],"version-history":[{"count":1,"href":"https:\/\/www.praha7.cz\/api\/wp\/v2\/posts\/55782\/revisions"}],"predecessor-version":[{"id":55785,"href":"https:\/\/www.praha7.cz\/api\/wp\/v2\/posts\/55782\/revisions\/55785"}],"wp:featuredmedia":[{"embeddable":true,"href":"https:\/\/www.praha7.cz\/api\/wp\/v2\/media\/55783"}],"wp:attachment":[{"href":"https:\/\/www.praha7.cz\/api\/wp\/v2\/media?parent=55782"}],"wp:term":[{"taxonomy":"category","embeddable":true,"href":"https:\/\/www.praha7.cz\/api\/wp\/v2\/categories?post=55782"},{"taxonomy":"post_tag","embeddable":true,"href":"https:\/\/www.praha7.cz\/api\/wp\/v2\/tags?post=55782"}],"curies":[{"name":"wp","href":"https:\/\/api.w.org\/{rel}","templated":true}]}}