    
{"id":55773,"date":"2022-03-18T14:48:38","date_gmt":"2022-03-18T13:48:38","guid":{"rendered":"https:\/\/www.praha7.cz\/?p=55773"},"modified":"2024-02-21T15:25:09","modified_gmt":"2024-02-21T14:25:09","slug":"rekonstrukce-trvalkoveho-zahonu-v-ulici-kostelni-a-sadovnicka-uprava-stredoveho-pasu-v-ulici-jatecni","status":"publish","type":"post","link":"https:\/\/www.praha7.cz\/rekonstrukce-trvalkoveho-zahonu-v-ulici-kostelni-a-sadovnicka-uprava-stredoveho-pasu-v-ulici-jatecni\/","title":{"rendered":"Rekonstrukce trvalkov\u00e9ho z\u00e1honu v&nbsp;ul. Kosteln\u00ed a&nbsp;zelen\u00e9ho p\u00e1su v&nbsp;ul. Jate\u010dn\u00ed"},"content":{"rendered":"<p>[perex]<br \/>\r\nV\u00a0ulici Kosteln\u00ed pr\u00e1v\u011b prob\u00edh\u00e1 celkov\u00e1 rekonstrukce trvalkov\u00e9ho z\u00e1honu. Z\u00e1hon byl siln\u011b zaplevelen p\u00fdrem a&nbsp;p\u016fvodn\u00ed rostliny v\u00fdrazn\u011b znehodnoceny. Z\u00e1hon bude obnoven jako sm\u00ed\u0161en\u00fd z\u00e1hon s&nbsp;bohatou druhovou skladbou. Dokon\u010den\u00ed je pl\u00e1nov\u00e1no na duben. V\u00a0t\u00fddnu od 21.&nbsp;b\u0159ezna 2022 bude zah\u00e1jena sadov\u00e1 \u00faprava z\u00e1honu v\u00a0ulici Jate\u010dn\u00ed, kter\u00e1 by m\u011bla b\u00fdt dokon\u010dena v\u00a0pr\u016fb\u011bhu kv\u011btna.<br \/>\r\n[\/perex]<\/p>\r\n<p>Z\u00e1hon v&nbsp;Kosteln\u00ed ulici bude obnoven jako sm\u00ed\u0161en\u00fd z\u00e1hon s&nbsp;celoro\u010dn\u011b p\u016fsobivou a&nbsp;bohatou druhovou skladbou. V&nbsp;z\u00e1honu je od roku 2009 liniov\u00e1 v\u00fdsadba dev\u00edti mlad\u00fdch jerl\u00edn\u016f (Sophora japonica), proto projekt rekonstrukce z\u00e1honu \u0159e\u0161\u00ed tak\u00e9 zlep\u0161en\u00ed podm\u00ednek pro jejich r\u016fst vybudov\u00e1n\u00edm proko\u0159eniteln\u00fdch cest a&nbsp;sveden\u00ed ko\u0159en\u016f strom\u016f do v\u011bt\u0161\u00ed hloubky. Opat\u0159en\u00ed jsou navr\u017eena na z\u00e1klad\u011b pr\u016fzkumu proko\u0159en\u011bn\u00ed strom\u016f na stanovi\u0161ti. V&nbsp;prostoru cel\u00e9ho z\u00e1honu bude provedeno rozru\u0161en\u00ed zhutn\u011bn\u00e9ho podlo\u017e\u00ed a&nbsp;nav\u00e1\u017eka \u0161t\u011brkov\u00fdch substr\u00e1t\u016f, \u010d\u00edm\u017e dojde k&nbsp;provzdu\u0161n\u011bn\u00ed a&nbsp;zlep\u0161en\u00ed struktury p\u016fdy a&nbsp;k&nbsp;vy\u0161\u0161\u00ed infiltraci sr\u00e1\u017eek. Reten\u010dn\u00ed schopnost zelen\u00e9ho p\u00e1su bude podpo\u0159ena modelac\u00ed m\u00edrn\u00fdch ter\u00e9nn\u00edch prohlubn\u00ed mezi stromy. Bude vybudov\u00e1no p\u011bt pr\u016fchod\u016f pro p\u011b\u0161\u00ed a&nbsp;cel\u00fd z\u00e1hon bude oplocen lanov\u00fdm pl\u016ftkem. Ve spolupr\u00e1ci s\u00a0Technologiemi hl. m. Prahy dojde k\u00a0obnov\u011b kabel\u00e1\u017ee st\u00e1vaj\u00edc\u00edch lamp ve\u0159ejn\u00e9ho osv\u011btlen\u00ed. Dokon\u010den\u00ed je pl\u00e1nov\u00e1no na konec dubna 2022, na podzim pak prob\u011bhne dosadba cibulovin.<\/p>\r\n<p>&nbsp;<\/p>\r\n<p><img loading=\"lazy\" src=\"https:\/\/www.praha7.cz\/wp-content\/uploads\/2022\/03\/kostelni_zahony-1333x1000.jpg\" alt=\"\" width=\"640\" height=\"480\" class=\"alignnone wp-image-55774 size-large\" srcset=\"https:\/\/www.praha7.cz\/wp-content\/uploads\/2022\/03\/kostelni_zahony-1333x1000.jpg 1333w, https:\/\/www.praha7.cz\/wp-content\/uploads\/2022\/03\/kostelni_zahony-533x400.jpg 533w, https:\/\/www.praha7.cz\/wp-content\/uploads\/2022\/03\/kostelni_zahony-768x576.jpg 768w\" sizes=\"(max-width: 640px) 100vw, 640px\" \/><\/p>\r\n<p>&nbsp;<\/p>\r\n<p>Z\u00e1hon v&nbsp;ulici Kosteln\u00ed po dokon\u010den\u00ed:<\/p>\r\n<p><img loading=\"lazy\" src=\"https:\/\/www.praha7.cz\/wp-content\/uploads\/2022\/03\/smiseny-zahon-v-ulici-kostelni-1500x729.jpg\" alt=\"\" width=\"640\" height=\"311\" class=\"alignnone size-large wp-image-73835\" srcset=\"https:\/\/www.praha7.cz\/wp-content\/uploads\/2022\/03\/smiseny-zahon-v-ulici-kostelni-1500x729.jpg 1500w, https:\/\/www.praha7.cz\/wp-content\/uploads\/2022\/03\/smiseny-zahon-v-ulici-kostelni-600x292.jpg 600w, https:\/\/www.praha7.cz\/wp-content\/uploads\/2022\/03\/smiseny-zahon-v-ulici-kostelni-768x373.jpg 768w, https:\/\/www.praha7.cz\/wp-content\/uploads\/2022\/03\/smiseny-zahon-v-ulici-kostelni-1536x746.jpg 1536w, https:\/\/www.praha7.cz\/wp-content\/uploads\/2022\/03\/smiseny-zahon-v-ulici-kostelni-2048x995.jpg 2048w\" sizes=\"(max-width: 640px) 100vw, 640px\" \/><\/p>\r\n<p>&nbsp;<\/p>\r\n<p>V\u00a0t\u00fddnu od 21.&nbsp;b\u0159ezna 2022 bude zah\u00e1jena sadov\u00e1 \u00faprava z\u00e1honu v\u00a0ulici Jate\u010dn\u00ed. Zahrnuje vytvo\u0159en\u00ed mlatov\u00e9 cesty vedouc\u00ed st\u0159edem st\u00e1vaj\u00edc\u00edho zelen\u00e9ho p\u00e1su. Ta bude p\u00e1s rozd\u011blovat na \u010d\u00e1st severn\u00ed a&nbsp;\u010d\u00e1st ji\u017en\u00ed. Severn\u00ed \u010d\u00e1st se st\u00e1vaj\u00edc\u00edm stromo\u0159ad\u00edm bude nov\u011b zatravn\u011bna. V\u00a0ji\u017en\u00ed \u010d\u00e1sti budou zalo\u017eeny trvalkov\u00e9 z\u00e1hony extenzivn\u00edho charakteru. Slo\u017een\u00ed trvalek vych\u00e1z\u00ed ze sm\u011bsi Pr\u016fhonick\u00e1 pestr\u00e1 sm\u011bs, kter\u00e1 byla upravena na m\u00edstn\u00ed podm\u00ednky. Sou\u010d\u00e1st\u00ed bude i&nbsp;vysazen\u00ed sm\u011bsi cibulovin (na podzim) a&nbsp;vytvo\u0159en\u00ed ochrany proti pob\u00edh\u00e1n\u00ed ps\u016f v\u00a0z\u00e1honech. St\u0159edov\u00e1 cesta bude nov\u011b osazena lavi\u010dkami a&nbsp;odpadkov\u00fdmi ko\u0161i v\u010detn\u011b ko\u0161\u016f na ps\u00ed exkrementy. Pro zaji\u0161t\u011bn\u00ed prostupnosti mezi z\u00e1hony budou zhotoveny t\u0159i p\u0159\u00ed\u010dn\u00e9 cesty. Dokon\u010den\u00ed je pl\u00e1nov\u00e1no na kv\u011bten tohoto roku.<\/p>\r\n<p>&nbsp;<\/p>\r\n<p>Z\u00e1hon v&nbsp;ulici Jate\u010dn\u00ed po dokon\u010den\u00ed:<\/p>\r\n<p><img loading=\"lazy\" src=\"https:\/\/www.praha7.cz\/wp-content\/uploads\/2022\/03\/trvalkovy-zahon-jatecni-1500x729.jpg\" alt=\"\" width=\"640\" height=\"311\" class=\"alignnone size-large wp-image-73836\" srcset=\"https:\/\/www.praha7.cz\/wp-content\/uploads\/2022\/03\/trvalkovy-zahon-jatecni-1500x729.jpg 1500w, https:\/\/www.praha7.cz\/wp-content\/uploads\/2022\/03\/trvalkovy-zahon-jatecni-600x292.jpg 600w, https:\/\/www.praha7.cz\/wp-content\/uploads\/2022\/03\/trvalkovy-zahon-jatecni-768x373.jpg 768w, https:\/\/www.praha7.cz\/wp-content\/uploads\/2022\/03\/trvalkovy-zahon-jatecni-1536x746.jpg 1536w, https:\/\/www.praha7.cz\/wp-content\/uploads\/2022\/03\/trvalkovy-zahon-jatecni-2048x995.jpg 2048w\" sizes=\"(max-width: 640px) 100vw, 640px\" \/>\u00a0<\/p>","protected":false},"excerpt":{"rendered":"[perex] V\u00a0ulici Kosteln\u00ed pr\u00e1v\u011b prob\u00edh\u00e1 celkov\u00e1 rekonstrukce trvalkov\u00e9ho z\u00e1honu. Z\u00e1hon byl siln\u011b zaplevelen p\u00fdrem a&nbsp;p\u016fvodn\u00ed rostliny v\u00fdrazn\u011b znehodnoceny. Z\u00e1hon bude obnoven jako sm\u00ed\u0161en\u00fd z\u00e1hon s&nbsp;bohatou druhovou skladbou. Dokon\u010den\u00ed je pl\u00e1nov\u00e1no na duben. V\u00a0t\u00fddnu od 21.&nbsp;b\u0159ezna 2022 bude zah\u00e1jena sadov\u00e1 \u00faprava z\u00e1honu v\u00a0ulici Jate\u010dn\u00ed, kter\u00e1 by m\u011bla b\u00fdt dokon\u010dena v\u00a0pr\u016fb\u011bhu kv\u011btna. [\/perex] Z\u00e1hon v&nbsp;Kosteln\u00ed ulici bude [&hellip;]","protected":false},"author":251,"featured_media":51794,"comment_status":"closed","ping_status":"open","sticky":false,"template":"","format":"standard","meta":[],"categories":[34],"tags":[],"_links":{"self":[{"href":"https:\/\/www.praha7.cz\/api\/wp\/v2\/posts\/55773"}],"collection":[{"href":"https:\/\/www.praha7.cz\/api\/wp\/v2\/posts"}],"about":[{"href":"https:\/\/www.praha7.cz\/api\/wp\/v2\/types\/post"}],"author":[{"embeddable":true,"href":"https:\/\/www.praha7.cz\/api\/wp\/v2\/users\/251"}],"replies":[{"embeddable":true,"href":"https:\/\/www.praha7.cz\/api\/wp\/v2\/comments?post=55773"}],"version-history":[{"count":10,"href":"https:\/\/www.praha7.cz\/api\/wp\/v2\/posts\/55773\/revisions"}],"predecessor-version":[{"id":73837,"href":"https:\/\/www.praha7.cz\/api\/wp\/v2\/posts\/55773\/revisions\/73837"}],"wp:featuredmedia":[{"embeddable":true,"href":"https:\/\/www.praha7.cz\/api\/wp\/v2\/media\/51794"}],"wp:attachment":[{"href":"https:\/\/www.praha7.cz\/api\/wp\/v2\/media?parent=55773"}],"wp:term":[{"taxonomy":"category","embeddable":true,"href":"https:\/\/www.praha7.cz\/api\/wp\/v2\/categories?post=55773"},{"taxonomy":"post_tag","embeddable":true,"href":"https:\/\/www.praha7.cz\/api\/wp\/v2\/tags?post=55773"}],"curies":[{"name":"wp","href":"https:\/\/api.w.org\/{rel}","templated":true}]}}