    
{"id":55749,"date":"2022-03-17T13:21:13","date_gmt":"2022-03-17T12:21:13","guid":{"rendered":"https:\/\/www.praha7.cz\/?p=55749"},"modified":"2022-03-17T13:21:23","modified_gmt":"2022-03-17T12:21:23","slug":"umeni-pro-ukrajinu-aukcni-drazba-4-galerii-z-prahy-7","status":"publish","type":"post","link":"https:\/\/www.praha7.cz\/umeni-pro-ukrajinu-aukcni-drazba-4-galerii-z-prahy-7\/","title":{"rendered":"Um\u011bn\u00ed pro Ukrajinu \u2013 auk\u010dn\u00ed dra\u017eba 4 galeri\u00ed z&nbsp;Prahy&nbsp;7"},"content":{"rendered":"<p>[perex]<\/p>\r\n<p>\u010cty\u0159i galerie z&nbsp;Prahy&nbsp;7 se spojily v&nbsp;projektu <a href=\"https:\/\/www.umeniproukrajinu.cz\/\">Um\u011bn\u00ed pro Ukrajinu<\/a> a&nbsp;za podpory autor\u016f, s&nbsp;nimi\u017e spolupracuj\u00ed, po\u0159\u00e1daj\u00ed spole\u010dn\u011b aukci d\u011bl v\u00edce ne\u017e 130 sou\u010dasn\u00fdch um\u011blc\u016f, kte\u0159\u00ed se rozhodli sv\u00fdmi d\u00edly p\u0159isp\u011bt k&nbsp;podpo\u0159e v\u00e1lkou zasa\u017een\u00e9 Ukrajiny. P\u0159eduauk\u010dn\u00ed v\u00fdstava v&nbsp;Bold Gallery je k&nbsp;vid\u011bn\u00ed denn\u011b do 19.&nbsp;3.&nbsp;2022 od 14 do 18 hodin. Aukce bude\u00a0ukon\u010dena v&nbsp;sobotu 19.&nbsp;3.&nbsp;2022 v&nbsp;Centru sou\u010dasn\u00e9ho um\u011bn\u00ed DOX a&nbsp;tak\u00e9 online na str\u00e1nce <a href=\"https:\/\/www.umeniproukrajinu.cz\/\">umeniproukrajinu.cz<\/a>. V\u00fdt\u011b\u017eek z&nbsp;aukce ve v\u00fd\u0161i 100&nbsp;% poputuje do sb\u00edrky SOS Ukrajina \u010clov\u011bka v&nbsp;t\u00edsni. Za projektem stoj\u00ed \u2013\u00a0(<a href=\"https:\/\/www.boldgallery.art\/\">Bold Gallery<\/a>, <a href=\"https:\/\/www.dox.cz\/\">DOX<\/a>, <a href=\"https:\/\/www.thechemistry.art\/\">The Chemistry Gallery<\/a> a&nbsp;<a href=\"https:\/\/trafogallery.cz\/\">Trafo Gallery<\/a>.\u00a0<\/p>\r\n<p>[\/perex]<\/p>\r\n<p>\u201e<em>Um\u011bn\u00ed m\u00e1 mnoho pozitivn\u00edch funkc\u00ed a&nbsp;tentokr\u00e1t spojilo nejen n\u00e1s galeristy a&nbsp;velkou skupinu um\u011blc\u016f, ale douf\u00e1me i&nbsp;na\u0161e spole\u010dn\u00e9 podporovatele. D\u00edky tomu p\u0159isp\u011bjeme Ukrajin\u011b t\u00edm, co um\u00edme nejl\u00e9pe. S&nbsp;obdivem k&nbsp;tomu n\u011bco dok\u00e1zat a&nbsp;ne n\u011bco ni\u010dit<\/em>\u201d, \u0159\u00edk\u00e1 za iniciativu Um\u011bn\u00ed pro Ukrajinu <strong>Blanka \u010cerm\u00e1kov\u00e1 ze spolupo\u0159\u00e1daj\u00edc\u00ed Trafo Gallery<\/strong>.<\/p>\r\n<p>&nbsp;<\/p>\r\n<p><a href=\"https:\/\/www.praha7.cz\/umeni-pro-ukrajinu-aukcni-drazba-4-galerii-z-prahy-7\/umeni-pro-ukrajinu-poster-a5_letak2\/\" rel=\"attachment wp-att-55756\"><img loading=\"lazy\" src=\"https:\/\/www.praha7.cz\/wp-content\/uploads\/2022\/03\/umeni-pro-ukrajinu-POSTER-A5_letak2.jpg\" alt=\"\" width=\"2480\" height=\"1748\" class=\"alignnone wp-image-55756 size-full\" srcset=\"https:\/\/www.praha7.cz\/wp-content\/uploads\/2022\/03\/umeni-pro-ukrajinu-POSTER-A5_letak2.jpg 2480w, https:\/\/www.praha7.cz\/wp-content\/uploads\/2022\/03\/umeni-pro-ukrajinu-POSTER-A5_letak2-568x400.jpg 568w, https:\/\/www.praha7.cz\/wp-content\/uploads\/2022\/03\/umeni-pro-ukrajinu-POSTER-A5_letak2-768x541.jpg 768w, https:\/\/www.praha7.cz\/wp-content\/uploads\/2022\/03\/umeni-pro-ukrajinu-POSTER-A5_letak2-1419x1000.jpg 1419w\" sizes=\"(max-width: 2480px) 100vw, 2480px\" \/><\/a><\/p>","protected":false},"excerpt":{"rendered":"[perex] \u010cty\u0159i galerie z&nbsp;Prahy&nbsp;7 se spojily v&nbsp;projektu Um\u011bn\u00ed pro Ukrajinu a&nbsp;za podpory autor\u016f, s&nbsp;nimi\u017e spolupracuj\u00ed, po\u0159\u00e1daj\u00ed spole\u010dn\u011b aukci d\u011bl v\u00edce ne\u017e 130 sou\u010dasn\u00fdch um\u011blc\u016f, kte\u0159\u00ed se rozhodli sv\u00fdmi d\u00edly p\u0159isp\u011bt k&nbsp;podpo\u0159e v\u00e1lkou zasa\u017een\u00e9 Ukrajiny. P\u0159eduauk\u010dn\u00ed v\u00fdstava v&nbsp;Bold Gallery je k&nbsp;vid\u011bn\u00ed denn\u011b do 19.&nbsp;3.&nbsp;2022 od 14 do 18 hodin. Aukce bude\u00a0ukon\u010dena v&nbsp;sobotu 19.&nbsp;3.&nbsp;2022 v&nbsp;Centru sou\u010dasn\u00e9ho um\u011bn\u00ed [&hellip;]","protected":false},"author":76,"featured_media":55750,"comment_status":"closed","ping_status":"open","sticky":false,"template":"","format":"standard","meta":[],"categories":[34],"tags":[],"_links":{"self":[{"href":"https:\/\/www.praha7.cz\/api\/wp\/v2\/posts\/55749"}],"collection":[{"href":"https:\/\/www.praha7.cz\/api\/wp\/v2\/posts"}],"about":[{"href":"https:\/\/www.praha7.cz\/api\/wp\/v2\/types\/post"}],"author":[{"embeddable":true,"href":"https:\/\/www.praha7.cz\/api\/wp\/v2\/users\/76"}],"replies":[{"embeddable":true,"href":"https:\/\/www.praha7.cz\/api\/wp\/v2\/comments?post=55749"}],"version-history":[{"count":9,"href":"https:\/\/www.praha7.cz\/api\/wp\/v2\/posts\/55749\/revisions"}],"predecessor-version":[{"id":55761,"href":"https:\/\/www.praha7.cz\/api\/wp\/v2\/posts\/55749\/revisions\/55761"}],"wp:featuredmedia":[{"embeddable":true,"href":"https:\/\/www.praha7.cz\/api\/wp\/v2\/media\/55750"}],"wp:attachment":[{"href":"https:\/\/www.praha7.cz\/api\/wp\/v2\/media?parent=55749"}],"wp:term":[{"taxonomy":"category","embeddable":true,"href":"https:\/\/www.praha7.cz\/api\/wp\/v2\/categories?post=55749"},{"taxonomy":"post_tag","embeddable":true,"href":"https:\/\/www.praha7.cz\/api\/wp\/v2\/tags?post=55749"}],"curies":[{"name":"wp","href":"https:\/\/api.w.org\/{rel}","templated":true}]}}