    
{"id":55639,"date":"2022-03-15T11:04:12","date_gmt":"2022-03-15T10:04:12","guid":{"rendered":"https:\/\/www.praha7.cz\/?p=55639"},"modified":"2022-03-15T11:04:12","modified_gmt":"2022-03-15T10:04:12","slug":"tichy-svet-nabizi-sve-sluzby-lidem-s-poruchou-sluchu-z-ukrajiny","status":"publish","type":"post","link":"https:\/\/www.praha7.cz\/tichy-svet-nabizi-sve-sluzby-lidem-s-poruchou-sluchu-z-ukrajiny\/","title":{"rendered":"Tich\u00fd sv\u011bt nab\u00edz\u00ed sv\u00e9 slu\u017eby lidem s&nbsp;poruchou sluchu z&nbsp;Ukrajiny\u00a0"},"content":{"rendered":"<p>[perex]<\/p>\r\n<p>Mezi lidmi, kte\u0159\u00ed byli nuceni kv\u016fli v\u00e1lce ve sv\u00e9 vlasti opustit sv\u00e9 domovy a&nbsp;p\u0159ij\u00edt do \u010cesk\u00e9 republiky, jsou i&nbsp;lid\u00e9 s&nbsp;poruchou sluchu, kte\u0159\u00ed se u&nbsp;n\u00e1s pot\u00fdkaj\u00ed s&nbsp;hned dvojitou komunika\u010dn\u00ed bari\u00e9rou. Nejen, \u017ee neovl\u00e1daj\u00ed psanou \u010de\u0161tinu, ale tak\u00e9 neznaj\u00ed \u010desk\u00fd znakov\u00fd jazyk. V&nbsp;t\u00e9to slo\u017eit\u00e9 situaci jim mohou pomoci konzultantky a&nbsp;konzultanti organizace <a href=\"https:\/\/www.tichysvet.cz\/\">Tich\u00fd sv\u011bt<\/a>. D\u016fle\u017eit\u00e9 informace jsou zve\u0159ej\u0148ov\u00e1ny v\u00a0obou jazyc\u00edch a\u00a0to jak ve znakov\u00e9, tak psan\u00e9 podob\u011b.<\/p>\r\n<p>[\/perex]<\/p>\r\n<p>Sluchov\u011b posti\u017een\u00ed nebo jejich rodinn\u00ed p\u0159\u00edslu\u0161n\u00edci a&nbsp;lid\u00e9, kte\u0159\u00ed jim pom\u00e1haj\u00ed, se mohou obr\u00e1tit na kteroukoliv pobo\u010dku Tich\u00e9ho sv\u011bta, kde jim bude nab\u00eddnuta podpora.<\/p>\r\n<p>Ukrajince s&nbsp;poruchou sluchu zde mohou podpo\u0159it nap\u0159\u00edklad p\u0159i \u0159e\u0161en\u00ed setrv\u00e1n\u00ed nebo cesty jejich rodiny do \u010ceska. D\u00e1le t\u0159eba s&nbsp;vy\u0159\u00edzen\u00edm r\u016fzn\u00fdch povolen\u00ed, s&nbsp;um\u00edst\u011bn\u00edm d\u011bt\u00ed do vzd\u011bl\u00e1vac\u00edch za\u0159\u00edzen\u00ed, s&nbsp;hled\u00e1n\u00edm pr\u00e1ce a&nbsp;v&nbsp;mnoha dal\u0161\u00edch oblastech. V&nbsp;p\u0159\u00edpad\u011b pot\u0159eby je tak\u00e9 pomohou nasm\u011brovat na dal\u0161\u00ed organizace a&nbsp;iniciativy v\u011bnuj\u00edc\u00ed se podpo\u0159e lid\u00ed se sluchov\u00fdm posti\u017een\u00edm.<\/p>\r\n<p>Tich\u00fd sv\u011bt moment\u00e1ln\u011b zve\u0159ej\u0148uje d\u016fle\u017eit\u00e9 informace pro klienty na sv\u00e9m <a href=\"https:\/\/www.tichysvet.cz\/\">webu<\/a> a&nbsp;<a href=\"https:\/\/www.facebook.com\/tichysvet\">Facebooku<\/a> v&nbsp;obou jazyc\u00edch a&nbsp;to jak ve znakov\u00e9, tak psan\u00e9 podob\u011b. Z\u00e1rove\u0148 navazuje a&nbsp;roz\u0161i\u0159uje spolupr\u00e1ci s&nbsp;kolegyn\u011bmi a&nbsp;kolegy, kte\u0159\u00ed ovl\u00e1daj\u00ed \u010desk\u00fd i&nbsp;ukrajinsk\u00fd znakov\u00fd jazyk.<br \/>\r\n<br \/>\r\n<\/p>\r\n<p><a href=\"https:\/\/www.praha7.cz\/tichy-svet-nabizi-sve-sluzby-lidem-s-poruchou-sluchu-z-ukrajiny\/tichy-svet_cz\/\" rel=\"attachment wp-att-55640\"><img loading=\"lazy\" src=\"https:\/\/www.praha7.cz\/wp-content\/uploads\/2022\/03\/tichy-sv\u011bt_cz-468x400.png\" alt=\"\" width=\"468\" height=\"400\" class=\"alignnone wp-image-55640 size-medium\" srcset=\"https:\/\/www.praha7.cz\/wp-content\/uploads\/2022\/03\/tichy-sv\u011bt_cz-468x400.png 468w, https:\/\/www.praha7.cz\/wp-content\/uploads\/2022\/03\/tichy-sv\u011bt_cz.png 660w\" sizes=\"(max-width: 468px) 100vw, 468px\" \/><\/a><br \/>\r\n<br \/>\r\n<br \/>\r\n<a href=\"https:\/\/www.praha7.cz\/tichy-svet-nabizi-sve-sluzby-lidem-s-poruchou-sluchu-z-ukrajiny\/tichy-svet_uk\/\" rel=\"attachment wp-att-55641\"><img loading=\"lazy\" src=\"https:\/\/www.praha7.cz\/wp-content\/uploads\/2022\/03\/tichy-svet_uk-468x400.png\" alt=\"\" width=\"468\" height=\"400\" class=\"alignnone wp-image-55641 size-medium\" srcset=\"https:\/\/www.praha7.cz\/wp-content\/uploads\/2022\/03\/tichy-svet_uk-468x400.png 468w, https:\/\/www.praha7.cz\/wp-content\/uploads\/2022\/03\/tichy-svet_uk.png 659w\" sizes=\"(max-width: 468px) 100vw, 468px\" \/><\/a><\/p>\r\n<p><em>Kontakt:\u00a0<\/em><br \/>\r\nMgr. Eva \u0160t\u00edpkov\u00e1, vedouc\u00ed komunikace, <a href=\"mailto:eva.stipkova@tichysvet.cz\">eva.stipkova@tichysvet.cz<\/a>, 603&nbsp;593&nbsp;623<\/p>\r\n<p>Mgr. Olga Blahovcov\u00e1, vedouc\u00ed soci\u00e1ln\u00edch slu\u017eeb, <a href=\"mailto:olga.blahovcova@tichysvet.cz\">olga.blahovcova@tichysvet.cz<\/a>, 607&nbsp;048\u00a0579<\/p>","protected":false},"excerpt":{"rendered":"[perex] Mezi lidmi, kte\u0159\u00ed byli nuceni kv\u016fli v\u00e1lce ve sv\u00e9 vlasti opustit sv\u00e9 domovy a&nbsp;p\u0159ij\u00edt do \u010cesk\u00e9 republiky, jsou i&nbsp;lid\u00e9 s&nbsp;poruchou sluchu, kte\u0159\u00ed se u&nbsp;n\u00e1s pot\u00fdkaj\u00ed s&nbsp;hned dvojitou komunika\u010dn\u00ed bari\u00e9rou. Nejen, \u017ee neovl\u00e1daj\u00ed psanou \u010de\u0161tinu, ale tak\u00e9 neznaj\u00ed \u010desk\u00fd znakov\u00fd jazyk. V&nbsp;t\u00e9to slo\u017eit\u00e9 situaci jim mohou pomoci konzultantky a&nbsp;konzultanti organizace Tich\u00fd sv\u011bt. D\u016fle\u017eit\u00e9 informace jsou [&hellip;]","protected":false},"author":76,"featured_media":55640,"comment_status":"closed","ping_status":"open","sticky":false,"template":"","format":"standard","meta":[],"categories":[34],"tags":[],"_links":{"self":[{"href":"https:\/\/www.praha7.cz\/api\/wp\/v2\/posts\/55639"}],"collection":[{"href":"https:\/\/www.praha7.cz\/api\/wp\/v2\/posts"}],"about":[{"href":"https:\/\/www.praha7.cz\/api\/wp\/v2\/types\/post"}],"author":[{"embeddable":true,"href":"https:\/\/www.praha7.cz\/api\/wp\/v2\/users\/76"}],"replies":[{"embeddable":true,"href":"https:\/\/www.praha7.cz\/api\/wp\/v2\/comments?post=55639"}],"version-history":[{"count":7,"href":"https:\/\/www.praha7.cz\/api\/wp\/v2\/posts\/55639\/revisions"}],"predecessor-version":[{"id":55651,"href":"https:\/\/www.praha7.cz\/api\/wp\/v2\/posts\/55639\/revisions\/55651"}],"wp:featuredmedia":[{"embeddable":true,"href":"https:\/\/www.praha7.cz\/api\/wp\/v2\/media\/55640"}],"wp:attachment":[{"href":"https:\/\/www.praha7.cz\/api\/wp\/v2\/media?parent=55639"}],"wp:term":[{"taxonomy":"category","embeddable":true,"href":"https:\/\/www.praha7.cz\/api\/wp\/v2\/categories?post=55639"},{"taxonomy":"post_tag","embeddable":true,"href":"https:\/\/www.praha7.cz\/api\/wp\/v2\/tags?post=55639"}],"curies":[{"name":"wp","href":"https:\/\/api.w.org\/{rel}","templated":true}]}}