    
{"id":55400,"date":"2022-03-08T12:53:31","date_gmt":"2022-03-08T11:53:31","guid":{"rendered":"https:\/\/www.praha7.cz\/?p=55400"},"modified":"2022-03-08T12:53:31","modified_gmt":"2022-03-08T11:53:31","slug":"kapitoly-z-dejin-ostrova-stvanice-ii","status":"publish","type":"post","link":"https:\/\/www.praha7.cz\/kapitoly-z-dejin-ostrova-stvanice-ii\/","title":{"rendered":"Kapitoly z\u00a0d\u011bjin ostrova \u0160tvanice II."},"content":{"rendered":"<p>[perex]<\/p>\r\n<p>Strategick\u00e1 poloha \u0160tvanice opakovan\u011b sehr\u00e1la v\u00fdznamnou roli p\u0159i vojensk\u00fdch operac\u00edch pobl\u00ed\u017e Prahy. T\u00e1bo\u0159il zde Jan \u017di\u017eka, b\u011bhem t\u0159icetilet\u00e9 v\u00e1lky ostrov n\u011bkolikr\u00e1t vyu\u017eila vojska \u00fato\u010d\u00edc\u00ed na m\u011bsto. Na \u0160tvanici se skladoval st\u0159eln\u00fd prach a\u00a0z\u00e1rove\u0148 tu trvale \u017eili lid\u00e9, kter\u00e9 \u017eivila pol\u00ed\u010dka se zeleninou p\u0159\u00edmo na ostrov\u011b, pop\u0159\u00edpad\u011b lov ryb v\u00a0\u0159ece. V\u00a0druh\u00e9 polovin\u011b 17.&nbsp;stolet\u00ed se v\u0161ak charakter m\u00edsta a\u00a0zejm\u00e9na jeho vyu\u017eit\u00ed za\u010daly pozvolna prom\u011b\u0148ovat.<\/p>\r\n<p>[\/perex]<\/p>\r\n<p>Po t\u0159icetilet\u00e9 v\u00e1lce vst\u00e1v\u00e1 Praha pozvolna z\u00a0popela. I\u00a0na \u0160tvanici znovu obnovuj\u00ed sv\u00e1 pol\u00ed\u010dka drobn\u00ed p\u011bstitel\u00e9 zeleniny. \u017divot se vrac\u00ed tak\u00e9 do obou obc\u00ed na b\u0159ez\u00edch Vltavy proti ostrovu \u2013 v\u00a0Bubnech se opravuje kostel sv. Klimenta, ve \u0160pit\u00e1lsku (Karl\u00edn\u011b) pak tam\u011bj\u0161\u00ed kostel sv. Pavla. Na ostrov op\u011bt m\u00ed\u0159\u00ed i\u00a0bohat\u00ed Pra\u017ean\u00e9 za svou obl\u00edbenou kratochv\u00edl\u00ed \u2013 lukost\u0159elbou. Poklidn\u00fd \u017eivot v\u00a0barokn\u00ed Praze v\u00fdznamn\u00fdm zp\u016fsobem naru\u0161uje epidemie moru na ja\u0159e 1680. Nemoc kosila Pra\u017eany po des\u00edtk\u00e1ch denn\u011b, nejposti\u017een\u011bj\u0161\u00ed bylo \u017didovsk\u00e9 M\u011bsto. Zdej\u0161\u00ed obyvatel\u00e9 byli odsunuti za m\u011bstsk\u00e9 hradby do speci\u00e1ln\u00edho t\u00e1bora a\u00a0podobn\u00fd osud \u010dekal i\u00a0pra\u017eskou vojenskou pos\u00e1dku. Koncem kv\u011btna odt\u00e1hli voj\u00e1ci na \u0160tvanici, kde si zbudovali improvizovan\u00fd t\u00e1bor. Navzdory t\u00e9to \u201ekarant\u00e9n\u011b\u201c zem\u0159ely stovky voj\u00e1k\u016f, nav\u00edc nakazili i\u00a0zdej\u0161\u00ed ryb\u00e1\u0159e a\u00a0jejich rodiny. Ob\u011bt\u00ed bylo nakonec tolik, \u017ee h\u0159bitov u\u00a0kostela sv. Pavla nedosta\u010doval a\u00a0bylo nutn\u00e9 z\u0159\u00eddit zvl\u00e1\u0161tn\u00ed hromadn\u00e9 hroby. Odhaduje se, \u017ee mor tehdy zahubil osm tis\u00edc lid\u00ed, zhruba \u010dtvrtinu obyvatel Prahy.<\/p>\r\n<p>V\u00a0druh\u00e9 polovin\u011b 17.&nbsp;stolet\u00ed za\u010dalo do \u010cech pronikat divadlo, Prahu tehdy ka\u017edoro\u010dn\u011b nav\u0161t\u011bvovaly divadeln\u00ed spole\u010dnosti ze zahrani\u010d\u00ed. P\u0159edstaven\u00ed m\u011bla, v\u00a0duchu tehdej\u0161\u00ed barokn\u00ed zbo\u017enosti, zejm\u00e9na n\u00e1bo\u017eensk\u00fd obsah a\u00a0byla ur\u010dena p\u0159edev\u0161\u00edm nobilit\u011b, tedy nejvy\u0161\u0161\u00edm spole\u010densk\u00fdm vrstv\u00e1m. O\u00a0povyra\u017een\u00ed m\u011bla ov\u0161em z\u00e1jem i\u00a0ni\u017e\u0161\u00ed spole\u010densk\u00e1 vrstva, m\u011b\u0161\u0165anstvo. T\u00e9to popt\u00e1vce vy\u0161li koncem 17.&nbsp;stolet\u00ed vst\u0159\u00edc podnikatel\u00e9, kte\u0159\u00ed inspirov\u00e1ni podobn\u00fdmi atrakcemi ve V\u00eddni p\u0159ivezli do Prahy z\u00e1pasy zv\u00ed\u0159at, takzvan\u00e9 \u0161tvanice, kter\u00e9 se v\u00a0letn\u00edch m\u011bs\u00edc\u00edch odehr\u00e1valy v\u00a0otev\u0159en\u00fdch ar\u00e9n\u00e1ch. Pro tyto z\u00e1bavy bylo vyhrazeno m\u00edsto pobl\u00ed\u017e tehdej\u0161\u00ed Po\u0159\u00ed\u010dsk\u00e9 br\u00e1ny (na T\u011b\u0161nov\u011b). Kv\u016fli st\u00ed\u017enostem na hluk se v\u0161ak m\u011bsto rozhodlo p\u0159esunout tyto aktivity na ostrov Velk\u00e9 Ben\u00e1tky, k\u00a0\u010demu\u017e do\u0161lo pravd\u011bpodobn\u011b na sam\u00e9m po\u010d\u00e1tku 18.&nbsp;stolet\u00ed. Vznikla zde d\u0159ev\u011bn\u00e1 ar\u00e9na, jak\u00e1si p\u0159edch\u016fdkyn\u011b d\u0159ev\u011bn\u00fdch divadel zn\u00e1m\u00fdch z\u00a0druh\u00e9 poloviny stolet\u00ed.<br \/>\r\n<br \/>\r\n<\/p>\r\n<p><a href=\"https:\/\/www.praha7.cz\/kapitoly-z-dejin-ostrova-stvanice-ii\/01-karel-postl-svacina-na-stvanici-kolem-r-1800\/\" rel=\"attachment wp-att-55403\"><img loading=\"lazy\" src=\"https:\/\/www.praha7.cz\/wp-content\/uploads\/2022\/03\/01-Karel-Postl-svac\u030cina-na-s\u030ctvanici-kolem-r.-1800-736x1000.jpg\" alt=\"\" width=\"640\" height=\"870\" class=\"alignnone wp-image-55403 size-large\" srcset=\"https:\/\/www.praha7.cz\/wp-content\/uploads\/2022\/03\/01-Karel-Postl-svac\u030cina-na-s\u030ctvanici-kolem-r.-1800-736x1000.jpg 736w, https:\/\/www.praha7.cz\/wp-content\/uploads\/2022\/03\/01-Karel-Postl-svac\u030cina-na-s\u030ctvanici-kolem-r.-1800-294x400.jpg 294w, https:\/\/www.praha7.cz\/wp-content\/uploads\/2022\/03\/01-Karel-Postl-svac\u030cina-na-s\u030ctvanici-kolem-r.-1800-768x1044.jpg 768w, https:\/\/www.praha7.cz\/wp-content\/uploads\/2022\/03\/01-Karel-Postl-svac\u030cina-na-s\u030ctvanici-kolem-r.-1800.jpg 931w\" sizes=\"(max-width: 640px) 100vw, 640px\" \/><\/a><br \/>\r\n<em>Kresba Sva\u010dina na \u0160tvanici od mal\u00ed\u0159e Karla Postla z\u00a0prvn\u00edch let 19.&nbsp;stolet\u00ed<\/em><br \/>\r\n<br \/>\r\n<\/p>\r\n<p><strong>V\u00e1le\u010dn\u00e1 \u201etrilogie\u201c<\/strong><br \/>\r\nOstrov a\u00a0jeho obyvatele i\u00a0nad\u00e1le ohro\u017eovaly pom\u011brn\u011b \u010dast\u00e9 povodn\u011b. T\u00e9m\u011b\u0159 \u00faplnou zk\u00e1zu v\u0161ak p\u0159inesl \u0160tvanici a\u017e vojensk\u00fd vp\u00e1d \u2013 konkr\u00e9tn\u011b spojen\u00fdch sasko-francouzsko-bavorsk\u00fdch vojsk v\u00a0r\u00e1mci v\u00e1lky o\u00a0d\u011bdictv\u00ed rakousk\u00e9 v\u00a0roce 1741. P\u0159i rozhoduj\u00edc\u00edm \u00fatoku na m\u011bsto 24.&nbsp;listopadu vyu\u017eily sask\u00e9 jednotky bubensk\u00fd brod a\u00a0p\u0159es \u0160tvanici postoupily na prav\u00fd b\u0159eh \u0159eky a\u00a0d\u00e1le do m\u011bsta. Rok trvaj\u00edc\u00ed okupace zanechala na ostrov\u011b i\u00a0v\u00a0okol\u00ed velk\u00e9 \u0161kody, b\u011bhem tuh\u00e9 zimy na p\u0159elomu let 1741 a\u00a01742 pou\u017eili t\u00e1bo\u0159\u00edc\u00ed voj\u00e1ci velkou \u010d\u00e1st zdej\u0161\u00edho stromov\u00e9ho porostu jako topivo: \u201eNa ostrov\u011b \u0160tvanici, \u0160pit\u00e1lsku\u00a0a\u00a0v\u00a0kr\u00e1l. obo\u0159e u\u00a0Buben nez\u016fstal ani jedin\u00fd strom, a\u00a0kdy\u017e ji\u017e \u017e\u00e1dn\u00e9ho stromov\u00ed k\u00a0palivu nebylo, francouz\u0161t\u00ed voj\u00e1ci vrhali se na p\u0159\u00edbytky obyvatelstva, v\u00a0nich\u017e ani t\u0159\u00edsky d\u0159ev\u011bn\u00e9 nezbylo. Tak\u017e vzala za sv\u00e9 na \u0160tvanici v\u0161ecka staven\u00ed tamn\u00ed, nejv\u00edce ze d\u0159eva postaven\u00e1, zni\u010dena jest t\u00e9\u017e ohrada pro \u0161tvanice a\u00a0st\u0159elnice tamn\u00ed, str\u017een ml\u00fdn nad p\u0159\u00edvozem k\u00a0Bubn\u016fm \u2013 slovem ostrov z\u016fstal dokonale pust\u00fd a\u00a0hol\u00fd, stejn\u011b jako ve\u0161ker\u00e9 \u0160pit\u00e1lsko a\u00a0planina u\u00a0Buben.\u201c<br \/>\r\n<br \/>\r\nAby toho nebylo m\u00e1lo, Pra\u017ean\u00e9 si pobyt ciz\u00edch vojsk zopakovali hned o\u00a0dva roky pozd\u011bji, kdy hlavn\u00ed m\u011bsto \u010delilo obl\u00e9h\u00e1n\u00ed prusk\u00fdch vojsk. I\u00a0tehdy poslou\u017eil nep\u0159\u00e1tel\u016fm brod p\u0159es \u0160tvanici a\u00a0proch\u00e1zej\u00edc\u00ed vojska na ostrov\u011b dokonala zk\u00e1zu, sp\u00e1lila dokonce dva d\u0159ev\u011bn\u00e9 mostky vedouc\u00ed na ostrov a\u00a0spojuj\u00edc\u00ed jeho jednotliv\u00e9 \u010d\u00e1sti.<\/p>\r\n<p>Ob\u011b v\u00e1lky zp\u016fsobily Praze obrovsk\u00e9 finan\u010dn\u00ed ztr\u00e1ty, a\u00a0proto byla obec donucena prod\u00e1vat sv\u016fj majetek. V\u00a0prvn\u00ed f\u00e1zi se dra\u017eby obecn\u00edho majetku je\u0161t\u011b \u0160tvanice net\u00fdkaly, nicm\u00e9n\u011b po dal\u0161\u00ed v\u00e1lce, je\u017e ve\u0161la do d\u011bjin pod n\u00e1zvem sedmilet\u00e1, u\u017e finan\u010dn\u011b vy\u010derpan\u00e9mu m\u011bstu nic jin\u00e9ho nezbylo. Tento konflikt nav\u00edc\u00a0p\u0159inesl t\u011b\u017ece zkou\u0161en\u00e9mu ostrovu dal\u0161\u00ed zk\u00e1zu\u00a0\u2013 kdy\u017e Prusov\u00e9 v\u00a0roce 1757 ut\u00edkali z\u00a0Prahy, zap\u00e1lili oba teprve ned\u00e1vno obnoven\u00e9 mosty a\u00a0v\u0161echna zdej\u0161\u00ed staven\u00ed.<\/p>\r\n<p>V\u00a0kv\u011btnu 1759 byla \u0160tvanice nab\u00eddnuta do dra\u017eby, do kter\u00e9 se p\u0159ihl\u00e1sili dva z\u00e1jemci \u2013 n\u00e1jemce zdej\u0161\u00edho hostince Anton\u00edn Metzerod a\u00a0majitel b\u011blidla (d\u00edlny na b\u011blen\u00ed pr\u00e1dla) Kry\u0161tof Faber. Prvn\u00ed jmenovan\u00fd nakonec z\u00a0dra\u017eby odstoupil, a\u00a0ostrov tak za 1100 zlat\u00fdch p\u0159ipadl Faberovi. \u0160lo o\u00a0takzvan\u00fd emfyteutick\u00fd prodej, krom\u011b kupn\u00ed ceny musel majitel hradit ro\u010dn\u00ed n\u00e1jem. Kupuj\u00edc\u00edmu p\u0159ipadlo i\u00a0pr\u00e1vo lovit ryby na ostrov\u011b nebo provozovat p\u0159\u00edvoz. Ze smlouvy ale vypl\u00fdvaly tak\u00e9 povinnosti \u2013 nov\u00fd majitel ostrova se zav\u00e1zal odeb\u00edrat pivo do zdej\u0161\u00edho hostince v\u00fdhradn\u011b z\u00a0obecn\u00edho pivovaru v\u00a0Libni, musel tak\u00e9 zajistit obyvatel\u016fm Prahy svobodn\u00fd p\u0159\u00edstup na ostrov a\u00a0zdarma p\u0159ev\u00e1\u017eet obecn\u00ed z\u0159\u00edzence i\u00a0\u0159emeslnickou chasu. Jedno ustanoven\u00ed smlouvy se t\u00fdkalo\u00a0i\u00a0\u0161tvanick\u00e9 st\u0159elnice \u2013 bylo p\u0159\u00edsn\u011b zak\u00e1z\u00e1no pou\u017e\u00edvat p\u0159i st\u0159elb\u011b kul\u00ed, \u201enebo\u0165 pr\u00fd st\u0159elbou takovou \u0161kod\u00ed se \u010dasto lidem i\u00a0dobytku v\u00a0okol\u00ed ostrova a\u00a0kr\u00e1l. lod\u00edm soln\u00fdm po \u0159ece pluj\u00edc\u00edm\u201c.<\/p>\r\n<p><strong>Krvav\u00e1 z\u00e1bava<\/strong><br \/>\r\nFaber se sna\u017eil vr\u00e1tit ostrovu jeho b\u00fdval\u00fd lesk \u2013 obnovil st\u0159elnici a\u00a0cirkus pro \u0161tvanice, provozoval hospodu, u\u00a0kter\u00e9 z\u0159\u00eddil ku\u017eeln\u00edk. Ani tak se mu ale p\u0159\u00edli\u0161 neda\u0159ilo \u2013 v\u00a0roce 1772 poslal na magistr\u00e1t \u017e\u00e1dost o\u00a0odpu\u0161t\u011bn\u00ed n\u00e1jmu, kterou od\u016fvod\u0148oval \u0161kodami, je\u017e zp\u016fsobily povodn\u011b. Nen\u00ed zn\u00e1mo, jak dlouho ostrov Faber udr\u017eel, jist\u00e9 je, \u017ee v\u00a0posledn\u00edch dek\u00e1d\u00e1ch 18.&nbsp;stolet\u00ed se majitel\u00e9 ostrova pom\u011brn\u011b rychle st\u0159\u00eddali. Ka\u017edop\u00e1dn\u011b nejv\u00edce sem Pra\u017eany l\u00e1kaly akce, kter\u00e9 daly ostrovu jm\u00e9no, tedy \u0161tvanice. Dobov\u00e9 sv\u011bdectv\u00ed\u00a0o\u00a0pr\u016fb\u011bhu t\u011bchto \u0161tvanic p\u0159inesl koncem 19.&nbsp;stolet\u00ed \u010dasopis Zlat\u00e1 Praha. Otiskl vzpom\u00ednku nezn\u00e1m\u00e9ho poutn\u00edka z\u00a0Pardubic, kter\u00fd Prahu nav\u0161t\u00edvil v\u00a0roce 1783: \u201eZ\u00e1bav maj\u00ed Pra\u017ean\u00e9 mnoho\u2026 jindy chod\u00ed na \u0160tvanici, kde se \u0161tvan\u00ed zv\u00ed\u0159at odehr\u00e1v\u00e1. Podivn\u00e9 toto vyra\u017een\u00ed cht\u011bl jsem tak\u00e9 b\u011bhem sv\u00e9ho pobytu pro\u017e\u00edti. Jednoho dne spat\u0159il jsem u\u00a0mostu ceduli, na n\u00ed\u017e vymalov\u00e1na byla zv\u00ed\u0159ata mezi sebou z\u00e1pas\u00edc\u00ed. Naho\u0159e bylo naps\u00e1no: Dnes je \u0160tvanice! I\u00a0posp\u00edchal jsem v\u00a0ur\u010dit\u00fd \u010das na ostrov, kde se divadlo odb\u00fdvati m\u011blo. P\u0159i vstoupen\u00ed spat\u0159il jsem dosti velk\u00e9 okrouhl\u00e9 divadlo o\u00a0dvou patrech, kter\u00e9 bylo napln\u011bno lidstvem vy\u0161\u0161\u00edho i\u00a0ni\u017e\u0161\u00edho stavu. D\u0159\u00edve ne\u017e divadlo zapo\u010dalo, zazn\u011bla tureck\u00e1 hudba a\u00a0brzy nato dal \u0161tvac\u00ed mistr pr\u00e1sknut\u00edm bi\u010de znamen\u00ed, na\u010de\u017e zv\u00ed\u0159ata do divadla vpu\u0161t\u011bna byla. Byl to b\u00fdk a\u00a0dva psi. Na jedn\u00e9 stran\u011b divadla st\u00e1l hastro\u0161, jen\u017e dole p\u0159ipevn\u011bn byl olovem. Jakmile b\u00fdk jej spat\u0159il, hnal se na\u0148\u00a0a\u00a0probodl ho rohama. Psi roztrhali pak u\u0161i uboh\u00e9mu zv\u00ed\u0159eti, kter\u00e9 stra\u0161n\u011b \u0159valo. P\u0159i tomto hrozn\u00e9m pohledu po\u010dalo ve\u0161ker\u00e9 obecenstvo v\u00a0prav\u00e9m slova smyslu j\u00e1sati. Nato uv\u00e1zali b\u00fdku provaz kolem roh\u016f a\u00a0odvedli jej padac\u00edmi dve\u0159mi. Nedlouho nato objevil se zubr, divok\u00e9 prase a\u00a0osel. Posledn\u00ed b\u011bhal kolem a\u00a0k\u0159i\u010del tak pronikav\u011b, \u017ee mn\u011b a\u017e u\u0161i zal\u00e9haly. Divok\u00e9 prase a\u00a0zubr z\u00e1pasili n\u011bjak\u00fd \u010das s\u00a0sebou, kone\u010dn\u011b ale probodl pacholek prase o\u0161t\u011bpem a\u00a0t\u00edmto divadlo skon\u010dilo.\u201c<\/p>\r\n<p>Akt\u00e9ry krvav\u00fdch z\u00e1pas\u016f byla i\u00a0dal\u0161\u00ed zv\u00ed\u0159ata \u2013 nap\u0159\u00edklad medv\u011bd, kter\u00fd bojoval s\u00a0loveck\u00fdmi psy. Jak nazna\u010duje anonymn\u00ed pam\u011btn\u00edk\u00a0\u2013 hledi\u0161t\u011b ar\u00e9ny m\u011blo dva patra, do doln\u00edho platili dosp\u011bl\u00ed dva krejcary, d\u011bti polovinu. Do horn\u00edho patra, kde byly improvizovan\u00e9 l\u00f3\u017ee, m\u00ed\u0159ili z\u00e1mo\u017en\u011bj\u0161\u00ed div\u00e1ci, za m\u00edsto se platilo 7 krejcar\u016f. Pro srovn\u00e1n\u00ed: koncem 18.&nbsp;stolet\u00ed se denn\u00ed mzda n\u00e1den\u00edka pohybovala mezi 20 a\u00a030 krejcary. Velk\u00fd z\u00e1jem o\u00a0tato p\u0159edstaven\u00ed nenaru\u0161ily ani ob\u010dasn\u00e9 \u201enehody\u201c, kdy se n\u011bkter\u00e9 zv\u00ed\u0159e dostalo mimo ar\u00e9nu do hledi\u0161t\u011b. P\u0159\u00edm\u00fdm \u00fa\u010dastn\u00edkem jedn\u00e9 z\u00a0t\u011bchto ne\u0161\u0165astn\u00fdch ud\u00e1lost\u00ed byl \u00fadajn\u011b i\u00a0nejvy\u0161\u0161\u00ed purkrab\u00ed \u010cesk\u00e9ho kr\u00e1lovstv\u00ed hrab\u011b Franti\u0161ek V\u00e1clav \u0160tampach. N\u011bkdy dokonce vyd\u011b\u0161en\u00e9 zv\u00ed\u0159e prchlo z\u00a0ar\u00e9ny na ostrov, kde muselo b\u00fdt odloveno. Krvav\u00e1 \u201ez\u00e1bava\u201c byla nakonec zak\u00e1z\u00e1na c\u00edsa\u0159sk\u00fdm dekretem v\u00a0roce 1805.<\/p>\r\n<p><strong>Z\u00e1nik brodu<\/strong><br \/>\r\nAni v\u00a018.&nbsp;stolet\u00ed se \u0160tvanici nevyhnuly povodn\u011b, nejv\u011bt\u0161\u00ed z\u0159ejm\u011b\u00a0v\u00a0roce 1784, kdy koncem \u00fanora p\u0159i t\u00e1n\u00ed led\u016f vystoupila voda dev\u011bt lokt\u016f (to jest asi 5,4 metru) nad b\u011b\u017enou \u00farove\u0148. Ledov\u00e9 kry se tla\u010dily na d\u0159ev\u011bn\u00fd most a\u00a0jeden z\u00a0jeho pil\u00ed\u0159\u016f, na kter\u00e9m st\u00e1l str\u00e1\u017en\u00ed domek, tlak nevydr\u017eel a\u00a0z\u0159\u00edtil se. V\u00a0trosk\u00e1ch zahynuli \u010dty\u0159i voj\u00e1ci. Kdy\u017e voda opadla, sou\u010dasn\u00edci l\u00ed\u010dili zk\u00e1zu n\u00e1sledovn\u011b: \u201eOstrov \u0160tvanice byl zcela zni\u010den, nebo\u0165 ze v\u0161ech tamn\u00edch staven\u00ed z\u016fstal jen kus hostinsk\u00e9 budovy, obyvatel\u00e9 tamn\u00ed, jich\u017e bylo celkem 23 osob, d\u00edlem na st\u0159ech\u00e1ch, d\u00edlem na stromech sed\u00edc\u00edch, byli tak\u0159ka polovi\u010dn\u00edm z\u00e1zrakem zachr\u00e1n\u011bni.\u201c Siln\u00fd proud vymlel hlavn\u00ed rameno u\u00a0ostrova natolik, \u017ee se hloubka dna dostala na stejnou \u00farove\u0148 jako jinde v\u00a0\u0159e\u010di\u0161ti. Kdy\u017e pak v\u00a0l\u00e9t\u011b t\u00e9ho\u017e roku bylo ve Vltav\u011b tak m\u00e1lo vody, \u017ee \u0159\u00ed\u010dn\u00ed koryto prakticky vyschlo, nechala pra\u017esk\u00e1 obec odkopat i\u00a0n\u00e1nosy na m\u011bl\u010din\u011b pod\u00e9l ostrova. Tak zmizely i\u00a0posledn\u00ed poz\u016fstatky starod\u00e1vn\u00e9ho brodu.\u00a0<br \/>\r\n<br \/>\r\n\u00a0<a href=\"https:\/\/www.praha7.cz\/kapitoly-z-dejin-ostrova-stvanice-ii\/03-naplavene-drevo_povoden-stvanice-p7-1850s\/\" rel=\"attachment wp-att-55402\"><img loading=\"lazy\" src=\"https:\/\/www.praha7.cz\/wp-content\/uploads\/2022\/03\/03-naplavene\u0301-dr\u030cevo_povodeN\u030c-S\u030ctvanice-P7-1850s.jpg\" alt=\"\" width=\"731\" height=\"552\" class=\"alignnone wp-image-55402 size-full\" srcset=\"https:\/\/www.praha7.cz\/wp-content\/uploads\/2022\/03\/03-naplavene\u0301-dr\u030cevo_povodeN\u030c-S\u030ctvanice-P7-1850s.jpg 731w, https:\/\/www.praha7.cz\/wp-content\/uploads\/2022\/03\/03-naplavene\u0301-dr\u030cevo_povodeN\u030c-S\u030ctvanice-P7-1850s-530x400.jpg 530w\" sizes=\"(max-width: 731px) 100vw, 731px\" \/><\/a><br \/>\r\n<em>Velk\u00e1 voda p\u0159inesla v\u017edy na \u0160tvanici mno\u017estv\u00ed d\u0159eva. Fotografie z\u00a0osmdes\u00e1t\u00fdch let 19.&nbsp;stolet\u00ed<\/em><\/p>","protected":false},"excerpt":{"rendered":"[perex] Strategick\u00e1 poloha \u0160tvanice opakovan\u011b sehr\u00e1la v\u00fdznamnou roli p\u0159i vojensk\u00fdch operac\u00edch pobl\u00ed\u017e Prahy. T\u00e1bo\u0159il zde Jan \u017di\u017eka, b\u011bhem t\u0159icetilet\u00e9 v\u00e1lky ostrov n\u011bkolikr\u00e1t vyu\u017eila vojska \u00fato\u010d\u00edc\u00ed na m\u011bsto. Na \u0160tvanici se skladoval st\u0159eln\u00fd prach a\u00a0z\u00e1rove\u0148 tu trvale \u017eili lid\u00e9, kter\u00e9 \u017eivila pol\u00ed\u010dka se zeleninou p\u0159\u00edmo na ostrov\u011b, pop\u0159\u00edpad\u011b lov ryb v\u00a0\u0159ece. V\u00a0druh\u00e9 polovin\u011b 17.&nbsp;stolet\u00ed se v\u0161ak [&hellip;]","protected":false},"author":76,"featured_media":55401,"comment_status":"closed","ping_status":"open","sticky":false,"template":"","format":"standard","meta":[],"categories":[37],"tags":[],"_links":{"self":[{"href":"https:\/\/www.praha7.cz\/api\/wp\/v2\/posts\/55400"}],"collection":[{"href":"https:\/\/www.praha7.cz\/api\/wp\/v2\/posts"}],"about":[{"href":"https:\/\/www.praha7.cz\/api\/wp\/v2\/types\/post"}],"author":[{"embeddable":true,"href":"https:\/\/www.praha7.cz\/api\/wp\/v2\/users\/76"}],"replies":[{"embeddable":true,"href":"https:\/\/www.praha7.cz\/api\/wp\/v2\/comments?post=55400"}],"version-history":[{"count":4,"href":"https:\/\/www.praha7.cz\/api\/wp\/v2\/posts\/55400\/revisions"}],"predecessor-version":[{"id":55407,"href":"https:\/\/www.praha7.cz\/api\/wp\/v2\/posts\/55400\/revisions\/55407"}],"wp:featuredmedia":[{"embeddable":true,"href":"https:\/\/www.praha7.cz\/api\/wp\/v2\/media\/55401"}],"wp:attachment":[{"href":"https:\/\/www.praha7.cz\/api\/wp\/v2\/media?parent=55400"}],"wp:term":[{"taxonomy":"category","embeddable":true,"href":"https:\/\/www.praha7.cz\/api\/wp\/v2\/categories?post=55400"},{"taxonomy":"post_tag","embeddable":true,"href":"https:\/\/www.praha7.cz\/api\/wp\/v2\/tags?post=55400"}],"curies":[{"name":"wp","href":"https:\/\/api.w.org\/{rel}","templated":true}]}}