    
{"id":55356,"date":"2022-03-07T17:51:08","date_gmt":"2022-03-07T16:51:08","guid":{"rendered":"https:\/\/www.praha7.cz\/?p=55356"},"modified":"2022-03-07T17:51:08","modified_gmt":"2022-03-07T16:51:08","slug":"praha-uvolni-250-milionu-korun-na-pomoc-ukrajine","status":"publish","type":"post","link":"https:\/\/www.praha7.cz\/praha-uvolni-250-milionu-korun-na-pomoc-ukrajine\/","title":{"rendered":"Praha uvoln\u00ed 250 milion\u016f korun na pomoc Ukrajin\u011b"},"content":{"rendered":"<p>[perex]<\/p>\r\n<p>Rada hl. m. Prahy v&nbsp;pond\u011bl\u00ed 7.&nbsp;b\u0159ezna 2022 jednomysln\u011b odsouhlasila uvoln\u011bn\u00ed 250 milion\u016f korun na\u00a0humanit\u00e1rn\u00ed a&nbsp;materi\u00e1ln\u00ed pomoc Ukrajin\u011b a&nbsp;jej\u00edm ob\u010dan\u016fm na \u00fat\u011bku p\u0159ed ruskou invaz\u00ed. Prost\u0159edky bude postupn\u011b uvol\u0148ovat veden\u00ed m\u011bsta na konkr\u00e9tn\u00ed pomoc podle aktu\u00e1ln\u00ed pot\u0159eby.<\/p>\r\n<p>[\/perex]<\/p>\r\n<p><em>\u201eHospoda\u0159\u00edme uv\u00e1\u017eliv\u011b a&nbsp;d\u00edky tomu m\u00e1me p\u0159ipraven\u00e9 zdroje na \u0159e\u0161en\u00ed nenad\u00e1l\u00fdch situac\u00ed. Pomoci Ukrajin\u011b rozervan\u00e9 v\u00e1lkou a&nbsp;jej\u00edm ob\u010dan\u016fm na \u00fat\u011bku \u010d\u00e1stkou 250 milion\u016f korun je to nejmen\u0161\u00ed, co m\u016f\u017ee hlavn\u00ed m\u011bsto Praha ud\u011blat. V&nbsp;p\u0159\u00edpad\u011b pot\u0159eby jsme p\u0159ipraveni \u010d\u00e1stku nav\u00fd\u0161it,\u201c<\/em> \u0159\u00edk\u00e1 <strong>Pavel Vyhn\u00e1nek, n\u00e1m\u011bstek prim\u00e1tora hl. m. Prahy pro oblast financ\u00ed a&nbsp;rozpo\u010dtu<\/strong>. \u00a0<\/p>\r\n<p>&nbsp;<\/p>\r\n<p>Finan\u010dn\u00ed prost\u0159edky v\u00a0objemu \u010dtvrt miliardy korun budou operativn\u011b vyu\u017e\u00edv\u00e1ny \u00a0na pomoc Ukrajin\u011b a\u00a0na n\u00e1klady vznikl\u00e9 v\u00a0souvislosti s\u00a0pomoc\u00ed ob\u010dan\u016fm Ukrajiny, kte\u0159\u00ed jsou na \u00fat\u011bku p\u0159ed agres\u00ed Rusk\u00e9 federace. Jedn\u00e1 se nap\u0159\u00edklad o\u00a0materi\u00e1ln\u00ed pomoc, jej\u00ed koordinaci a&nbsp;distribuci, asistenci p\u0159\u00edchoz\u00edm v\u010detn\u011b provozu asisten\u010dn\u00edch center, vzd\u011bl\u00e1v\u00e1n\u00ed d\u011bt\u00ed nebo pomoc se zaji\u0161t\u011bn\u00edm jejich p\u0159echodn\u00e9ho ubytov\u00e1n\u00ed, dopravy \u010di zdravotn\u00ed p\u00e9\u010de. \u00a0<\/p>\r\n<p>&nbsp;<\/p>\r\n<p><em>\u201ePrvn\u00ed den rusk\u00e9 invaze na Ukrajinu Praha darovala skrze \u010clov\u011bka v&nbsp;t\u00edsni deset milion\u016f korun na humanit\u00e1rn\u00ed pomoc Ukrajin\u011b. Nyn\u00ed je ov\u0161em z\u0159ejm\u00e9, \u017ee rozsah pot\u0159ebn\u00e9 pomoci ob\u011btem rusk\u00e9 agrese bude nutn\u00e9 nav\u00fd\u0161it. Konkr\u00e9tn\u00ed vyu\u017eit\u00ed pen\u011bz bude dle pot\u0159eby schvalovat pra\u017esk\u00e1 rada,\u201c<\/em> dod\u00e1v\u00e1 <strong>prim\u00e1tor hl. m. Prahy Zden\u011bk H\u0159ib<\/strong>. \u00a0<\/p>\r\n<p>&nbsp;<\/p>\r\n<p>Veden\u00ed m\u011bsta ji\u017e tak\u00e9 podniklo \u0159adu dal\u0161\u00edch krok\u016f na pomoc lidem, kte\u0159\u00ed byli nuceni opustit sv\u00e9 domovy na Ukrajin\u011b. Hlavn\u00ed m\u011bsto nap\u0159\u00edklad otev\u0159elo Asisten\u010dn\u00ed centrum pomoci Ukrajin\u011b v\u00a0Kongresov\u00e9m centru, z\u0159\u00eddilo informa\u010dn\u00ed st\u00e1nky na Florenci a\u00a0Hlavn\u00edm n\u00e1dra\u017e\u00ed, umo\u017enilo ukrajinsk\u00fdm ob\u010dan\u016fm p\u0159epravu MHD zdarma nebo vy\u010dlenilo bezplatn\u00e1 parkovac\u00ed m\u00edsta. Praha tak\u00e9 pom\u00e1h\u00e1 p\u0159\u00edchoz\u00edm Ukrajinc\u016fm zajistit ubytov\u00e1n\u00ed \u010di zdravotn\u00ed p\u00e9\u010di. Ob\u010dan\u00e9 Ukrajiny, kte\u0159\u00ed se nouzov\u011b ubytuj\u00ed v&nbsp;n\u011bkter\u00e9m z&nbsp;pra\u017esk\u00fdch hotel\u016f, rovn\u011b\u017e z\u00a0rozhodnut\u00ed m\u011bsta nemus\u00ed hradit poplatek z&nbsp;pobytu.\u00a0<\/p>\r\n<p>&nbsp;<\/p>","protected":false},"excerpt":{"rendered":"[perex] Rada hl. m. Prahy v&nbsp;pond\u011bl\u00ed 7.&nbsp;b\u0159ezna 2022 jednomysln\u011b odsouhlasila uvoln\u011bn\u00ed 250 milion\u016f korun na\u00a0humanit\u00e1rn\u00ed a&nbsp;materi\u00e1ln\u00ed pomoc Ukrajin\u011b a&nbsp;jej\u00edm ob\u010dan\u016fm na \u00fat\u011bku p\u0159ed ruskou invaz\u00ed. Prost\u0159edky bude postupn\u011b uvol\u0148ovat veden\u00ed m\u011bsta na konkr\u00e9tn\u00ed pomoc podle aktu\u00e1ln\u00ed pot\u0159eby. [\/perex] \u201eHospoda\u0159\u00edme uv\u00e1\u017eliv\u011b a&nbsp;d\u00edky tomu m\u00e1me p\u0159ipraven\u00e9 zdroje na \u0159e\u0161en\u00ed nenad\u00e1l\u00fdch situac\u00ed. Pomoci Ukrajin\u011b rozervan\u00e9 v\u00e1lkou a&nbsp;jej\u00edm ob\u010dan\u016fm [&hellip;]","protected":false},"author":251,"featured_media":55357,"comment_status":"closed","ping_status":"open","sticky":false,"template":"","format":"standard","meta":[],"categories":[34],"tags":[],"_links":{"self":[{"href":"https:\/\/www.praha7.cz\/api\/wp\/v2\/posts\/55356"}],"collection":[{"href":"https:\/\/www.praha7.cz\/api\/wp\/v2\/posts"}],"about":[{"href":"https:\/\/www.praha7.cz\/api\/wp\/v2\/types\/post"}],"author":[{"embeddable":true,"href":"https:\/\/www.praha7.cz\/api\/wp\/v2\/users\/251"}],"replies":[{"embeddable":true,"href":"https:\/\/www.praha7.cz\/api\/wp\/v2\/comments?post=55356"}],"version-history":[{"count":2,"href":"https:\/\/www.praha7.cz\/api\/wp\/v2\/posts\/55356\/revisions"}],"predecessor-version":[{"id":55360,"href":"https:\/\/www.praha7.cz\/api\/wp\/v2\/posts\/55356\/revisions\/55360"}],"wp:featuredmedia":[{"embeddable":true,"href":"https:\/\/www.praha7.cz\/api\/wp\/v2\/media\/55357"}],"wp:attachment":[{"href":"https:\/\/www.praha7.cz\/api\/wp\/v2\/media?parent=55356"}],"wp:term":[{"taxonomy":"category","embeddable":true,"href":"https:\/\/www.praha7.cz\/api\/wp\/v2\/categories?post=55356"},{"taxonomy":"post_tag","embeddable":true,"href":"https:\/\/www.praha7.cz\/api\/wp\/v2\/tags?post=55356"}],"curies":[{"name":"wp","href":"https:\/\/api.w.org\/{rel}","templated":true}]}}