    
{"id":55157,"date":"2022-03-14T13:31:37","date_gmt":"2022-03-14T12:31:37","guid":{"rendered":"https:\/\/www.praha7.cz\/?p=55157"},"modified":"2022-03-14T13:38:30","modified_gmt":"2022-03-14T12:38:30","slug":"jak-mluvit-s-detmi-o-valce","status":"publish","type":"post","link":"https:\/\/www.praha7.cz\/jak-mluvit-s-detmi-o-valce\/","title":{"rendered":"Jak mluvit s&nbsp;d\u011btmi o&nbsp;v\u00e1lce?"},"content":{"rendered":"<p>[perex]<\/p>\r\n<p>Sou\u010dasn\u00e9 d\u011bn\u00ed na Ukrajin\u011b stresuje nejen dosp\u011bl\u00e9, ale tak\u00e9 d\u011bti. Ty nav\u00edc \u010dasto netu\u0161\u00ed, jak s&nbsp;informacemi o&nbsp;v\u00e1lce nalo\u017eit. A&nbsp;nejen rodi\u010de, ale i&nbsp;pedagogov\u00e9 se pot\u00fdkaj\u00ed s&nbsp;t\u00edm, jak o&nbsp;t\u00e9matu v\u00e1le\u010dn\u00e9ho konfliktu s&nbsp;d\u011btmi mluvit. N\u011bkolik organizac\u00ed p\u0159ipravilo rady, jak lze postupovat a&nbsp;\u010deho se v&nbsp;komunikaci vyvarovat. K&nbsp;dispozici jsou tak\u00e9 vzd\u011bl\u00e1vac\u00ed materi\u00e1ly a&nbsp;doporu\u010den\u00ed, jak ve \u0161koln\u00edm kolektivu pracovat s&nbsp;d\u011btmi ukrajinsk\u00e9 nebo rusk\u00e9 n\u00e1rodnosti.<\/p>\r\n<p>[\/perex]<\/p>\r\n<h3><strong>Ukrajina na \u0161kol\u00e1ch<\/strong><\/h3>\r\n<p>Vzd\u011bl\u00e1vac\u00ed aktivity, materi\u00e1ly a&nbsp;medi\u00e1ln\u00ed zdroje, kter\u00e9 poslou\u017e\u00ed u\u010ditel\u016fm a&nbsp;rodi\u010d\u016fm pro edukaci ohledn\u011b v\u00e1lky na Ukrajin\u011b. Webov\u00e9 str\u00e1nky\u00a0<a href=\"http:\/\/www.ukrajinanaskolach.cz\">ukrajinanaskolach.cz<\/a> jsou vytvo\u0159eny jako rozcestn\u00edk, kter\u00fd se bude pr\u016fb\u011b\u017en\u011b aktualizovat.<\/p>\r\n<p><a href=\"https:\/\/sametnaskolach.cz\/ukrajina\/\" rel=\"attachment wp-att-55160\"><img loading=\"lazy\" src=\"https:\/\/www.praha7.cz\/wp-content\/uploads\/2022\/03\/ukrajina-na-skol\u00e1ch-600x366.png\" alt=\"\" width=\"600\" height=\"366\" class=\"alignnone wp-image-55160 size-medium\" srcset=\"https:\/\/www.praha7.cz\/wp-content\/uploads\/2022\/03\/ukrajina-na-skol\u00e1ch-600x366.png 600w, https:\/\/www.praha7.cz\/wp-content\/uploads\/2022\/03\/ukrajina-na-skol\u00e1ch-768x469.png 768w, https:\/\/www.praha7.cz\/wp-content\/uploads\/2022\/03\/ukrajina-na-skol\u00e1ch.png 1371w\" sizes=\"(max-width: 600px) 100vw, 600px\" \/><\/a><\/p>\r\n<hr \/>\r\n<h3>N\u00e1rodn\u00ed pedagogick\u00fd institut \u010cesk\u00e9 republiky<\/h3>\r\n<p>Ministerstvo \u0161kolstv\u00ed, ml\u00e1de\u017ee a&nbsp;t\u011blov\u00fdchovy p\u0159ipravilo doporu\u010den\u00ed pro pr\u00e1ci se \u0161koln\u00edmi kolektivy a&nbsp;kontakty na odborn\u00edky, kte\u0159\u00ed mohou pomoci v&nbsp;souvislosti s&nbsp;ruskou agres\u00ed v\u016f\u010di Ukrajin\u011b &#8211;\u00a0 v\u00edce info na webu\u00a0<a href=\"https:\/\/ukrajina.npi.cz\/\" target=\"_blank\" rel=\"noopener\">https:\/\/ukrajina.npi.cz<\/a>.\u00a0<\/p>\r\n<p>M\u0160MT tak\u00e9 spustilo web\u00a0<a href=\"https:\/\/www.edu.cz\/ukrajina\" target=\"_blank\" rel=\"noopener\">www.edu.cz\/ukrajina<\/a>.<\/p>\r\n<p><strong>K dispozici je tak\u00e9 krizov\u00e1 infolinka ministerstva na \u010d\u00edsle: 234&nbsp;811&nbsp;246 (po a\u017e p\u00e1 \u2013 8 a\u017e 16 hod.)<\/strong><\/p>\r\n<hr \/>\r\n<p><strong>Doporu\u010den\u00ed pro pr\u00e1ci se \u0161koln\u00edmi kolektivy ve vztahu k\u00a0rusk\u00e9 agresi v\u016f\u010di Ukrajin\u011b<\/strong><\/p>\r\n<ul>\r\n\t<li>V r\u00e1mci \u0161kol doporu\u010dujeme jasn\u011b informovat o\u00a0postoji \u010cesk\u00e9 republiky.<\/li>\r\n\t<li>V\u011bnujte pros\u00edm zv\u00fd\u0161enou pozornost \u017e\u00e1k\u016fm ukrajinsk\u00e9, rusk\u00e9 a\u00a0b\u011blorusk\u00e9 n\u00e1rodnosti na va\u0161ich \u0161kol\u00e1ch, v\u010detn\u011b mo\u017enosti ve zv\u00fd\u0161en\u00e9 m\u00ed\u0159e vyu\u017e\u00edt p\u00e9\u010di pracovn\u00edk\u016f \u0161koln\u00edch poradensk\u00fdch pracovi\u0161\u0165.<\/li>\r\n\t<li>Zejm\u00e9na ve t\u0159\u00edd\u00e1ch, kde jsou tito \u017e\u00e1ci za\u0159azeni, doporu\u010dujeme intenzivn\u00ed c\u00edlenou preventivn\u00ed pr\u00e1ci s\u00a0cel\u00fdm t\u0159\u00eddn\u00edm kolektivem.\u00a0N\u00e1pln\u00ed t\u00e9to \u010dinnosti by m\u011blo b\u00fdt p\u0159edev\u0161\u00edm akcentov\u00e1n\u00ed respektov\u00e1n\u00ed individuality, dodr\u017eov\u00e1n\u00ed lidsk\u00fdch pr\u00e1v a\u00a0jasn\u00e9 deklarov\u00e1n\u00ed toho, \u017ee n\u00e1rodnost ne\u010din\u00ed \u010dlov\u011bka odpov\u011bdn\u00fdm za kroky, kter\u00e9 realizuje st\u00e1tn\u00ed re\u017eim zem\u011b, odkud doty\u010dn\u00fd poch\u00e1z\u00ed.<\/li>\r\n\t<li>Se \u0161koln\u00edmi\/t\u0159\u00eddn\u00edmi kolektivy doporu\u010dujeme pracovat v\u00a0r\u00e1mci osv\u011bty s\u00a0t\u00e9maty rovnosti, respektu a\u00a0tolerance.<\/li>\r\n\t<li>Pro metodickou podporu pro pr\u00e1ci s\u00a0kolektivy je mo\u017en\u00e9 kontaktovat n\u00e1sleduj\u00edc\u00ed odborn\u00edky a\u00a0odborn\u00e9 spole\u010dnosti.<\/li>\r\n<\/ul>\r\n<hr \/>\r\n<p><a href=\"https:\/\/www.npi.cz\/aktuality\/5858-valka-na-ukrajine-informace-pro-skoly\" rel=\"attachment wp-att-55163\"><img loading=\"lazy\" src=\"https:\/\/www.praha7.cz\/wp-content\/uploads\/2022\/03\/npi\u010dr-600x352.png\" alt=\"\" width=\"600\" height=\"352\" class=\"alignnone wp-image-55163 size-medium\" srcset=\"https:\/\/www.praha7.cz\/wp-content\/uploads\/2022\/03\/npi\u010dr-600x352.png 600w, https:\/\/www.praha7.cz\/wp-content\/uploads\/2022\/03\/npi\u010dr-768x451.png 768w, https:\/\/www.praha7.cz\/wp-content\/uploads\/2022\/03\/npi\u010dr.png 1483w\" sizes=\"(max-width: 600px) 100vw, 600px\" \/><\/a><\/p>\r\n<hr \/>\r\n<p>Ob\u0161\u00edrn\u011b se t\u00e9matu tak\u00e9 v\u011bnuje m\u00edstn\u00ed\u00a0<a href=\"https:\/\/www.centrumlocika.cz\/\">Centrum Locika<\/a>, kter\u00e9 p\u0159ipravilo praktick\u00e9 let\u00e1ky.\u00a0<\/p>\r\n<p><a href=\"https:\/\/www.centrumlocika.cz\/\" rel=\"attachment wp-att-55173\"><img loading=\"lazy\" src=\"https:\/\/www.praha7.cz\/wp-content\/uploads\/2022\/03\/locika_web-600x311.png\" alt=\"\" width=\"600\" height=\"311\" class=\"alignnone wp-image-55173 size-medium\" srcset=\"https:\/\/www.praha7.cz\/wp-content\/uploads\/2022\/03\/locika_web-600x311.png 600w, https:\/\/www.praha7.cz\/wp-content\/uploads\/2022\/03\/locika_web-768x398.png 768w, https:\/\/www.praha7.cz\/wp-content\/uploads\/2022\/03\/locika_web.png 1309w\" sizes=\"(max-width: 600px) 100vw, 600px\" \/><\/a><\/p>\r\n<hr \/>\r\n<ul>\r\n\t<li>Let\u00e1k: <a href=\"https:\/\/www.praha7.cz\/wp-content\/uploads\/2022\/03\/Jak_mluvit_navod_0304C.pdf\" target=\"_blank\" rel=\"noopener\">Jak mluvit s&nbsp;lidmi zasa\u017een\u00fdmi v\u00e1lkou<\/a> (pro jejich bl\u00edzk\u00e9 a&nbsp;dobrovoln\u00edky)\u00a0<\/li>\r\n<\/ul>","protected":false},"excerpt":{"rendered":"[perex] Sou\u010dasn\u00e9 d\u011bn\u00ed na Ukrajin\u011b stresuje nejen dosp\u011bl\u00e9, ale tak\u00e9 d\u011bti. Ty nav\u00edc \u010dasto netu\u0161\u00ed, jak s&nbsp;informacemi o&nbsp;v\u00e1lce nalo\u017eit. A&nbsp;nejen rodi\u010de, ale i&nbsp;pedagogov\u00e9 se pot\u00fdkaj\u00ed s&nbsp;t\u00edm, jak o&nbsp;t\u00e9matu v\u00e1le\u010dn\u00e9ho konfliktu s&nbsp;d\u011btmi mluvit. N\u011bkolik organizac\u00ed p\u0159ipravilo rady, jak lze postupovat a&nbsp;\u010deho se v&nbsp;komunikaci vyvarovat. K&nbsp;dispozici jsou tak\u00e9 vzd\u011bl\u00e1vac\u00ed materi\u00e1ly a&nbsp;doporu\u010den\u00ed, jak ve \u0161koln\u00edm kolektivu pracovat s&nbsp;d\u011btmi [&hellip;]","protected":false},"author":76,"featured_media":55040,"comment_status":"closed","ping_status":"open","sticky":false,"template":"","format":"standard","meta":[],"categories":[34],"tags":[],"_links":{"self":[{"href":"https:\/\/www.praha7.cz\/api\/wp\/v2\/posts\/55157"}],"collection":[{"href":"https:\/\/www.praha7.cz\/api\/wp\/v2\/posts"}],"about":[{"href":"https:\/\/www.praha7.cz\/api\/wp\/v2\/types\/post"}],"author":[{"embeddable":true,"href":"https:\/\/www.praha7.cz\/api\/wp\/v2\/users\/76"}],"replies":[{"embeddable":true,"href":"https:\/\/www.praha7.cz\/api\/wp\/v2\/comments?post=55157"}],"version-history":[{"count":18,"href":"https:\/\/www.praha7.cz\/api\/wp\/v2\/posts\/55157\/revisions"}],"predecessor-version":[{"id":55593,"href":"https:\/\/www.praha7.cz\/api\/wp\/v2\/posts\/55157\/revisions\/55593"}],"wp:featuredmedia":[{"embeddable":true,"href":"https:\/\/www.praha7.cz\/api\/wp\/v2\/media\/55040"}],"wp:attachment":[{"href":"https:\/\/www.praha7.cz\/api\/wp\/v2\/media?parent=55157"}],"wp:term":[{"taxonomy":"category","embeddable":true,"href":"https:\/\/www.praha7.cz\/api\/wp\/v2\/categories?post=55157"},{"taxonomy":"post_tag","embeddable":true,"href":"https:\/\/www.praha7.cz\/api\/wp\/v2\/tags?post=55157"}],"curies":[{"name":"wp","href":"https:\/\/api.w.org\/{rel}","templated":true}]}}