    
{"id":55068,"date":"2022-02-28T15:26:05","date_gmt":"2022-02-28T14:26:05","guid":{"rendered":"https:\/\/www.praha7.cz\/?p=55068"},"modified":"2022-02-28T15:26:05","modified_gmt":"2022-02-28T14:26:05","slug":"pro-ukrajinske-obcany-bude-verejna-doprava-v-praze-zdarma","status":"publish","type":"post","link":"https:\/\/www.praha7.cz\/pro-ukrajinske-obcany-bude-verejna-doprava-v-praze-zdarma\/","title":{"rendered":"Pro ukrajinsk\u00e9 ob\u010dany bude ve\u0159ejn\u00e1 doprava v&nbsp;Praze zdarma"},"content":{"rendered":"<p>[perex]<\/p>\r\n<p>Rada hl. m. Prahy rozhodla o&nbsp;zaveden\u00ed bezplatn\u00e9 p\u0159epravy pro ob\u010dany Ukrajiny ve ve\u0159ejn\u00e9 doprav\u011b na \u00fazem\u00ed Prahy, a&nbsp;to s\u00a0okam\u017eitou platnost\u00ed. K\u00a0prok\u00e1z\u00e1n\u00ed n\u00e1roku na bezplatnou p\u0159epravu sta\u010d\u00ed p\u0159edlo\u017eit platn\u00fd cestovn\u00ed pas nebo ob\u010dansk\u00fd pr\u016fkaz Ukrajiny.<\/p>\r\n<p>[\/perex]<\/p>\r\n<p>Praha ve spolupr\u00e1ci se St\u0159edo\u010desk\u00fdm krajem a&nbsp;\u017eelezni\u010dn\u00edmi dopravci v\u00a0\u010cesk\u00e9 republice zav\u00e1d\u00ed stejn\u00e9 podm\u00ednky bezplatn\u00e9 p\u0159epravy pro ob\u010dany z&nbsp;Ukrajiny. Ty budou fungovat v\u00a0r\u00e1mci cel\u00e9ho syst\u00e9mu Pra\u017esk\u00e9 integrovan\u00e9 dopravy v\u00a0Praze a&nbsp;St\u0159edo\u010desk\u00e9m kraji, tedy jak v\u00a0m\u011bstsk\u00e9 hromadn\u00e9 doprav\u011b, tak i&nbsp;v\u00a0p\u0159\u00edm\u011bstsk\u00fdch a&nbsp;region\u00e1ln\u00edch autobusech a&nbsp;vlac\u00edch.<\/p>\r\n<p>\u201e<em>Chceme co nejv\u00edce na\u0161im ukrajinsk\u00fdm p\u0159\u00e1tel\u016fm usnadnit pohyb po Praze a&nbsp;nezat\u011b\u017eovat je dal\u0161\u00ed administrativou. Pomoc lidem, kte\u0159\u00ed p\u0159ij\u00ed\u017ed\u011bj\u00ed z\u00a0v\u00e1lkou su\u017eovan\u00e9 Ukrajiny, aby zde na\u0161li bezpe\u010dn\u00fd druh\u00fd domov, je pro m\u011b samoz\u0159ejmost\u00ed<\/em>,\u201c \u0159\u00edk\u00e1 n\u00e1m\u011bstek prim\u00e1tora hl. m. Prahy pro oblast dopravy Adam Scheinherr.<\/p>\r\n<p>Mo\u017enost bezplatn\u00e9 p\u0159epravy v\u00a0r\u00e1mci <a href=\"https:\/\/pid.cz\/\">Pra\u017esk\u00e9 integrovan\u00e9 dopravy<\/a> za podm\u00ednky prok\u00e1z\u00e1n\u00ed se platn\u00fdm cestovn\u00edm pasem nebo ob\u010dansk\u00fdm pr\u016fkazem se zav\u00e1d\u00ed okam\u017eit\u011b od pond\u011bl\u00ed 28.&nbsp;\u00fanora 2022. N\u00e1sledn\u011b budou \u0159e\u0161ena v\u0161echna pot\u0159ebn\u00e1 legislativn\u00ed a&nbsp;technick\u00e1 opat\u0159en\u00ed, aby bylo mo\u017en\u00e9 tuto bezplatnou p\u0159epravu nab\u00edzet i&nbsp;nad\u00e1le, bude-li to nutn\u00e9.<\/p>\r\n<hr \/>\r\n<p><a href=\"https:\/\/www.praha7.cz\/wp-content\/uploads\/2022\/02\/220228_TZ_bezplatna_preprava_ua_end.docx\">\u0411\u0435\u0437\u043a\u043e\u0448\u0442\u043e\u0432\u043d\u0438\u0439 \u043f\u0440\u043e\u0457\u0437\u0434 \u0434\u043b\u044f \u0433\u0440\u043e\u043c\u0430\u0434\u044f\u043d \u0423\u043a\u0440\u0430\u0457\u043d\u0438 \u0442\u0430\u043a\u043e\u0436 \u0432 \u0433\u0440\u043e\u043c\u0430\u0434\u0441\u044c\u043a\u043e\u043c\u0443 \u0442\u0440\u0430\u043d\u0441\u043f\u043e\u0440\u0442\u0456 \u041f\u0440\u0430\u0433\u0438 <\/a><\/p>","protected":false},"excerpt":{"rendered":"[perex] Rada hl. m. Prahy rozhodla o&nbsp;zaveden\u00ed bezplatn\u00e9 p\u0159epravy pro ob\u010dany Ukrajiny ve ve\u0159ejn\u00e9 doprav\u011b na \u00fazem\u00ed Prahy, a&nbsp;to s\u00a0okam\u017eitou platnost\u00ed. K\u00a0prok\u00e1z\u00e1n\u00ed n\u00e1roku na bezplatnou p\u0159epravu sta\u010d\u00ed p\u0159edlo\u017eit platn\u00fd cestovn\u00ed pas nebo ob\u010dansk\u00fd pr\u016fkaz Ukrajiny. [\/perex] Praha ve spolupr\u00e1ci se St\u0159edo\u010desk\u00fdm krajem a&nbsp;\u017eelezni\u010dn\u00edmi dopravci v\u00a0\u010cesk\u00e9 republice zav\u00e1d\u00ed stejn\u00e9 podm\u00ednky bezplatn\u00e9 p\u0159epravy pro ob\u010dany z&nbsp;Ukrajiny. Ty [&hellip;]","protected":false},"author":76,"featured_media":55070,"comment_status":"closed","ping_status":"open","sticky":false,"template":"","format":"standard","meta":[],"categories":[34],"tags":[],"_links":{"self":[{"href":"https:\/\/www.praha7.cz\/api\/wp\/v2\/posts\/55068"}],"collection":[{"href":"https:\/\/www.praha7.cz\/api\/wp\/v2\/posts"}],"about":[{"href":"https:\/\/www.praha7.cz\/api\/wp\/v2\/types\/post"}],"author":[{"embeddable":true,"href":"https:\/\/www.praha7.cz\/api\/wp\/v2\/users\/76"}],"replies":[{"embeddable":true,"href":"https:\/\/www.praha7.cz\/api\/wp\/v2\/comments?post=55068"}],"version-history":[{"count":2,"href":"https:\/\/www.praha7.cz\/api\/wp\/v2\/posts\/55068\/revisions"}],"predecessor-version":[{"id":55072,"href":"https:\/\/www.praha7.cz\/api\/wp\/v2\/posts\/55068\/revisions\/55072"}],"wp:featuredmedia":[{"embeddable":true,"href":"https:\/\/www.praha7.cz\/api\/wp\/v2\/media\/55070"}],"wp:attachment":[{"href":"https:\/\/www.praha7.cz\/api\/wp\/v2\/media?parent=55068"}],"wp:term":[{"taxonomy":"category","embeddable":true,"href":"https:\/\/www.praha7.cz\/api\/wp\/v2\/categories?post=55068"},{"taxonomy":"post_tag","embeddable":true,"href":"https:\/\/www.praha7.cz\/api\/wp\/v2\/tags?post=55068"}],"curies":[{"name":"wp","href":"https:\/\/api.w.org\/{rel}","templated":true}]}}