    
{"id":55048,"date":"2022-02-28T14:32:50","date_gmt":"2022-02-28T13:32:50","guid":{"rendered":"https:\/\/www.praha7.cz\/?p=55048"},"modified":"2022-02-28T14:32:50","modified_gmt":"2022-02-28T13:32:50","slug":"ve-stredu-2-brezna-neprobehne-pravidelna-zkouska-siren","status":"publish","type":"post","link":"https:\/\/www.praha7.cz\/ve-stredu-2-brezna-neprobehne-pravidelna-zkouska-siren\/","title":{"rendered":"Ve st\u0159edu 2.&nbsp;b\u0159ezna neprob\u011bhne pravideln\u00e1 zkou\u0161ka sir\u00e9n"},"content":{"rendered":"<p>[perex]<\/p>\r\n<p>Ve st\u0159edu 2.&nbsp;b\u0159ezna 2022 bude z&nbsp;rozhodnut\u00ed gener\u00e1ln\u00edho \u0159editele <a href=\"https:\/\/www.hzscr.cz\/hasicky-zachranny-sbor-ceske-republiky.aspx\">Hasi\u010dsk\u00e9ho z\u00e1chrann\u00e9ho sboru \u010cesk\u00e9 republiky<\/a> zru\u0161ena pravideln\u00e1 zkou\u0161ka sir\u00e9n. D\u016fvodem tohoto rozhodnut\u00ed je snaha p\u0159edej\u00edt ne\u017e\u00e1douc\u00ed panice mezi obyvatelstvem, i&nbsp;s\u00a0ohledem na ob\u010dany z\u00a0Ukrajiny, kte\u0159\u00ed v&nbsp;\u010cesk\u00e9 republice vyhled\u00e1vaj\u00ed bezpe\u010d\u00ed.<\/p>\r\n<p>[\/perex]<\/p>\r\n<p>\u201e<em>V \u010cesk\u00e9 republice \u017eije v&nbsp;sou\u010dasn\u00e9 dob\u011b na 200 tis\u00edc ob\u010dan\u016f Ukrajiny. Dal\u0161\u00ed k&nbsp;n\u00e1m prchaj\u00ed p\u0159ed Putinovou agres\u00ed. Sir\u00e9nami jim nechceme p\u0159ipom\u00ednat hr\u016fzu, p\u0159ed kterou opustili sv\u00e9 domovy. Rozhodnut\u00ed Hasi\u010dsk\u00e9ho z\u00e1chrann\u00e9ho sboru \u010cesk\u00e9 republiky zru\u0161it pravidelnou zkou\u0161ku sir\u00e9n proto pova\u017euji za logick\u00e9 a&nbsp;spr\u00e1vn\u00e9<\/em>\u201c, uv\u00e1d\u00ed k\u00a0d\u016fvod\u016fm pro zru\u0161en\u00ed zkou\u0161ky ministr vnitra V\u00edt Raku\u0161an.<\/p>\r\n<hr \/>\r\n<p>Nen\u00ed to poprv\u00e9, kdy se zkou\u0161ka sir\u00e9n ru\u0161\u00ed. Bylo tomu tak nap\u0159\u00edklad p\u0159i povodn\u00edch v&nbsp;letech 2009 a&nbsp;2013, v&nbsp;roce 2010 p\u0159i n\u00e1v\u0161t\u011bv\u011b prezident\u016f nebo v\u00a0dubnu, kv\u011btnu a&nbsp;listopadu 2020 z&nbsp;d\u016fvodu mimo\u0159\u00e1dn\u00e9ho stavu v\u00a0souvislosti s\u00a0koronavirem.<\/p>","protected":false},"excerpt":{"rendered":"[perex] Ve st\u0159edu 2.&nbsp;b\u0159ezna 2022 bude z&nbsp;rozhodnut\u00ed gener\u00e1ln\u00edho \u0159editele Hasi\u010dsk\u00e9ho z\u00e1chrann\u00e9ho sboru \u010cesk\u00e9 republiky zru\u0161ena pravideln\u00e1 zkou\u0161ka sir\u00e9n. D\u016fvodem tohoto rozhodnut\u00ed je snaha p\u0159edej\u00edt ne\u017e\u00e1douc\u00ed panice mezi obyvatelstvem, i&nbsp;s\u00a0ohledem na ob\u010dany z\u00a0Ukrajiny, kte\u0159\u00ed v&nbsp;\u010cesk\u00e9 republice vyhled\u00e1vaj\u00ed bezpe\u010d\u00ed. [\/perex] \u201eV \u010cesk\u00e9 republice \u017eije v&nbsp;sou\u010dasn\u00e9 dob\u011b na 200 tis\u00edc ob\u010dan\u016f Ukrajiny. Dal\u0161\u00ed k&nbsp;n\u00e1m prchaj\u00ed p\u0159ed Putinovou agres\u00ed. [&hellip;]","protected":false},"author":76,"featured_media":55050,"comment_status":"closed","ping_status":"open","sticky":false,"template":"","format":"standard","meta":[],"categories":[34],"tags":[],"_links":{"self":[{"href":"https:\/\/www.praha7.cz\/api\/wp\/v2\/posts\/55048"}],"collection":[{"href":"https:\/\/www.praha7.cz\/api\/wp\/v2\/posts"}],"about":[{"href":"https:\/\/www.praha7.cz\/api\/wp\/v2\/types\/post"}],"author":[{"embeddable":true,"href":"https:\/\/www.praha7.cz\/api\/wp\/v2\/users\/76"}],"replies":[{"embeddable":true,"href":"https:\/\/www.praha7.cz\/api\/wp\/v2\/comments?post=55048"}],"version-history":[{"count":5,"href":"https:\/\/www.praha7.cz\/api\/wp\/v2\/posts\/55048\/revisions"}],"predecessor-version":[{"id":55056,"href":"https:\/\/www.praha7.cz\/api\/wp\/v2\/posts\/55048\/revisions\/55056"}],"wp:featuredmedia":[{"embeddable":true,"href":"https:\/\/www.praha7.cz\/api\/wp\/v2\/media\/55050"}],"wp:attachment":[{"href":"https:\/\/www.praha7.cz\/api\/wp\/v2\/media?parent=55048"}],"wp:term":[{"taxonomy":"category","embeddable":true,"href":"https:\/\/www.praha7.cz\/api\/wp\/v2\/categories?post=55048"},{"taxonomy":"post_tag","embeddable":true,"href":"https:\/\/www.praha7.cz\/api\/wp\/v2\/tags?post=55048"}],"curies":[{"name":"wp","href":"https:\/\/api.w.org\/{rel}","templated":true}]}}