    
{"id":54934,"date":"2022-02-24T16:11:25","date_gmt":"2022-02-24T15:11:25","guid":{"rendered":"https:\/\/www.praha7.cz\/?p=54934"},"modified":"2022-02-27T19:38:22","modified_gmt":"2022-02-27T18:38:22","slug":"praha-posle-10-milionu-korun-na-humanitarni-pomoc-ukrajine-a-bude-jednat-o-ubytovani-pro-ukrajinske-rodiny","status":"publish","type":"post","link":"https:\/\/www.praha7.cz\/praha-posle-10-milionu-korun-na-humanitarni-pomoc-ukrajine-a-bude-jednat-o-ubytovani-pro-ukrajinske-rodiny\/","title":{"rendered":"Hlavn\u00ed m\u011bsto po\u0161le 10 milion\u016f korun na humanit\u00e1rn\u00ed pomoc Ukrajin\u011b"},"content":{"rendered":"<p>[perex]<\/p>\r\n<p>Zastupitel\u00e9 hlavn\u00edho m\u011bsta Prahy schv\u00e1lili okam\u017eit\u00fd finan\u010dn\u00ed dar ve v\u00fd\u0161i 10 milion\u016f korun \u010desk\u00e9 humanit\u00e1rn\u00ed organizaci \u010clov\u011bk v&nbsp;t\u00edsni na pomoc obyvatel\u016fm Ukrajiny, kter\u00e1 se v&nbsp;noci na \u010dtvrtek stala ter\u010dem ozbrojen\u00e9 invaze ze strany Ruska. Jedn\u00e1 se o&nbsp;prvn\u00ed okam\u017eitou reakci na nastalou situaci, n\u00e1sledn\u011b vznikne p\u0159i Rad\u011b hl. m. Prahy pracovn\u00ed skupina slo\u017een\u00e1 ze z\u00e1stupc\u016f v\u0161ech koali\u010dn\u00edch i&nbsp;opozi\u010dn\u00edch stran, kter\u00e1 bude \u0159e\u0161it v&nbsp;koordinaci s&nbsp;ministerstvy dal\u0161\u00ed postup Prahy.<\/p>\r\n<p>[\/perex]<\/p>\r\n<p>Hlavn\u00ed m\u011bsto Praha materi\u00e1lem schv\u00e1len\u00fdm na \u010dtvrte\u010dn\u00edm zased\u00e1n\u00ed Zastupitelstva hlavn\u00edho m\u011bsta Prahy jasn\u011b vyjad\u0159uje podporu a&nbsp;solidaritu Ukrajin\u011b. Z\u00e1rove\u0148 odsuzuje vojensk\u00fd \u00fatok ze strany Ruska. Na z\u00e1klad\u011b tohoto usnesen\u00ed tak\u00e9 hlavn\u00edho m\u011bsto Praha poskytne finan\u010dn\u00ed dar 10 milion\u016f korun na humanit\u00e1rn\u00ed pomoc v&nbsp;regionu.\u00a0\u00a0<\/p>\r\n<p>\u201e<em>Ozbrojen\u00e1 invaze ze strany Ruska a&nbsp;jak\u00e9koliv dal\u0161\u00ed agresivn\u00ed zastra\u0161ov\u00e1n\u00ed Ukrajiny a&nbsp;Kyjeva jsou naprosto neakceptovateln\u00e9. Hlavn\u00ed m\u011bsto Praha rezolutn\u011b podporuje, aby Ukrajina z\u016fstala svobodn\u00fdm, demokratick\u00fdm a&nbsp;svrchovan\u00fdm st\u00e1tem a&nbsp;Kyjev svobodn\u00fdm a&nbsp;demokratick\u00fdm m\u011bstem. Symbolick\u00e1 podpora mus\u00ed j\u00edt ruku v&nbsp;ruce i&nbsp;s&nbsp;praktickou pomoc\u00ed. Proto jsme se rozhodli poskytnout 10 milion\u016f korun jako prvn\u00ed okam\u017eitou pomoc ke zm\u00edrn\u011bn\u00ed dopad\u016f \u00fatok\u016f veden\u00fdch Ruskem na civiln\u00ed obyvatelstvo. Zastupitelstvo m\u011b tak\u00e9 pov\u011b\u0159ilo k&nbsp;jedn\u00e1n\u00ed s&nbsp;p\u0159\u00edslu\u0161n\u00fdmi ministerstvy a&nbsp;dal\u0161\u00edmi organizacemi o&nbsp;zaji\u0161t\u011bn\u00ed humanit\u00e1rn\u00edho ubytov\u00e1n\u00ed, zejm\u00e9na pro rodiny s&nbsp;d\u011btmi,<\/em>\u201c \u0159\u00edk\u00e1 prim\u00e1tor hlavn\u00edho m\u011bsta Prahy Zden\u011bk H\u0159ib.\u00a0\u00a0<\/p>\r\n<p>\u201e<em>Osud Ukrajinc\u016f n\u00e1m v&nbsp;Praze nen\u00ed lhostejn\u00fd. Na Ukrajinu te\u010f pos\u00edl\u00e1me 10 milion\u016f korun p\u0159es \u010clov\u011bka v&nbsp;t\u00edsni a&nbsp;budeme za m\u011bsto hledat dal\u0161\u00ed formy finan\u010dn\u00ed, humanit\u00e1rn\u00ed i&nbsp;nemateri\u00e1ln\u00ed podpory a&nbsp;pomoci lidem, kte\u0159\u00ed jsou v&nbsp;d\u016fsledku eskalace ze strany Ruska v&nbsp;ohro\u017een\u00ed<\/em>,\u201c uv\u00e1d\u00ed p\u0159edseda zastupitelsk\u00e9ho klubu Praha sob\u011b Jan \u010ci\u017einsk\u00fd.<\/p>\r\n<p>\u201e<em>Dnes r\u00e1no jsme se probudili do \u00fapln\u011b jin\u00e9ho sv\u011bta. Jsme v&nbsp;situaci, kterou si v\u011bt\u0161ina z&nbsp;n\u00e1s necht\u011bla ani neum\u011bla p\u0159edstavit. Mus\u00edme ka\u017ed\u00fd z&nbsp;n\u00e1s ud\u011blat maximum pro to, abychom tuto situaci zvl\u00e1dli. Pomoc Prahy neskon\u010d\u00ed t\u00edmto usnesen\u00edm. Naopak, dokud to bude t\u0159eba, budeme st\u00e1le hledat zp\u016fsoby, jak co nejefektivn\u011bji pom\u00e1hat t\u011b\u017ece zkou\u0161en\u00e9mu lidu Ukrajiny a&nbsp;i&nbsp;t\u011bm, kte\u0159\u00ed budou muset opustit sv\u00e9 domovy a&nbsp;bl\u00edzk\u00e9. Mysl\u00edme na v\u00e1s! Dr\u017ete se!<\/em>\u201c vzkazuje p\u0159edseda zastupitelsk\u00e9ho klubu Spojen\u00fdch sil pro Prahu Pavel Richter.<\/p>\r\n<p>\u201e<em>V tomto p\u0159\u00edpad\u011b se ned\u011bl\u00edme na koalici a&nbsp;opozici, te\u010f jde politika stranou. Ruskou invazi na Ukrajinu mus\u00edme odsoudit jedn\u00edm hlasem a&nbsp;stejn\u011b tak i&nbsp;spole\u010dn\u011b nab\u00eddnout humanit\u00e1rn\u00ed pomoc,<\/em>\u201c \u0159\u00edk\u00e1 p\u0159edseda zastupitelsk\u00e9ho klubu ANO Ond\u0159ej Prokop.<\/p>\r\n<p>\u201e<em>Mysl\u00edm, \u017ee si ka\u017ed\u00fd z&nbsp;vlastn\u00ed zku\u0161enosti nebo z&nbsp;vypr\u00e1v\u011bn\u00ed na\u0161ich rodi\u010d\u016f a&nbsp;prarodi\u010d\u016f um\u00ed p\u0159edstavit, co znamen\u00e1 obsazen\u00ed svrchovan\u00e9ho svobodn\u00e9ho st\u00e1tu ciz\u00ed mocnost\u00ed a&nbsp;jak\u00fd dopad to m\u016f\u017ee m\u00edt na \u017eivot ob\u010dan\u016f na Ukrajin\u011b. Tento akt agrese ze strany Ruska je flagrantn\u00edm poru\u0161en\u00edm mezin\u00e1rodn\u00edho pr\u00e1va a&nbsp;m\u016f\u017ee uvrhnout sv\u011bt do vlekl\u00e9ho v\u00e1le\u010dn\u00e9ho konfliktu. Je na\u0161\u00ed povinnost\u00ed podpo\u0159it ob\u010dany Ukrajiny jakoukoli formou a&nbsp;jsem r\u00e1d, \u017ee jsme se dnes na jedn\u00e1n\u00ed zastupitelstva dok\u00e1zali nap\u0159\u00ed\u010d politick\u00fdm spektrem shodnout nejen na odsouzen\u00ed rusk\u00e9 agrese, ale tak\u00e9 poskytnout finan\u010dn\u00ed podporu p\u0159es \u010clov\u011bka v&nbsp;t\u00edsni, kter\u00fd je podle n\u00e1s d\u016fv\u011bryhodn\u00e1 a&nbsp;kompetentn\u00ed organizace, kter\u00e1 dok\u00e1\u017ee vyu\u017e\u00edt tyto finan\u010dn\u00ed prost\u0159edky tam, kde na Ukrajin\u011b budou nejv\u00edce pot\u0159eba. V\u011b\u0159\u00edm, \u017ee najdeme ve z\u0159\u00edzen\u00e9 pracovn\u00ed skupin\u011b i&nbsp;dal\u0161\u00ed formu c\u00edlen\u00e9 pomoci ukrajinsk\u00fdm ob\u010dan\u016fm, a\u0165 ji\u017e tady v&nbsp;\u010cesk\u00e9 republice, nebo na Ukrajin\u011b<\/em>,\u201c dod\u00e1v\u00e1 Zden\u011bk Zaj\u00ed\u010dek, p\u0159edseda zastupitelsk\u00e9ho klubu ODS.<\/p>\r\n<p>\u010c\u00e1stku ve v\u00fd\u0161i 10 milion\u016f korun m\u011bsto poskytne etablovan\u00e9 neziskov\u00e9 organizaci \u010clov\u011bk v&nbsp;t\u00edsni, kter\u00e1 od roku 2014 skrze sb\u00edrku SOS Ukrajina zaji\u0161\u0165uje humanit\u00e1rn\u00ed pomoc na \u00fazem\u00ed Ukrajiny (zejm\u00e9na v&nbsp;Don\u011bcku a&nbsp;Luhansku) a&nbsp;nyn\u00ed p\u0159ipravuje humanit\u00e1rn\u00ed pomoc v&nbsp;reakci na nastalou situaci. Pot\u0159ebn\u00fdm poskytuj\u00ed nap\u0159\u00edklad j\u00eddlo, vodu, hygienick\u00e9 pot\u0159eby, uhl\u00ed a&nbsp;psychosoci\u00e1ln\u00ed podporu nebo opravuj\u00ed domy a&nbsp;vodovodn\u00ed potrub\u00ed.\u00a0<\/p>\r\n<p>Dle rozhodnut\u00ed zastupitelstva vznikne p\u0159i Rad\u011b hl. m. Prahy pracovn\u00ed skupina, kter\u00e1 bude \u0159e\u0161it dal\u0161\u00ed postup hlavn\u00edho m\u011bsta p\u0159i hled\u00e1n\u00ed pomoci Ukrajin\u011b. Prim\u00e1tor hlavn\u00edho m\u011bsta Prahy tak\u00e9 bude jednat s&nbsp;Ministerstvem vnitra \u010cR, Ministerstvem zahrani\u010dn\u00edch v\u011bc\u00ed \u010cR, p\u0159\u00edpadn\u011b s&nbsp;dal\u0161\u00edmi st\u00e1tn\u00edmi institucemi, o&nbsp;dal\u0161\u00edch mo\u017enostech zapojen\u00ed hl. m. Prahy do humanit\u00e1rn\u00ed a&nbsp;dal\u0161\u00ed praktick\u00e9 pomoci Ukrajin\u011b, jako nap\u0159. \u0159e\u0161en\u00ed humanit\u00e1rn\u00edho ubytov\u00e1n\u00ed pro ob\u010dany Ukrajiny a&nbsp;ukrajinsk\u00e9 rodiny s&nbsp;d\u011btmi. Rada tak\u00e9 prov\u011b\u0159\u00ed ukon\u010den\u00ed pozastaven\u00fdch partnersk\u00fdch smluv Prahy s&nbsp;Moskvou a&nbsp;Petrohradem.<\/p>","protected":false},"excerpt":{"rendered":"[perex] Zastupitel\u00e9 hlavn\u00edho m\u011bsta Prahy schv\u00e1lili okam\u017eit\u00fd finan\u010dn\u00ed dar ve v\u00fd\u0161i 10 milion\u016f korun \u010desk\u00e9 humanit\u00e1rn\u00ed organizaci \u010clov\u011bk v&nbsp;t\u00edsni na pomoc obyvatel\u016fm Ukrajiny, kter\u00e1 se v&nbsp;noci na \u010dtvrtek stala ter\u010dem ozbrojen\u00e9 invaze ze strany Ruska. Jedn\u00e1 se o&nbsp;prvn\u00ed okam\u017eitou reakci na nastalou situaci, n\u00e1sledn\u011b vznikne p\u0159i Rad\u011b hl. m. Prahy pracovn\u00ed skupina slo\u017een\u00e1 ze z\u00e1stupc\u016f [&hellip;]","protected":false},"author":97,"featured_media":54935,"comment_status":"closed","ping_status":"open","sticky":false,"template":"","format":"standard","meta":[],"categories":[34],"tags":[],"_links":{"self":[{"href":"https:\/\/www.praha7.cz\/api\/wp\/v2\/posts\/54934"}],"collection":[{"href":"https:\/\/www.praha7.cz\/api\/wp\/v2\/posts"}],"about":[{"href":"https:\/\/www.praha7.cz\/api\/wp\/v2\/types\/post"}],"author":[{"embeddable":true,"href":"https:\/\/www.praha7.cz\/api\/wp\/v2\/users\/97"}],"replies":[{"embeddable":true,"href":"https:\/\/www.praha7.cz\/api\/wp\/v2\/comments?post=54934"}],"version-history":[{"count":3,"href":"https:\/\/www.praha7.cz\/api\/wp\/v2\/posts\/54934\/revisions"}],"predecessor-version":[{"id":55024,"href":"https:\/\/www.praha7.cz\/api\/wp\/v2\/posts\/54934\/revisions\/55024"}],"wp:featuredmedia":[{"embeddable":true,"href":"https:\/\/www.praha7.cz\/api\/wp\/v2\/media\/54935"}],"wp:attachment":[{"href":"https:\/\/www.praha7.cz\/api\/wp\/v2\/media?parent=54934"}],"wp:term":[{"taxonomy":"category","embeddable":true,"href":"https:\/\/www.praha7.cz\/api\/wp\/v2\/categories?post=54934"},{"taxonomy":"post_tag","embeddable":true,"href":"https:\/\/www.praha7.cz\/api\/wp\/v2\/tags?post=54934"}],"curies":[{"name":"wp","href":"https:\/\/api.w.org\/{rel}","templated":true}]}}