    
{"id":54895,"date":"2022-02-23T16:35:24","date_gmt":"2022-02-23T15:35:24","guid":{"rendered":"https:\/\/www.praha7.cz\/?p=54895"},"modified":"2022-02-23T16:35:24","modified_gmt":"2022-02-23T15:35:24","slug":"zemrela-byvala-starostka-prahy-7-ivana-kucerova","status":"publish","type":"post","link":"https:\/\/www.praha7.cz\/zemrela-byvala-starostka-prahy-7-ivana-kucerova\/","title":{"rendered":"Zem\u0159ela b\u00fdval\u00e1 starostka Prahy&nbsp;7 Ivana Ku\u010derov\u00e1"},"content":{"rendered":"<p>[perex]<\/p>\r\n<p>S\u00a0l\u00edtost\u00ed oznamujeme, \u017ee v\u00a0\u00fater\u00fd 22.&nbsp;2.&nbsp;2022 zem\u0159ela ve v\u011bku 81 let b\u00fdval\u00e1 starostka sedm\u00e9 m\u011bstsk\u00e9 \u010d\u00e1sti PhDr. Ivana Ku\u010derov\u00e1. Pan\u00ed doktorka Ku\u010derov\u00e1 p\u016fsobila v\u00a0zastupitelstvu Prahy&nbsp;7 od 90.&nbsp;let, od roku 1994 zast\u00e1vala funkci m\u00edstostarostky, starostkou byla v\u00a0letech 2003 \u2013 2006. Komun\u00e1ln\u00edm t\u00e9mat\u016fm se aktivn\u011b v\u011bnovala i&nbsp;v\u00a0n\u00e1sleduj\u00edc\u00edch letech, p\u0159edev\u0161\u00edm pak soci\u00e1ln\u00ed a&nbsp;zdravotn\u00ed oblasti, \u0161kolstv\u00ed a&nbsp;kultu\u0159e. \u00a0\u00a0\u00a0\u00a0<\/p>\r\n<p>M\u010c Praha&nbsp;7 vyjad\u0159uje svou nejhlub\u0161\u00ed soustrast rodin\u011b a&nbsp;v\u0161em poz\u016fstal\u00fdm.<\/p>\r\n<p>[\/perex]<\/p>","protected":false},"excerpt":{"rendered":"[perex] S\u00a0l\u00edtost\u00ed oznamujeme, \u017ee v\u00a0\u00fater\u00fd 22.&nbsp;2.&nbsp;2022 zem\u0159ela ve v\u011bku 81 let b\u00fdval\u00e1 starostka sedm\u00e9 m\u011bstsk\u00e9 \u010d\u00e1sti PhDr. Ivana Ku\u010derov\u00e1. Pan\u00ed doktorka Ku\u010derov\u00e1 p\u016fsobila v\u00a0zastupitelstvu Prahy&nbsp;7 od 90.&nbsp;let, od roku 1994 zast\u00e1vala funkci m\u00edstostarostky, starostkou byla v\u00a0letech 2003 \u2013 2006. Komun\u00e1ln\u00edm t\u00e9mat\u016fm se aktivn\u011b v\u011bnovala i&nbsp;v\u00a0n\u00e1sleduj\u00edc\u00edch letech, p\u0159edev\u0161\u00edm pak soci\u00e1ln\u00ed a&nbsp;zdravotn\u00ed oblasti, \u0161kolstv\u00ed a&nbsp;kultu\u0159e. \u00a0\u00a0\u00a0\u00a0 M\u010c [&hellip;]","protected":false},"author":5,"featured_media":54896,"comment_status":"closed","ping_status":"open","sticky":false,"template":"","format":"standard","meta":[],"categories":[34],"tags":[],"_links":{"self":[{"href":"https:\/\/www.praha7.cz\/api\/wp\/v2\/posts\/54895"}],"collection":[{"href":"https:\/\/www.praha7.cz\/api\/wp\/v2\/posts"}],"about":[{"href":"https:\/\/www.praha7.cz\/api\/wp\/v2\/types\/post"}],"author":[{"embeddable":true,"href":"https:\/\/www.praha7.cz\/api\/wp\/v2\/users\/5"}],"replies":[{"embeddable":true,"href":"https:\/\/www.praha7.cz\/api\/wp\/v2\/comments?post=54895"}],"version-history":[{"count":1,"href":"https:\/\/www.praha7.cz\/api\/wp\/v2\/posts\/54895\/revisions"}],"predecessor-version":[{"id":54897,"href":"https:\/\/www.praha7.cz\/api\/wp\/v2\/posts\/54895\/revisions\/54897"}],"wp:featuredmedia":[{"embeddable":true,"href":"https:\/\/www.praha7.cz\/api\/wp\/v2\/media\/54896"}],"wp:attachment":[{"href":"https:\/\/www.praha7.cz\/api\/wp\/v2\/media?parent=54895"}],"wp:term":[{"taxonomy":"category","embeddable":true,"href":"https:\/\/www.praha7.cz\/api\/wp\/v2\/categories?post=54895"},{"taxonomy":"post_tag","embeddable":true,"href":"https:\/\/www.praha7.cz\/api\/wp\/v2\/tags?post=54895"}],"curies":[{"name":"wp","href":"https:\/\/api.w.org\/{rel}","templated":true}]}}