    
{"id":54789,"date":"2022-02-21T14:36:18","date_gmt":"2022-02-21T13:36:18","guid":{"rendered":"https:\/\/www.praha7.cz\/?p=54789"},"modified":"2022-02-21T14:36:18","modified_gmt":"2022-02-21T13:36:18","slug":"22-unor-evropsky-den-obeti-trestnych-cinu","status":"publish","type":"post","link":"https:\/\/www.praha7.cz\/22-unor-evropsky-den-obeti-trestnych-cinu\/","title":{"rendered":"22.&nbsp;\u00fanor: Evropsk\u00fd den ob\u011bt\u00ed trestn\u00fdch \u010din\u016f"},"content":{"rendered":"<p>[perex]<\/p>\r\n<p>Proba\u010dn\u00ed a&nbsp;media\u010dn\u00ed slu\u017eba se stejn\u011b jako v\u00a0p\u0159edchoz\u00edch letech p\u0159ipoj\u00ed k\u00a0Evropsk\u00e9mu dni ob\u011bt\u00ed trestn\u00fdch \u010din\u016f. Spole\u010dn\u011b s\u00a0Polici\u00ed \u010cR vyj\u00e1d\u0159\u00ed svou \u00factu k\u00a0ob\u011btem minutou ticha v\u00a0\u00fater\u00fd 22.&nbsp;\u00fanora 2022 ve 12 hodin. Na tento okam\u017eik upozorn\u00ed tak\u00e9 maj\u00e1ky policejn\u00edch voz\u016f, kter\u00e9 se rozsv\u00edt\u00ed p\u0159ed slu\u017eebnami po cel\u00e9 republice &#8211; na Sedmi\u010dce na adrese Ortenov\u011b n\u00e1m\u011bst\u00ed 542\/16.<\/p>\r\n<p>[\/perex]<\/p>\r\n<p>Evropsk\u00fd den ob\u011bt\u00ed trestn\u00fdch \u010din\u016f je ka\u017edoro\u010dn\u00ed p\u0159ipom\u00ednkou podpisu Charty pr\u00e1v ob\u011bt\u00ed ve Velk\u00e9 Brit\u00e1nii v\u00a0roce 1990. Jeho c\u00edlem je p\u0159edev\u0161\u00edm zv\u00fd\u0161it pov\u011bdom\u00ed o\u00a0pr\u00e1vech a\u00a0pot\u0159eb\u00e1ch ob\u011bt\u00ed. Stejn\u00fd \u00fakol si klade tak\u00e9 Proba\u010dn\u00ed a&nbsp;media\u010dn\u00ed slu\u017eba, kter\u00e1 dlouhodob\u011b podporuje ob\u011bti trestn\u00fdch \u010din\u016f v\u00a0jejich aktivn\u00edm \u00fasil\u00ed vyrovnat se s\u00a0t\u011b\u017ekou \u017eivotn\u00ed situac\u00ed a&nbsp;pom\u00e1h\u00e1 v\u00a0boji proti p\u0159edsudk\u016fm. Po\u017e\u00e1dat o&nbsp;pomoc \u010di odbornou radu mohou tyto osoby aktu\u00e1ln\u011b v\u00a074\u00a0st\u0159edisc\u00edch po\u00a0cel\u00e9 republice.<\/p>\r\n<p>\u201e<em>Proba\u010dn\u00ed a&nbsp;media\u010dn\u00ed slu\u017eba v\u00a0lo\u0148sk\u00e9m roce nav\u00e1zala spolupr\u00e1ci s&nbsp;celkem 4&nbsp;281 ob\u011b\u0165mi trestn\u00fdch \u010din\u016f. Pro porovn\u00e1n\u00ed v\u00a0p\u0159edchoz\u00edm roce 2020 to bylo 4&nbsp;306 osob. Po\u010det ob\u011bt\u00ed, kter\u00e9 pot\u0159ebuj\u00ed podat pomocnou ruku, tedy rozhodn\u011b nen\u00ed nijak zanedbateln\u00fd. Budeme proto r\u00e1di,\u00a0kdy\u017e se 22.&nbsp;\u00fanora ve 12 hodin zastav\u00edte na bezpe\u010dn\u00e9m m\u00edst\u011b a&nbsp;spole\u010dn\u011b s\u00a0n\u00e1mi jim vyj\u00e1d\u0159\u00edte \u00factu<\/em>,\u201c \u0159\u00edk\u00e1 \u0159editelka Proba\u010dn\u00ed a&nbsp;media\u010dn\u00ed slu\u017eby Andrea Matou\u0161kov\u00e1.<\/p>\r\n<p>\u201e<em>Pomoc ob\u011btem trestn\u00fdch \u010din\u016f je pro justici d\u016fle\u017eit\u00e9 t\u00e9ma. U&nbsp;p\u0159\u00edle\u017eitosti Evropsk\u00e9ho dne ob\u011bt\u00ed trestn\u00fdch \u010din\u016f je dobr\u00e9 si p\u0159ipomenout, \u017ee i&nbsp;v&nbsp;\u010cesk\u00e9 republice existuje rozs\u00e1hl\u00e1 s\u00ed\u0165 profesion\u00e1l\u016f, na kterou se m\u016f\u017ee ka\u017ed\u00fd obr\u00e1tit. M\u00e1m na mysli st\u00e1tn\u00ed instituce i&nbsp;neziskov\u00fd sektor, kde najdeme odborn\u00edky, kte\u0159\u00ed jsou v\u017edy p\u0159ipraveni citliv\u011b \u0159e\u0161it krizov\u00e9 situace, vz\u00e1jemn\u011b se dopl\u0148ovat a&nbsp;spolupracovat. Konkr\u00e9tn\u011b m\u00e1m na mysli na\u0161\u00ed Proba\u010dn\u00ed a&nbsp;media\u010dn\u00ed slu\u017ebu, Policii \u010cR a&nbsp;ji\u017e zm\u00edn\u011bn\u00fd neziskov\u00fd sektor. Jsem r\u00e1d, \u017ee uveden\u00ed mezi sebou nesout\u011b\u017e\u00ed o&nbsp;to, kdo bude prvn\u00ed na pomysln\u00e9 c\u00edlov\u00e9 p\u00e1sce, ale pom\u00e1haj\u00ed konkr\u00e9tn\u00edm ob\u011btem trestn\u00e9 \u010dinnosti<\/em>,\u201c dopl\u0148uje ministr spravedlnosti Pavel Bla\u017eek.<\/p>\r\n<p>\u201ePolicie \u010cR m\u00e1 dlouhodobou zku\u0161enost s&nbsp;prac\u00ed s&nbsp;ob\u011b\u0165mi trestn\u00fdch \u010din\u016f.\u00a0Disponuje 78 speci\u00e1ln\u00edmi v\u00fdslechov\u00fdmi m\u00edstnostmi, kter\u00fdmi je plo\u0161n\u011b pokryta cel\u00e1 \u010cesk\u00e1 republika. Prvn\u00ed v\u00fdslechov\u00e9 m\u00edstnosti byly vybudov\u00e1ny ji\u017e v&nbsp;roce 2004. V\u00a0roce 2021 bylo ve speci\u00e1ln\u00edch v\u00fdslechov\u00fdch m\u00edstnostech provedeno celkem 1658 \u00fakon\u016f s\u00a0ob\u011b\u0165mi trestn\u00fdch \u010din\u016f.\u00a0\u00da\u010delem pr\u00e1ce ve\u00a0speci\u00e1ln\u00edch v\u00fdslechov\u00fdch m\u00edstnostech\u00a0je\u00a0zabr\u00e1n\u011bn\u00ed druhotn\u00e9\u00a0viktimizace\u00a0ob\u011bt\u00ed trestn\u00fdch \u010din\u016f. Policie \u010cR m\u00e1 plo\u0161n\u00fd syst\u00e9m krizov\u00fdch intervent\u016f, kte\u0159\u00ed v&nbsp;p\u0159\u00edpad\u011b pot\u0159eby poskytuj\u00ed ob\u011btem trestn\u00fdch \u010din\u016f akutn\u00ed psychologickou pomoc. Pro p\u0159\u00edmou krizovou intervenci je p\u0159ipraveno 235 speci\u00e1ln\u011b vy\u0161kolen\u00fdch policist\u016f a&nbsp;policejn\u00edch psycholog\u016f\u201c. \u201e<em>Ka\u017ed\u00e1 ob\u011b\u0165 m\u00e1 pr\u00e1vo na citliv\u00fd p\u0159\u00edstup<\/em>,\u201c zd\u016fraz\u0148uje \u0159editel \u00da\u0159adu slu\u017eby krimin\u00e1ln\u00ed policie a&nbsp;vy\u0161et\u0159ov\u00e1n\u00ed Policejn\u00edho prezidia \u010cesk\u00e9 republiky plk. Mgr. Lud\u011bk Fiala.<\/p>\r\n<p>Pr\u00e1va ob\u011bt\u00ed jsou ukotvena v&nbsp;z\u00e1kon\u011b \u010d. 45\/2013 Sb., O&nbsp;ob\u011btech trestn\u00fdch \u010din\u016f. Tento z\u00e1kon p\u0159esn\u011b vymezuje status\u00a0&#8222;zvl\u00e1\u0161\u0165 zraniteln\u00e9 ob\u011bti&#8220;, mezi kter\u00e9 pat\u0159\u00ed nap\u0159\u00edklad\u00a0i d\u011bti,\u00a0osoby vysok\u00e9ho v\u011bku nebo ob\u011bti dom\u00e1c\u00edho a&nbsp;sexu\u00e1ln\u00edho n\u00e1sil\u00ed, zn\u00e1siln\u011bn\u00ed, teroristick\u00e9ho \u00fatoku. Zvl\u00e1\u0161\u0165 zraniteln\u00fdm ob\u011btem\u00a0n\u00e1le\u017e\u00ed zvl\u00e1\u0161tn\u00ed pr\u00e1va,\u00a0nap\u0159\u00edklad bezplatn\u00e1 pomoc advok\u00e1ta, odborn\u00e1 pomoc, l\u00e9ka\u0159sk\u00e9 o\u0161et\u0159en\u00ed, ale i&nbsp;v\u00fdslech t\u00e9to ob\u011bti osobou stejn\u00e9ho \u010di opa\u010dn\u00e9ho pohlav\u00ed. P\u0159\u00edslu\u0161n\u00edci Policie \u010cesk\u00e9 republiky jsou si v\u011bdomi zranitelnosti ob\u011bt\u00ed trestn\u00fdch \u010din\u016f, kdy jedn\u00edm\u00a0z jej\u00edch dlouhodob\u00fdch c\u00edl\u016f je zaji\u0161t\u011bn\u00ed lidsk\u00e9ho a&nbsp;citliv\u00e9ho p\u0159\u00edstupu k&nbsp;t\u011bmto ob\u011btem.\u00a0Proto ji\u017e v\u00a0minulosti z\u0159\u00eddili samostatnou kapitolu na sv\u00fdch <a href=\"https:\/\/www.policie.cz\/clanek\/informace-pro-obeti-trestnych-cinu-a-zasazene-mimoradnymi-udalostmi.aspx\" target=\"_blank\" rel=\"noopener\">webov\u00fdch str\u00e1nk\u00e1ch<\/a> ur\u010denou zejm\u00e9na pro osoby, kter\u00e9 se jak\u00fdmkoliv zp\u016fsobem setkaly s\u00a0trestnou \u010dinnost\u00ed. Policist\u00e9 si v\u00e1\u017e\u00ed ka\u017ed\u00e9ho, kdo se rozhodne hovo\u0159it o&nbsp;tom, co se mu stalo.<\/p>\r\n<p>Sou\u010d\u00e1st\u00ed Evropsk\u00e9ho dne ob\u011bt\u00ed trestn\u00fdch \u010din\u016f bude tak\u00e9 happening v\u00a0kulturn\u00edm centru\u00a0Atrium na pra\u017esk\u00e9m \u017di\u017ekov\u011b. Projekce finsk\u00e9ho filmu Z\u00a0o\u010d\u00ed do o\u010d\u00ed a&nbsp;n\u00e1sledn\u00e9 diskusn\u00ed setk\u00e1n\u00ed je ur\u010deno nejen ob\u011btem trestn\u00fdch \u010din\u016f, ale i&nbsp;profesion\u00e1l\u016fm, kte\u0159\u00ed s\u00a0ob\u011b\u0165mi p\u0159ich\u00e1z\u00ed do kontaktu. Happening po\u0159\u00e1dan\u00fd Institutem pro restorativn\u00ed justici bude zah\u00e1jen v\u00a017 hodin a&nbsp;je tak\u00e9 uk\u00e1zkou dobr\u00e9 spolupr\u00e1ce st\u00e1tn\u00edho a&nbsp;neziskov\u00e9ho sektoru.<\/p>\r\n<p><iframe loading=\"lazy\" width=\"560\" height=\"314\" src=\"\/\/www.youtube.com\/embed\/FVOrtrXq8vY\" allowfullscreen=\"allowfullscreen\"><\/iframe><\/p>","protected":false},"excerpt":{"rendered":"[perex] Proba\u010dn\u00ed a&nbsp;media\u010dn\u00ed slu\u017eba se stejn\u011b jako v\u00a0p\u0159edchoz\u00edch letech p\u0159ipoj\u00ed k\u00a0Evropsk\u00e9mu dni ob\u011bt\u00ed trestn\u00fdch \u010din\u016f. Spole\u010dn\u011b s\u00a0Polici\u00ed \u010cR vyj\u00e1d\u0159\u00ed svou \u00factu k\u00a0ob\u011btem minutou ticha v\u00a0\u00fater\u00fd 22.&nbsp;\u00fanora 2022 ve 12 hodin. Na tento okam\u017eik upozorn\u00ed tak\u00e9 maj\u00e1ky policejn\u00edch voz\u016f, kter\u00e9 se rozsv\u00edt\u00ed p\u0159ed slu\u017eebnami po cel\u00e9 republice &#8211; na Sedmi\u010dce na adrese Ortenov\u011b n\u00e1m\u011bst\u00ed 542\/16. [\/perex] [&hellip;]","protected":false},"author":97,"featured_media":54791,"comment_status":"closed","ping_status":"open","sticky":false,"template":"","format":"standard","meta":[],"categories":[34],"tags":[],"_links":{"self":[{"href":"https:\/\/www.praha7.cz\/api\/wp\/v2\/posts\/54789"}],"collection":[{"href":"https:\/\/www.praha7.cz\/api\/wp\/v2\/posts"}],"about":[{"href":"https:\/\/www.praha7.cz\/api\/wp\/v2\/types\/post"}],"author":[{"embeddable":true,"href":"https:\/\/www.praha7.cz\/api\/wp\/v2\/users\/97"}],"replies":[{"embeddable":true,"href":"https:\/\/www.praha7.cz\/api\/wp\/v2\/comments?post=54789"}],"version-history":[{"count":2,"href":"https:\/\/www.praha7.cz\/api\/wp\/v2\/posts\/54789\/revisions"}],"predecessor-version":[{"id":54792,"href":"https:\/\/www.praha7.cz\/api\/wp\/v2\/posts\/54789\/revisions\/54792"}],"wp:featuredmedia":[{"embeddable":true,"href":"https:\/\/www.praha7.cz\/api\/wp\/v2\/media\/54791"}],"wp:attachment":[{"href":"https:\/\/www.praha7.cz\/api\/wp\/v2\/media?parent=54789"}],"wp:term":[{"taxonomy":"category","embeddable":true,"href":"https:\/\/www.praha7.cz\/api\/wp\/v2\/categories?post=54789"},{"taxonomy":"post_tag","embeddable":true,"href":"https:\/\/www.praha7.cz\/api\/wp\/v2\/tags?post=54789"}],"curies":[{"name":"wp","href":"https:\/\/api.w.org\/{rel}","templated":true}]}}