    
{"id":54501,"date":"2022-02-07T10:54:43","date_gmt":"2022-02-07T09:54:43","guid":{"rendered":"https:\/\/www.praha7.cz\/?p=54501"},"modified":"2022-02-07T10:54:43","modified_gmt":"2022-02-07T09:54:43","slug":"praha-7-vykupovala-lidi-z-dluhoveho-otroctvi","status":"publish","type":"post","link":"https:\/\/www.praha7.cz\/praha-7-vykupovala-lidi-z-dluhoveho-otroctvi\/","title":{"rendered":"Praha&nbsp;7 vykupovala lidi z&nbsp;dluhov\u00e9ho otroctv\u00ed"},"content":{"rendered":"<p>[perex]<\/p>\r\n<p>V\u00a0p\u00e1tek 28.&nbsp;1.&nbsp;skon\u010dilo takzvan\u00e9 Milostiv\u00e9 l\u00e9to, v\u00a0r\u00e1mci kter\u00e9ho se lid\u00e9 mohli zbavit devastuj\u00edc\u00edch sankc\u00ed, \u00farok\u016f a&nbsp;exekuc\u00ed. Sta\u010dilo zaplatit p\u016fvodn\u00ed dluh a&nbsp;poplatek 908&nbsp;K\u010d. Sedm\u00e1 m\u011bstsk\u00e1 \u010d\u00e1st se \u0161ance dostat lidi z\u00a0otroctv\u00ed nekone\u010dn\u00fdch dluh\u016f chopila aktivn\u011b a&nbsp;pom\u00e1hala ob\u010dan\u016fm s\u00a0oddlu\u017een\u00edm. Na pomoc sv\u00fdm soused\u016fm se slo\u017eili tak\u00e9 lid\u00e9 ze Sedmi\u010dky, kte\u0159\u00ed prost\u0159ednictv\u00edm ve\u0159ejn\u00e9 sb\u00edrky p\u0159isp\u011bli \u010d\u00e1stkou p\u0159es 280 tis\u00edc korun.<\/p>\r\n<p>[\/perex]<\/p>\r\n<p><em>\u201eJi\u017e od z\u00e1\u0159\u00ed na\u0161i pr\u00e1vn\u00edci, soci\u00e1ln\u00ed pracovn\u00edci a&nbsp;dal\u0161\u00ed kolegov\u00e9 z&nbsp;\u00fa\u0159adu vytipov\u00e1vali pot\u0159ebn\u00e9 klienty, prob\u00edrali s&nbsp;nimi mo\u017enosti oddlu\u017een\u00ed a&nbsp;sepisovali \u017e\u00e1dosti na exekutory. O&nbsp;V\u00e1noc\u00edch jsem se pak obr\u00e1til na na\u0161e ob\u010dany a&nbsp;poprosil je, zda by spole\u010dn\u011b s\u00a0n\u00e1mi necht\u011bli pomoci lidem, jejich\u017e p\u016fvodn\u00ed dluhy nebyly vysok\u00e9, ale p\u0159esto nemaj\u00ed dostatek prost\u0159edk\u016f, aby je mohli jednor\u00e1zov\u011b zaplatit a&nbsp;do Milostiv\u00e9ho l\u00e9ta se zapojit. Na\u0161i soused\u00e9 byli jako v\u017edy \u00fa\u017easn\u00ed. Za m\u011bs\u00edc se n\u00e1m se\u0161lo p\u0159es 280 tis\u00edc korun od v\u00edce ne\u017e 200 p\u0159isp\u011bvatel\u016f,\u201c<\/em> uvedl<em><strong> starosta Prahy&nbsp;7 Jan \u010ci\u017einsk\u00fd<\/strong><\/em>.<\/p>\r\n<p><em>\u201ePot\u0159ebn\u00e9 klienty jsme vytipov\u00e1vali prost\u0159ednictv\u00edm soci\u00e1ln\u00edho odboru, na\u0161\u00ed spr\u00e1vn\u00ed a&nbsp;\u00faklidov\u00e9 firmy 7U, Arm\u00e1dy sp\u00e1sy nebo \u010clov\u011bka v\u00a0t\u00edsni. Sna\u017eili jsme se vyhledat lidi, kte\u0159\u00ed svou situaci aktivn\u011b \u0159e\u0161\u00ed, pracuj\u00ed, staraj\u00ed se o&nbsp;rodinu, ale t\u00e1hnou se s\u00a0nimi dluhy, ze kter\u00fdch se sami nedok\u00e1\u017e\u00ed vymanit. Nej\u010dast\u011bji se jednalo o&nbsp;pokuty za MHD, zdravotn\u00ed poji\u0161t\u011bn\u00ed, ale t\u0159eba i&nbsp;nezaplacen\u00e9 koncesion\u00e1\u0159sk\u00e9 poplatky za TV a&nbsp;rozhlas. \u0158ada t\u011bchto dluh\u016f \u010dasem narostla o&nbsp;mnohon\u00e1sobn\u011b vy\u0161\u0161\u00ed \u00faroky a&nbsp;pen\u00e1le. Uk\u00e1zkov\u00fdm p\u0159\u00edkladem je pan B., kter\u00fd na Sedmi\u010dce pracuje v\u00a0\u00faklidu. Pomohli jsme mu s&nbsp;uhrazen\u00edm p\u016fvodn\u00edch dluh\u016f ve v\u00fd\u0161i necel\u00fdch 40 tis\u00edc korun za zdravotn\u00ed poji\u0161t\u011bn\u00ed, \u010d\u00edm\u017e se zbavil astronomick\u00e9ho p\u0159\u00edslu\u0161enstv\u00ed 366 tis\u00edc korun,\u201c<\/em> \u0159ekl <em><strong>radn\u00ed Prahy&nbsp;7 pro soci\u00e1ln\u00ed a&nbsp;zdravotn\u00ed politiku Jakob Hurrle<\/strong><\/em>.<\/p>\r\n<p>Za vyu\u017eit\u00ed ve\u0159ejn\u00e9 sb\u00edrky a&nbsp;Humanitn\u00edho fondu Praha&nbsp;7 pomohla oddlu\u017eit 17&nbsp;lid\u00ed.<\/p>\r\n<p><em>\u201eTakto se n\u00e1m poda\u0159ilo zbavit dluh\u016f nap\u0159\u00edklad pan\u00ed G., maminku dvou mal\u00fdch d\u011bt\u00ed, kter\u00e9 loni zem\u0159el partner. Pan\u00ed G. dohnaly exekuce za dv\u011b j\u00edzdy na\u010derno, uhradit m\u011bla dvakr\u00e1t p\u0159es 11 tis\u00edc korun. Jin\u00e9 dluhy nem\u011bla, p\u0159esto ji to zcela paralyzovalo. Z&nbsp;na\u0161\u00ed sb\u00edrky jsme za ni zaplatili dvakr\u00e1t 2.432&nbsp;K\u010d. Pro ni to znamen\u00e1, \u017ee j\u00ed u\u017e v\u00fdplatu z&nbsp;brig\u00e1dy nesebere exekutor. M\u016f\u017ee se nechat \u0159\u00e1dn\u011b zam\u011bstnat za lep\u0161\u00ed mzdu. Vystoup\u00ed z&nbsp;\u0161ed\u00e9 z\u00f3ny ekonomiky, rodina dostane \u0161anci a&nbsp;jistotu a&nbsp;n\u00e1\u0161 st\u00e1t dan\u011b z&nbsp;leg\u00e1ln\u00ed pr\u00e1ce,\u201c<\/em> doplnil <em><strong>Jan \u010ci\u017einsk\u00fd<\/strong><\/em>.<\/p>\r\n<p>Exekuce ji\u017e byly zastaveny tak\u00e9 dal\u0161\u00edm 8 ob\u010dan\u016fm, kter\u00fdm m\u011bstsk\u00e1 \u010d\u00e1st pom\u00e1hala proj\u00edt komplikovan\u00fdm procesem oddlu\u017een\u00ed a&nbsp;kte\u0159\u00ed zvl\u00e1dli sv\u00e9 jistiny uhradit sami. Specifick\u00fdm p\u0159\u00edpadem pak byly dva dlu\u017en\u00edci na n\u00e1jemn\u00e9m, u&nbsp;kter\u00fdch zastupitelstvo Prahy&nbsp;7 rozhodlo o&nbsp;odpu\u0161t\u011bn\u00ed zb\u00fdvaj\u00edc\u00edho dluhu. Oba sv\u00e9 dluhy uznali a&nbsp;dlouhodob\u011b spl\u00e1celi, ale nevztahovaly se na n\u011b podm\u00ednky Milostiv\u00e9ho l\u00e9ta.<\/p>\r\n<p>Jednou z\u00a0nich je pan\u00ed K., kter\u00e9 za star\u00fd dluh na n\u00e1jemn\u00e9m exekutor p\u0159es deset let strh\u00e1val velkou \u010d\u00e1st v\u00fdplaty. \u010c\u00e1stky v\u0161ak dosud \u0161ly pouze na \u00faroky a&nbsp;dal\u0161\u00ed p\u0159\u00edslu\u0161enstv\u00ed. Pan\u00ed K. p\u016fvodn\u00ed dluh ji\u017e v\u00edce ne\u017e dvojn\u00e1sobn\u011b p\u0159eplatila, ale aby se na ni vztahovalo Milostiv\u00e9 l\u00e9to, musela by nyn\u00ed op\u011bt uhradit celou jistinu ve v\u00fd\u0161i 185 tis\u00edc korun. Praha&nbsp;7 j\u00ed proto tento dluh odpustila. Pan\u00ed K. je v\u00a0invalidn\u00edm d\u016fchodu, nad\u00e1le v\u0161ak ukl\u00edz\u00ed na pln\u00fd \u00favazek. Po v\u00edce ne\u017e deseti letech j\u00ed nyn\u00ed na \u00fa\u010det p\u0159ijde cel\u00e1 v\u00fdplata.<\/p>","protected":false},"excerpt":{"rendered":"[perex] V\u00a0p\u00e1tek 28.&nbsp;1.&nbsp;skon\u010dilo takzvan\u00e9 Milostiv\u00e9 l\u00e9to, v\u00a0r\u00e1mci kter\u00e9ho se lid\u00e9 mohli zbavit devastuj\u00edc\u00edch sankc\u00ed, \u00farok\u016f a&nbsp;exekuc\u00ed. Sta\u010dilo zaplatit p\u016fvodn\u00ed dluh a&nbsp;poplatek 908&nbsp;K\u010d. Sedm\u00e1 m\u011bstsk\u00e1 \u010d\u00e1st se \u0161ance dostat lidi z\u00a0otroctv\u00ed nekone\u010dn\u00fdch dluh\u016f chopila aktivn\u011b a&nbsp;pom\u00e1hala ob\u010dan\u016fm s\u00a0oddlu\u017een\u00edm. Na pomoc sv\u00fdm soused\u016fm se slo\u017eili tak\u00e9 lid\u00e9 ze Sedmi\u010dky, kte\u0159\u00ed prost\u0159ednictv\u00edm ve\u0159ejn\u00e9 sb\u00edrky p\u0159isp\u011bli \u010d\u00e1stkou p\u0159es 280 [&hellip;]","protected":false},"author":5,"featured_media":54502,"comment_status":"closed","ping_status":"open","sticky":false,"template":"","format":"standard","meta":[],"categories":[34,74],"tags":[],"_links":{"self":[{"href":"https:\/\/www.praha7.cz\/api\/wp\/v2\/posts\/54501"}],"collection":[{"href":"https:\/\/www.praha7.cz\/api\/wp\/v2\/posts"}],"about":[{"href":"https:\/\/www.praha7.cz\/api\/wp\/v2\/types\/post"}],"author":[{"embeddable":true,"href":"https:\/\/www.praha7.cz\/api\/wp\/v2\/users\/5"}],"replies":[{"embeddable":true,"href":"https:\/\/www.praha7.cz\/api\/wp\/v2\/comments?post=54501"}],"version-history":[{"count":1,"href":"https:\/\/www.praha7.cz\/api\/wp\/v2\/posts\/54501\/revisions"}],"predecessor-version":[{"id":54503,"href":"https:\/\/www.praha7.cz\/api\/wp\/v2\/posts\/54501\/revisions\/54503"}],"wp:featuredmedia":[{"embeddable":true,"href":"https:\/\/www.praha7.cz\/api\/wp\/v2\/media\/54502"}],"wp:attachment":[{"href":"https:\/\/www.praha7.cz\/api\/wp\/v2\/media?parent=54501"}],"wp:term":[{"taxonomy":"category","embeddable":true,"href":"https:\/\/www.praha7.cz\/api\/wp\/v2\/categories?post=54501"},{"taxonomy":"post_tag","embeddable":true,"href":"https:\/\/www.praha7.cz\/api\/wp\/v2\/tags?post=54501"}],"curies":[{"name":"wp","href":"https:\/\/api.w.org\/{rel}","templated":true}]}}