    
{"id":54491,"date":"2022-02-04T13:48:31","date_gmt":"2022-02-04T12:48:31","guid":{"rendered":"https:\/\/www.praha7.cz\/?p=54491"},"modified":"2022-02-04T13:48:31","modified_gmt":"2022-02-04T12:48:31","slug":"v-prazske-trznici-startuje-letosni-kulturni-sezona-vystavou-svety-ceske-animace-po-zbytek-roku-nabidne-areal-bohaty-program","status":"publish","type":"post","link":"https:\/\/www.praha7.cz\/v-prazske-trznici-startuje-letosni-kulturni-sezona-vystavou-svety-ceske-animace-po-zbytek-roku-nabidne-areal-bohaty-program\/","title":{"rendered":"V Pra\u017esk\u00e9 tr\u017enici startuje leto\u0161n\u00ed kulturn\u00ed sez\u00f3na v\u00fdstavou Sv\u011bty \u010desk\u00e9 animace, po zbytek roku nab\u00eddne are\u00e1l bohat\u00fd program"},"content":{"rendered":"<p>[perex]<\/p>\r\n<p>I p\u0159es v\u0161echna omezen\u00ed nav\u0161t\u00edvilo v&nbsp;lo\u0148sk\u00e9m roce kulturn\u00ed akce v&nbsp;Pra\u017esk\u00e9 tr\u017enici v\u00edce ne\u017e 150&nbsp;000 n\u00e1v\u0161t\u011bvn\u00edk\u016f, poslucha\u010d\u016f a&nbsp;div\u00e1k\u016f. Leto\u0161n\u00ed program\u00a0bude v&nbsp;Tr\u017enici ale je\u0161t\u011b obs\u00e1hlej\u0161\u00ed. Odehraj\u00ed se tu des\u00edtky akc\u00ed a&nbsp;festival\u016f v\u010detn\u011b Mercede-Benz Prague Fashion Week nebo koncertu Tom\u00e1\u0161e Kluse, repr\u00edzy Neviditeln\u00e9 tr\u017enice pak uvede divadeln\u00ed projekt Pomez\u00ed.\u00a0V Hale 17 p\u0159itom u\u017e tento t\u00fdden odstartovala unik\u00e1tn\u00ed v\u00fdstava Sv\u011bty \u010desk\u00e9 animace od tv\u016frc\u016f \u00fasp\u011b\u0161n\u00fdch filmov\u00fdch v\u00fdstav, jako byl Tim Burton a&nbsp;jeho sv\u011bt nebo Pixar &#8211; 30 let animace. K&nbsp;vid\u011bn\u00ed bude v\u00fdstava a\u017e do \u010dervence.\u00a0<\/p>\r\n<p>[\/perex]<\/p>\r\n<p>Po lo\u0148sk\u00e9m \u00fasp\u011b\u0161n\u00e9m projektu brat\u0159\u00ed Forman\u016f <a href=\"https:\/\/vystavaimaginarium.cz\/\" target=\"_blank\" rel=\"noopener\">Imagin\u00e1rium<\/a> startuje leto\u0161n\u00ed programov\u00e1 nab\u00eddka Pra\u017esk\u00e9 tr\u017enice v\u00fdstavou <a href=\"https:\/\/www.artmovement.cz\/\" target=\"_blank\" rel=\"noopener\">Sv\u011bty \u010desk\u00e9 animace<\/a>, kter\u00e1 se us\u00eddlila v&nbsp;Hale \u010d. 17 t\u00e9m\u011b\u0159 na p\u016fl roku. V\u00fdstava p\u0159edstavuje to nejlep\u0161\u00ed z&nbsp;\u010desk\u00e9 animace za obdob\u00ed 1945 &#8211; 2020 a&nbsp;vedle velik\u00e1n\u016f historie \u010desk\u00e9 animovan\u00e9 tvorby, jako je Karel Zeman, Jan \u0160vankmajer, B\u0159etislav Pojar, Herm\u00edna T\u00fdrlov\u00e1 nebo Ji\u0159\u00ed Trnka p\u0159edstav\u00ed i&nbsp;d\u00edla sou\u010dasn\u011bj\u0161\u00edch tv\u016frc\u016f, nap\u0159\u00edklad Aurela Klimta, Noro Dr\u017eiaka, Michaely Pavl\u00e1tov\u00e9 nebo Daria Kascheevy, dr\u017eitelky studentsk\u00e9ho Oscara za film Dcera z&nbsp;roku 2020.\u00a0<\/p>\r\n<p>Zah\u00e1jen\u00ed v\u00fdstavy komentuje n\u00e1m\u011bstek prim\u00e1tora hl. m. Prahy Pavel Vyhn\u00e1nek, kter\u00fd m\u00e1 rozvoj tr\u017enice ve sv\u00e9 gesci: \u201e<em>\u010cesk\u00e1 animace s&nbsp;letitou tradic\u00ed m\u00e1 celosv\u011btov\u00fd ohlas, kter\u00fd o\u017e\u00edv\u00e1 zejm\u00e9na v&nbsp;posledn\u00edch letech. Jsme moc r\u00e1di, \u017ee jsme pro v\u00fdstavu, kter\u00e1 interaktivn\u00ed a&nbsp;z\u00e1bavnou formou p\u0159edstav\u00ed jej\u00ed principy, techniky a&nbsp;technologie, na\u0161li vhodn\u00e9 prostory pr\u00e1v\u011b v&nbsp;Tr\u017enici. Projekty tohoto typu a&nbsp;kvality n\u00e1m pom\u00e1haj\u00ed plnit n\u00e1\u0161 c\u00edl, tedy ud\u011blat z&nbsp;Tr\u017enice \u017eiv\u00e9 m\u00edsto, kde se setk\u00e1vaj\u00ed r\u016fzn\u00e9 v\u011bkov\u00e9 skupiny Pra\u017ean\u016f. Za to jsme po\u0159adatel\u016fm vd\u011b\u010dni a&nbsp;u\u017e se t\u011b\u0161\u00edm, a\u017e si v\u00fdstavu p\u0159ijdu u\u017e\u00edt se sv\u00fdmi d\u011btmi<\/em>.\u201c\u00a0<\/p>\r\n<p>Kur\u00e1torem v\u00fdstavy je sc\u00e9n\u00e1rista, anim\u00e1tor, v\u00fdtvarn\u00edk a&nbsp;re\u017eis\u00e9r Jan Buben\u00ed\u010dek, kter\u00fd v\u00a0lo\u0148sk\u00e9m roce sklidil \u00fasp\u011bch za celove\u010dern\u00ed animovan\u00fd film My\u0161i pat\u0159\u00ed do nebe, nominovan\u00fd na evropsk\u00e9ho Oscara. Sou\u010d\u00e1st\u00ed v\u00fdstavy je mimo jin\u00e9 studovna s&nbsp;mo\u017enost\u00ed zhl\u00e9dnut\u00ed animovan\u00fdch film\u016f v&nbsp;\u201ejukeboxech\u201c, kav\u00e1rna v\u010detn\u011b obchodu s&nbsp;oborovou literaturou a&nbsp;d\u011btsk\u00fd koutek s&nbsp;hernou. V&nbsp;r\u00e1mci doprovodn\u00e9ho programu nab\u00eddne Hala 17\u00a0workshopy pro nejmen\u0161\u00ed, komentovan\u00e9 prohl\u00eddky, p\u00e1sma projekc\u00ed, p\u0159edn\u00e1\u0161ky i&nbsp;besedy s&nbsp;tv\u016frci.\u00a0 \u00a0 \u00a0 \u00a0 \u00a0 \u00a0 \u00a0 \u00a0 \u00a0 \u00a0 \u00a0 \u00a0 \u00a0\u00a0<\/p>\r\n<p>\u201e<em>M\u00e1me radost, \u017ee vedle vloni uvoln\u011bn\u00e9 Haly 13, kter\u00e1 slou\u017e\u00ed hlavn\u011b kr\u00e1tkodob\u00fdm program\u016fm,\u00a0m\u016f\u017eeme po sjednocen\u00ed vnit\u0159n\u00edch prostor v&nbsp;Hale 17 hostit prostorov\u011b a&nbsp;\u010dasov\u011b n\u00e1ro\u010dn\u011bj\u0161\u00ed projekty, jako bylo v\u00a0minul\u00e9m roce Imagin\u00e1rium brat\u0159\u00ed Forman\u016f nebo nyn\u00ed v\u00fdstava Sv\u011bty \u010desk\u00e9 animace. Na druhou p\u016flku roku i&nbsp;tuto halu uvoln\u00edme pro kr\u00e1tkodob\u00e9 akce, abychom vy\u0161li vst\u0159\u00edc i&nbsp;jin\u00fdm typ\u016fm programu a&nbsp;n\u00e1v\u0161t\u011bvn\u00edk\u016f, ale za rok se v&nbsp;\u201esedmn\u00e1ctce\u201c op\u011bt vr\u00e1t\u00edme k&nbsp;dlouhodob\u011bj\u0161\u00edmu v\u00fdstavn\u00edmu programu<\/em>,\u201c \u0159\u00edk\u00e1 programov\u00fd \u0159editel Pra\u017esk\u00e9 tr\u017enice Michal To\u0161ovsk\u00fd.\u00a0<\/p>\r\n<p>Bohatou nab\u00eddku kulturn\u00edho programu pro leto\u0161n\u00ed rok v&nbsp;tr\u017enici p\u0159ipravuj\u00ed tak\u00e9 zaveden\u00e9 kulturn\u00ed instituce &#8211; <a href=\"http:\/\/www.jatka78.cz\/cs\" target=\"_blank\" rel=\"noopener\">Jatka78<\/a>, <a href=\"https:\/\/www.rockopera.cz\/\" target=\"_blank\" rel=\"noopener\">Rock Opera<\/a> nebo <a href=\"https:\/\/trafogallery.cz\/\" target=\"_blank\" rel=\"noopener\">Trafo Gallery<\/a>, kde aktu\u00e1ln\u011b vystavuje nov\u00e1 hv\u011bzda mal\u00ed\u0159sk\u00e9 sc\u00e9ny <a href=\"https:\/\/trafogallery.cz\/vystava\/laura-limbourg-hump-in-honey\/\" target=\"_blank\" rel=\"noopener\">Laura Limbourg<\/a>. Po \u00fasp\u011b\u0161n\u00fdch minul\u00fdch ro\u010dn\u00edc\u00edch se uskute\u010dn\u00ed v&nbsp;Tr\u017enici i&nbsp;letos <a href=\"https:\/\/mbpfw.com\/\" target=\"_blank\" rel=\"noopener\">Mercedes-Benz Prague Fashion Week<\/a>.\u00a0<\/p>\r\n<p>Venkovn\u00ed i&nbsp;vnit\u0159n\u00ed prostory are\u00e1lu budou v&nbsp;r\u00e1mci roku hostit rozmanit\u00e9 akce a&nbsp;tematick\u00e9 festivaly. Z&nbsp;gastronomick\u00fdch akc\u00ed se v&nbsp;tr\u017enici na ja\u0159e uskute\u010dn\u00ed mimo jin\u00e9 <a href=\"https:\/\/www.facebook.com\/events\/pra%C5%BEsk%C3%A1-tr%C5%BEnice-prague-market\/balkan-food-music-festival\/1080118065653985\/\" target=\"_blank\" rel=\"noopener\">Balkan food fest<\/a> nebo festival asijsk\u00e9 kuchyn\u011b Authentic Asia. Ji\u017e t\u0159et\u00ed sez\u00f3nu letos zah\u00e1j\u00ed Food truck point, z\u00f3na se streetfoodem a&nbsp;pravideln\u00fdmi ve\u010dern\u00edmi koncerty. V&nbsp;pl\u00e1nu jsou tak\u00e9 festivaly zam\u011b\u0159en\u00e9 na mal\u00e9 \u0159emesln\u00e9 pivovary, dal\u0161\u00ed edice popul\u00e1rn\u00edch <a href=\"https:\/\/www.mintmarket.cz\/\" target=\"_blank\" rel=\"noopener\">MINT market\u016f<\/a> nebo <a href=\"http:\/\/festivalmini.cz\/\" target=\"_blank\" rel=\"noopener\">D\u011btsk\u00fd festival mini<\/a>, zam\u011b\u0159en\u00fd na m\u00f3du a&nbsp;design pro maminky a&nbsp;ty nejmen\u0161\u00ed.<\/p>\r\n<p><img loading=\"lazy\" src=\"https:\/\/www.praha7.cz\/wp-content\/uploads\/2022\/02\/Foodtruck-point-1500x1000.jpg\" alt=\"\" width=\"640\" height=\"427\" class=\"alignnone wp-image-54493 size-large\" srcset=\"https:\/\/www.praha7.cz\/wp-content\/uploads\/2022\/02\/Foodtruck-point-1500x1000.jpg 1500w, https:\/\/www.praha7.cz\/wp-content\/uploads\/2022\/02\/Foodtruck-point-600x400.jpg 600w, https:\/\/www.praha7.cz\/wp-content\/uploads\/2022\/02\/Foodtruck-point-768x512.jpg 768w\" sizes=\"(max-width: 640px) 100vw, 640px\" \/><\/p>\r\n<p>Nov\u011b uzp\u016fsoben\u00e1 velkokapacitn\u00ed Hala 13 bude v&nbsp;dubnu hostit koncert <a href=\"https:\/\/www.tomasklus.cz\/#\/\" target=\"_blank\" rel=\"noopener\">Tom\u00e1\u0161e Kluse<\/a> z&nbsp;jeho leto\u0161n\u00ed tour <a href=\"https:\/\/www.tomasklus.cz\/citim-prahu-tour-2022#\/\" target=\"_blank\" rel=\"noopener\">C\u00edt\u00edm Prahu 2022<\/a>. Z&nbsp;akc\u00ed zam\u011b\u0159en\u00fdch na aktu\u00e1ln\u00ed spole\u010densk\u00e1 t\u00e9mata se ve \u201et\u0159in\u00e1ctce\u201c\u00a0 uskute\u010dn\u00ed festival <a href=\"https:\/\/www.respektkporodu.cz\/\" target=\"_blank\" rel=\"noopener\">Respekt k&nbsp;porodu<\/a>, tematizuj\u00edc\u00ed p\u0159\u00edstup k&nbsp;t\u011bhotenstv\u00ed, porodu a&nbsp;rodi\u010dovstv\u00ed v&nbsp;\u010cesku. V&nbsp;\u010dervnu se pak odehraje prvn\u00ed ro\u010dn\u00edk festivalu a&nbsp;veletrhu Click universe, kter\u00fd se zam\u011b\u0159uje na roli digit\u00e1ln\u00edch technologi\u00ed v&nbsp;dne\u0161n\u00edm sv\u011bt\u011b a&nbsp;c\u00edl\u00ed na ml\u00e1de\u017e i&nbsp;jejich rodi\u010de. \u00a0<\/p>\r\n<p>\u201e<em>Pevn\u011b douf\u00e1m, \u017ee oproti uplynul\u00fdm dv\u011bma let\u016fm u\u017e nebudou po\u0159adatel\u00e9 akc\u00ed nuceni ru\u0161it program a&nbsp;tr\u017enice tak bude pravideln\u011b o&nbsp;v\u00edkendech o\u017e\u00edvat festivaly v\u0161ech chut\u00ed a&nbsp;barev. Samoz\u0159ejm\u011b budeme pokra\u010dovat v&nbsp;tom, co fungovalo loni &#8211; n\u00e1v\u0161t\u011bvn\u00edci se mohou op\u011bt t\u011b\u0161it na venkovn\u00ed roz\u0161\u00ed\u0159en\u00ed prodeje okolo <a href=\"https:\/\/www.prazska-trznice.cz\/zeleninovy-trh\" target=\"_blank\" rel=\"noopener\">Haly 22<\/a> nebo st\u0159ede\u010dn\u00ed d\u011btsk\u00e1 divadla. Z\u00e1sadn\u00edm momentem pak bude v\u00fdstava v\u00edt\u011bzn\u00fdch n\u00e1vrh\u016f mezin\u00e1rodn\u00ed architektonick\u00e9 sout\u011b\u017ee na \u0159e\u0161en\u00ed vstup\u016f a&nbsp;venkovn\u00edch prostor tr\u017enice, kter\u00e1 bude na ja\u0159e k&nbsp;vid\u011bn\u00ed p\u0159\u00edmo zde v&nbsp;are\u00e1lu<\/em>,\u201c dod\u00e1v\u00e1 To\u0161ovsk\u00fd k&nbsp;leto\u0161n\u00edm programov\u00fdm pl\u00e1n\u016fm.\u00a0<\/p>\r\n<p>Aktu\u00e1ln\u00ed program na webu\u00a0<a href=\"https:\/\/www.prazska-trznice.cz\/\" target=\"_blank\" rel=\"noopener\">prazska-trznice.cz<\/a><\/p>\r\n<p><img loading=\"lazy\" src=\"https:\/\/www.praha7.cz\/wp-content\/uploads\/2022\/02\/125-let-Trznice-oslavy_8-1500x1000.jpg\" alt=\"\" width=\"640\" height=\"427\" class=\"alignnone wp-image-54494 size-large\" srcset=\"https:\/\/www.praha7.cz\/wp-content\/uploads\/2022\/02\/125-let-Trznice-oslavy_8-1500x1000.jpg 1500w, https:\/\/www.praha7.cz\/wp-content\/uploads\/2022\/02\/125-let-Trznice-oslavy_8-600x400.jpg 600w, https:\/\/www.praha7.cz\/wp-content\/uploads\/2022\/02\/125-let-Trznice-oslavy_8-768x512.jpg 768w\" sizes=\"(max-width: 640px) 100vw, 640px\" \/><\/p>","protected":false},"excerpt":{"rendered":"[perex] I&nbsp;p\u0159es v\u0161echna omezen\u00ed nav\u0161t\u00edvilo v&nbsp;lo\u0148sk\u00e9m roce kulturn\u00ed akce v&nbsp;Pra\u017esk\u00e9 tr\u017enici v\u00edce ne\u017e 150&nbsp;000 n\u00e1v\u0161t\u011bvn\u00edk\u016f, poslucha\u010d\u016f a&nbsp;div\u00e1k\u016f. Leto\u0161n\u00ed program\u00a0bude v&nbsp;Tr\u017enici ale je\u0161t\u011b obs\u00e1hlej\u0161\u00ed. Odehraj\u00ed se tu des\u00edtky akc\u00ed a&nbsp;festival\u016f v\u010detn\u011b Mercede-Benz Prague Fashion Week nebo koncertu Tom\u00e1\u0161e Kluse, repr\u00edzy Neviditeln\u00e9 tr\u017enice pak uvede divadeln\u00ed projekt Pomez\u00ed.\u00a0V Hale 17 p\u0159itom u\u017e tento t\u00fdden odstartovala unik\u00e1tn\u00ed [&hellip;]","protected":false},"author":97,"featured_media":54492,"comment_status":"closed","ping_status":"open","sticky":false,"template":"","format":"standard","meta":[],"categories":[34],"tags":[],"_links":{"self":[{"href":"https:\/\/www.praha7.cz\/api\/wp\/v2\/posts\/54491"}],"collection":[{"href":"https:\/\/www.praha7.cz\/api\/wp\/v2\/posts"}],"about":[{"href":"https:\/\/www.praha7.cz\/api\/wp\/v2\/types\/post"}],"author":[{"embeddable":true,"href":"https:\/\/www.praha7.cz\/api\/wp\/v2\/users\/97"}],"replies":[{"embeddable":true,"href":"https:\/\/www.praha7.cz\/api\/wp\/v2\/comments?post=54491"}],"version-history":[{"count":1,"href":"https:\/\/www.praha7.cz\/api\/wp\/v2\/posts\/54491\/revisions"}],"predecessor-version":[{"id":54495,"href":"https:\/\/www.praha7.cz\/api\/wp\/v2\/posts\/54491\/revisions\/54495"}],"wp:featuredmedia":[{"embeddable":true,"href":"https:\/\/www.praha7.cz\/api\/wp\/v2\/media\/54492"}],"wp:attachment":[{"href":"https:\/\/www.praha7.cz\/api\/wp\/v2\/media?parent=54491"}],"wp:term":[{"taxonomy":"category","embeddable":true,"href":"https:\/\/www.praha7.cz\/api\/wp\/v2\/categories?post=54491"},{"taxonomy":"post_tag","embeddable":true,"href":"https:\/\/www.praha7.cz\/api\/wp\/v2\/tags?post=54491"}],"curies":[{"name":"wp","href":"https:\/\/api.w.org\/{rel}","templated":true}]}}