    
{"id":54435,"date":"2022-02-03T15:28:35","date_gmt":"2022-02-03T14:28:35","guid":{"rendered":"https:\/\/www.praha7.cz\/?p=54435"},"modified":"2022-02-03T15:28:35","modified_gmt":"2022-02-03T14:28:35","slug":"projekt-recyklace-textilu-potex-a-jeho-vysledky-za-rok-2021","status":"publish","type":"post","link":"https:\/\/www.praha7.cz\/projekt-recyklace-textilu-potex-a-jeho-vysledky-za-rok-2021\/","title":{"rendered":"Projekt recyklace textilu POTEX a&nbsp;jeho v\u00fdsledky za rok 2021"},"content":{"rendered":"<p>[perex]<\/p>\r\n<p>Potex je ekologicko-charitativn\u00ed projekt, kter\u00fd spo\u010d\u00edv\u00e1 ve sb\u011bru, redistribuci a\u00a0n\u00e1sledn\u00e9m zpracov\u00e1n\u00ed pou\u017eit\u00e9ho a&nbsp;st\u00e1le pou\u017eiteln\u00e9ho textilu. V&nbsp;lo\u0148sk\u00e9m roce se mu poda\u0159ilo\u00a0z\u00a0odpadov\u00e9ho toku odklonit 2&nbsp;830&nbsp;000&nbsp;kg textilu a&nbsp;konkr\u00e9tn\u011b v&nbsp;Praze 7 zrecyklovat 40&nbsp;288&nbsp;kg textilu. Odlo\u017een\u00e9 oble\u010den\u00ed ze speci\u00e1ln\u00edch kontejner\u016f se vyt\u0159\u00edd\u00ed a&nbsp;n\u00e1sledn\u011b postoup\u00ed k&nbsp;dal\u0161\u00edmu vyu\u017eit\u00ed vybran\u00fdm soci\u00e1ln\u00edm organizac\u00edm. T\u00fddn\u011b projde rukama pracovn\u00edk\u016f p\u0159ibli\u017en\u011b tuna textilu. Mapa kontejner\u016f je dostupn\u00e1 na webu\u00a0<a href=\"https:\/\/www.recyklujemetextil.cz\/kde-najdete-kontejnery\" target=\"_blank\" rel=\"noopener\">recyklujemetextil.cz<\/a>.<\/p>\r\n<p>[\/perex]<\/p>\r\n<p>Oble\u010den\u00ed d\u00e1le vyu\u017eij\u00ed organizace:<\/p>\r\n<ul>\r\n\t<li><strong>Nad\u011bje<\/strong> \u2013 star\u00e1 se o&nbsp;osam\u011bl\u00e9 a&nbsp;lidi bez domova<\/li>\r\n\t<li><strong>Centrum soci\u00e1ln\u00edch slu\u017eeb Praha<\/strong> \u2013 star\u00e1 se o&nbsp;osam\u011bl\u00e9 a&nbsp;lidi bez domova<\/li>\r\n\t<li><strong>Progressive<\/strong> \u2013 pracuje s\u00a0drogov\u011b z\u00e1visl\u00fdmi a&nbsp;zab\u00fdv\u00e1 se prevenc\u00ed drog<\/li>\r\n\t<li><strong>Spole\u010dnou cestou<\/strong> \u2013 poskytuj\u00ed slu\u017eby a&nbsp;ubytov\u00e1n\u00ed matk\u00e1m a&nbsp;rodin\u00e1m s\u00a0d\u011btmi, kter\u00e9 se ocitly v\u00a0t\u00ed\u017eiv\u00e9 \u017eivotn\u00ed situaci<\/li>\r\n\t<li><strong>Sananim<\/strong> \u2013 pracuje s\u00a0drogov\u011b z\u00e1visl\u00fdmi a&nbsp;zab\u00fdv\u00e1 se prevenc\u00ed drog<\/li>\r\n<\/ul>\r\n<p>Celkov\u011b bylo t\u011bmto organizac\u00edm poskytnuto v\u00edce ne\u017e 140&nbsp;000&nbsp;kg vyt\u0159\u00edd\u011bn\u00e9ho textilu.<\/p>\r\n<p>Zbyl\u00e9 oble\u010den\u00ed, kter\u00e9 u\u017e nelze vyu\u017e\u00edt, se dod\u00e1v\u00e1 zpracovatel\u016fm, kte\u0159\u00ed dok\u00e1\u017e\u00ed zrecyklovat t\u00e9m\u011b\u0159 v\u0161e, co se do kontejner\u016f dostane. Je d\u016fle\u017eit\u00e9 m\u00edt partnery na zpracov\u00e1n\u00ed ve\u0161ker\u00fdch slo\u017eek textiln\u00edho odpadu &#8211; a&nbsp;tak nic nemus\u00ed kon\u010dit na skl\u00e1dce. Z\u00a0prodeje zbytkov\u00e9ho textilu jsou dlouhodob\u011b podporov\u00e1ny dal\u0161\u00ed organizace, kter\u00e9 ke sv\u00e9 \u010dinnosti v\u00edce ne\u017e pou\u017eit\u00e9 oble\u010den\u00ed vyu\u017eij\u00ed finan\u010dn\u00ed prost\u0159edky. Pat\u0159\u00ed mezi n\u011b nap\u0159\u00edklad:<\/p>\r\n<ul>\r\n\t<li><strong>Klok\u00e1nek Chaba\u0159ovick\u00e1<\/strong> \u2013 p\u00e9\u010de o&nbsp;d\u011bti a&nbsp;mladistv\u00e9<\/li>\r\n\t<li><strong>Pomocn\u00e9 Tlapky<\/strong> \u2013 v\u00fdcvik asisten\u010dn\u00edch ps\u016f pro nevidom\u00e9 nebo t\u011blesn\u011b posti\u017een\u00e9<\/li>\r\n\t<li><strong>Linka bezpe\u010d\u00ed<\/strong> \u2013 pomoc d\u011btem a&nbsp;mladistv\u00fdm v\u00a0obt\u00ed\u017en\u00fdch chv\u00edl\u00edch jejich \u017eivota<\/li>\r\n\t<li><strong>Kapka Nad\u011bje<\/strong> aj.<\/li>\r\n<\/ul>\r\n<p>Celkov\u011b spole\u010dnost Potex p\u0159isp\u011bla nadac\u00edm partnersk\u00fdch organizac\u00ed dary v\u00a0hodnot\u011b 1&nbsp;400&nbsp;000,- K\u010d.<\/p>\r\n<p><a href=\"https:\/\/www.praha7.cz\/wp-content\/uploads\/2022\/02\/POTEX_2021.pdf\" target=\"_blank\" rel=\"noopener\"><img loading=\"lazy\" src=\"https:\/\/www.praha7.cz\/wp-content\/uploads\/2022\/02\/potex-2021.jpg\" alt=\"\" width=\"1383\" height=\"919\" class=\"alignnone wp-image-54436 size-full\" srcset=\"https:\/\/www.praha7.cz\/wp-content\/uploads\/2022\/02\/potex-2021.jpg 1383w, https:\/\/www.praha7.cz\/wp-content\/uploads\/2022\/02\/potex-2021-600x400.jpg 600w, https:\/\/www.praha7.cz\/wp-content\/uploads\/2022\/02\/potex-2021-768x510.jpg 768w\" sizes=\"(max-width: 1383px) 100vw, 1383px\" \/><\/a><\/p>","protected":false},"excerpt":{"rendered":"[perex] Potex je ekologicko-charitativn\u00ed projekt, kter\u00fd spo\u010d\u00edv\u00e1 ve sb\u011bru, redistribuci a\u00a0n\u00e1sledn\u00e9m zpracov\u00e1n\u00ed pou\u017eit\u00e9ho a&nbsp;st\u00e1le pou\u017eiteln\u00e9ho textilu. V&nbsp;lo\u0148sk\u00e9m roce se mu poda\u0159ilo\u00a0z\u00a0odpadov\u00e9ho toku odklonit 2&nbsp;830&nbsp;000&nbsp;kg textilu a&nbsp;konkr\u00e9tn\u011b v&nbsp;Praze 7 zrecyklovat 40&nbsp;288&nbsp;kg textilu. Odlo\u017een\u00e9 oble\u010den\u00ed ze speci\u00e1ln\u00edch kontejner\u016f se vyt\u0159\u00edd\u00ed a&nbsp;n\u00e1sledn\u011b postoup\u00ed k&nbsp;dal\u0161\u00edmu vyu\u017eit\u00ed vybran\u00fdm soci\u00e1ln\u00edm organizac\u00edm. T\u00fddn\u011b projde rukama pracovn\u00edk\u016f p\u0159ibli\u017en\u011b tuna textilu. Mapa kontejner\u016f je [&hellip;]","protected":false},"author":97,"featured_media":54439,"comment_status":"closed","ping_status":"open","sticky":false,"template":"","format":"standard","meta":[],"categories":[34],"tags":[],"_links":{"self":[{"href":"https:\/\/www.praha7.cz\/api\/wp\/v2\/posts\/54435"}],"collection":[{"href":"https:\/\/www.praha7.cz\/api\/wp\/v2\/posts"}],"about":[{"href":"https:\/\/www.praha7.cz\/api\/wp\/v2\/types\/post"}],"author":[{"embeddable":true,"href":"https:\/\/www.praha7.cz\/api\/wp\/v2\/users\/97"}],"replies":[{"embeddable":true,"href":"https:\/\/www.praha7.cz\/api\/wp\/v2\/comments?post=54435"}],"version-history":[{"count":12,"href":"https:\/\/www.praha7.cz\/api\/wp\/v2\/posts\/54435\/revisions"}],"predecessor-version":[{"id":54450,"href":"https:\/\/www.praha7.cz\/api\/wp\/v2\/posts\/54435\/revisions\/54450"}],"wp:featuredmedia":[{"embeddable":true,"href":"https:\/\/www.praha7.cz\/api\/wp\/v2\/media\/54439"}],"wp:attachment":[{"href":"https:\/\/www.praha7.cz\/api\/wp\/v2\/media?parent=54435"}],"wp:term":[{"taxonomy":"category","embeddable":true,"href":"https:\/\/www.praha7.cz\/api\/wp\/v2\/categories?post=54435"},{"taxonomy":"post_tag","embeddable":true,"href":"https:\/\/www.praha7.cz\/api\/wp\/v2\/tags?post=54435"}],"curies":[{"name":"wp","href":"https:\/\/api.w.org\/{rel}","templated":true}]}}