    
{"id":54420,"date":"2022-02-03T12:24:55","date_gmt":"2022-02-03T11:24:55","guid":{"rendered":"https:\/\/www.praha7.cz\/?p=54420"},"modified":"2022-02-08T12:32:58","modified_gmt":"2022-02-08T11:32:58","slug":"letensky-masopust-2022","status":"publish","type":"post","link":"https:\/\/www.praha7.cz\/letensky-masopust-2022\/","title":{"rendered":"Letensk\u00fd masopust 2022"},"content":{"rendered":"<p>[perex]<\/p>\r\n<p>V\u00a0sobotu 26.\u00a0\u00fanora bude Praha\u00a07 po ro\u010dn\u00ed pauze op\u011bt pat\u0159it mask\u00e1m, ma\u0161kar\u00e1m a\u00a0karnevalov\u00e9mu \u0159\u00e1d\u011bn\u00ed. Osm\u00fd ro\u010dn\u00edk tradi\u010dn\u00ed akce nab\u00eddne\u00a0vystoupen\u00ed kapely Furiant, pr\u016fvod masek a&nbsp;ch\u016fda\u0159\u016f, divadeln\u00ed p\u0159edstaven\u00ed\u00a0souboru Ty-j\u00e1-tr a&nbsp;dal\u0161\u00ed bohat\u00fd program. N\u00e1v\u0161t\u011bvn\u00edci v&nbsp;mask\u00e1ch budou m\u00edt voln\u00fd vstup do expozic N\u00e1rodn\u00edho technick\u00e9ho a&nbsp;zem\u011bd\u011blsk\u00e9ho muzea, Vod\u00e1rensk\u00e9 v\u011b\u017ee, Muzea k\u00e1vy a\u00a0Galerie Scarabeus s\u00a0expozic\u00ed loutek.\u00a0Aktuality a&nbsp;dal\u0161\u00ed informace na facebooku\u00a0<a href=\"https:\/\/www.facebook.com\/letenskymasopust\/\" target=\"_blank\" rel=\"noopener\">Letensk\u00fd masopust<\/a>.<\/p>\r\n<p>[\/perex]<\/p>\r\n<p>S ohledem na aktu\u00e1ln\u00ed situaci se v\u00a0letos ru\u0161\u00ed dopoledn\u00ed pr\u016fvod masek od kostela sv. Anton\u00edna a\u00a0sraz je posunut na 12.30 hodin p\u0159ed budovu N\u00e1rodn\u00edho technick\u00e9ho muzea.<\/p>\r\n<p>Akce startuje ve <strong>12.30<\/strong> p\u0159ed <a href=\"https:\/\/www.ntm.cz\/\" target=\"_blank\" rel=\"noopener\">N\u00e1rodn\u00edm technick\u00fdm muzeem<\/a>. Po p\u0159ed\u00e1n\u00ed masopustn\u00edho pr\u00e1va Bakchovi se m\u016f\u017eete t\u011b\u0161it na Masopustn\u00ed hru, ch\u016fda\u0159e a&nbsp;prohl\u00eddku \u010d\u00e1sti expozic NTM.<\/p>\r\n<p>Od <strong>14.00<\/strong> v&nbsp;<a href=\"https:\/\/www.nzm.cz\/\" target=\"_blank\" rel=\"noopener\">N\u00e1rodn\u00edm zem\u011bd\u011blsk\u00e9m muzeu<\/a> bude program pokra\u010dovat muzikou, divadeln\u00edm p\u0159edstaven\u00edm a&nbsp;prohl\u00eddkou muzejn\u00edch expozic.<\/p>\r\n<p>Od <strong>16.00<\/strong> v&nbsp;s\u00e1le <a href=\"https:\/\/www.klubletka.cz\/\" target=\"_blank\" rel=\"noopener\">Klubu Letka<\/a> (Kosteln\u00ed 44) bude se m\u016f\u017eete t\u011b\u0161it na divadeln\u00ed p\u0159edstaven\u00ed pro d\u011bti i&nbsp;dosp\u011bl\u00e9.<\/p>\r\n<p>Od <strong>17.15<\/strong> ve <a href=\"http:\/\/vodarenskavezletna.cz\/\" target=\"_blank\" rel=\"noopener\">Vod\u00e1rensk\u00e9 v\u011b\u017ei<\/a> (Korunova\u010dn\u00ed 1) si poslechnete d\u011btsk\u00fd p\u011bveck\u00fd sbor, \u010dek\u00e1 v\u00e1s Masopustn\u00ed kouzlen\u00ed a&nbsp;prohl\u00eddka v\u00fdstavy ve v\u011b\u017ei.<\/p>\r\n<p>Od <strong>18.30<\/strong> v&nbsp;<a href=\"http:\/\/www.galeriescarabeus.cz\/\" target=\"_blank\" rel=\"noopener\">Galerii Scarabeus<\/a> (Jana Zaj\u00edce 7) prohl\u00eddka expozic historick\u00fdch loutek a&nbsp;muzea k\u00e1vy a&nbsp;pot\u00e9 vesel\u00e9 ve\u010dern\u00ed muzic\u00edrov\u00e1n\u00ed pro d\u011bti i&nbsp;dosp\u011bl\u00e9 a&nbsp;poh\u0159ben\u00ed basy, kter\u00e9 masopust zakon\u010d\u00ed.\u00a0 Soubor Ritornello zde zazp\u00edv\u00e1 a&nbsp;zahraje na historick\u00e9 n\u00e1stroje.<\/p>\r\n<p>Ma\u0161kary budou m\u00edt voln\u00fd vstup nejen do expozic NTM, NZM, Klubu Letka, Vod\u00e1rensk\u00e9 v\u011b\u017ee, Galerie Scarabeus, Muzea k\u00e1vy, ale i&nbsp;na v\u0161echny masopustn\u00ed akce.<\/p>\r\n<hr \/>\r\n<p>S v\u00fdrobou masek mohou d\u011btem pomoci rodi\u010de i&nbsp;u\u010ditel\u00e9 \u0161kol. D\u00edlna na v\u00fdrobu masek veden\u00e1 v\u00fdtvarnic\u00ed Kate\u0159inou Ebelovou prob\u011bhne v&nbsp;sobotu 19.&nbsp;\u00fanora od 14 do 17 hodin v&nbsp;galerii Scarabeus, Jana Zaj\u00edce 7. V\u00edce informac\u00ed a&nbsp;konzultace pro \u0161koly na: scarabeus.galerie@gmail.com, 603&nbsp;552&nbsp;758.<\/p>\r\n<a href=\"https:\/\/www.praha7.cz\/wp-content\/uploads\/2022\/02\/Masopust-2022-v5.pdf\" class=\"pdfemb-viewer\" style=\"\" data-width=\"max\" data-height=\"max\"  data-toolbar=\"bottom\" data-toolbar-fixed=\"off\">Masopust 2022 v5<br\/><\/a>","protected":false},"excerpt":{"rendered":"[perex] V\u00a0sobotu 26.\u00a0\u00fanora bude Praha\u00a07 po ro\u010dn\u00ed pauze op\u011bt pat\u0159it mask\u00e1m, ma\u0161kar\u00e1m a\u00a0karnevalov\u00e9mu \u0159\u00e1d\u011bn\u00ed. Osm\u00fd ro\u010dn\u00edk tradi\u010dn\u00ed akce nab\u00eddne\u00a0vystoupen\u00ed kapely Furiant, pr\u016fvod masek a&nbsp;ch\u016fda\u0159\u016f, divadeln\u00ed p\u0159edstaven\u00ed\u00a0souboru Ty-j\u00e1-tr a&nbsp;dal\u0161\u00ed bohat\u00fd program. N\u00e1v\u0161t\u011bvn\u00edci v&nbsp;mask\u00e1ch budou m\u00edt voln\u00fd vstup do expozic N\u00e1rodn\u00edho technick\u00e9ho a&nbsp;zem\u011bd\u011blsk\u00e9ho muzea, Vod\u00e1rensk\u00e9 v\u011b\u017ee, Muzea k\u00e1vy a\u00a0Galerie Scarabeus s\u00a0expozic\u00ed loutek.\u00a0Aktuality a&nbsp;dal\u0161\u00ed informace na facebooku\u00a0Letensk\u00fd masopust. [&hellip;]","protected":false},"author":97,"featured_media":54364,"comment_status":"closed","ping_status":"open","sticky":false,"template":"","format":"standard","meta":[],"categories":[34],"tags":[],"_links":{"self":[{"href":"https:\/\/www.praha7.cz\/api\/wp\/v2\/posts\/54420"}],"collection":[{"href":"https:\/\/www.praha7.cz\/api\/wp\/v2\/posts"}],"about":[{"href":"https:\/\/www.praha7.cz\/api\/wp\/v2\/types\/post"}],"author":[{"embeddable":true,"href":"https:\/\/www.praha7.cz\/api\/wp\/v2\/users\/97"}],"replies":[{"embeddable":true,"href":"https:\/\/www.praha7.cz\/api\/wp\/v2\/comments?post=54420"}],"version-history":[{"count":13,"href":"https:\/\/www.praha7.cz\/api\/wp\/v2\/posts\/54420\/revisions"}],"predecessor-version":[{"id":54526,"href":"https:\/\/www.praha7.cz\/api\/wp\/v2\/posts\/54420\/revisions\/54526"}],"wp:featuredmedia":[{"embeddable":true,"href":"https:\/\/www.praha7.cz\/api\/wp\/v2\/media\/54364"}],"wp:attachment":[{"href":"https:\/\/www.praha7.cz\/api\/wp\/v2\/media?parent=54420"}],"wp:term":[{"taxonomy":"category","embeddable":true,"href":"https:\/\/www.praha7.cz\/api\/wp\/v2\/categories?post=54420"},{"taxonomy":"post_tag","embeddable":true,"href":"https:\/\/www.praha7.cz\/api\/wp\/v2\/tags?post=54420"}],"curies":[{"name":"wp","href":"https:\/\/api.w.org\/{rel}","templated":true}]}}