    
{"id":54401,"date":"2022-02-02T16:00:53","date_gmt":"2022-02-02T15:00:53","guid":{"rendered":"https:\/\/www.praha7.cz\/?p=54401"},"modified":"2022-02-02T16:21:20","modified_gmt":"2022-02-02T15:21:20","slug":"vystava-svety-ceske-animace","status":"publish","type":"post","link":"https:\/\/www.praha7.cz\/vystava-svety-ceske-animace\/","title":{"rendered":"V\u00fdstava: Sv\u011bty \u010desk\u00e9 animace"},"content":{"rendered":"<p>[perex]<\/p>\r\n<p>Od \u010dtvrtka 3.&nbsp;\u00fanora 2022 a\u017e do \u010dervence je v&nbsp;Pra\u017esk\u00e9 tr\u017enici p\u0159\u00edstupn\u00e1 nov\u00e1 v\u00fdstava pro celou rodinu\u00a0Sv\u011bty \u010desk\u00e9 animace,\u00a0kter\u00e1 p\u0159edstav\u00ed to z\u00e1sadn\u00ed z&nbsp;\u010desk\u00e9 animovan\u00e9 tvorby obdob\u00ed 1945\u20132020.\u00a0Za projektem stoj\u00ed po\u0159adatel\u00e9 \u00fasp\u011b\u0161n\u00fdch v\u00fdstavn\u00edch po\u010din\u016f Tim Burton a&nbsp;jeho sv\u011bt, Evolution: David Cronenberg nebo Pixar \u2013 30 let animace. V\u00fdstava nab\u00eddne tak\u00e9 doprovodn\u00fd program a&nbsp;bude otev\u0159en\u00e1 od pond\u011bl\u00ed do p\u00e1tku od 9.00 do 18.00 a&nbsp;o&nbsp;v\u00edkendech od 10.00 do 20.00.\u00a0V\u00edce informac\u00ed a&nbsp;vstupenky na <a href=\"https:\/\/www.artmovement.cz\/\" target=\"_blank\" rel=\"noopener\">artmovement.cz<\/a>.\u00a0<\/p>\r\n<p>[\/perex]<\/p>\r\n<p>Animovan\u00e9 filmy n\u00e1s prov\u00e1zej\u00ed od d\u011btstv\u00ed, snad proto, \u017ee dok\u00e1\u017eou kouzeln\u011b o\u017eivit i\u00a0jinak ne\u017eiv\u00e9 v\u011bci. Ale co to vlastn\u011b animace je? Co v\u0161echno se d\u00e1 animovat a\u00a0kdy vlastn\u011b animace vznikla? Jak a\u00a0d\u00edky komu se zrodily v\u0161echny ty fascinuj\u00edc\u00ed poh\u00e1dky, filmy a\u00a0ve\u010dern\u00ed\u010dky? Nejen na tyto ot\u00e1zky odpov\u00edd\u00e1 v\u00fdstava\u00a0Sv\u011bty \u010desk\u00e9 animace, kter\u00e1 zve do filmov\u00e9 kuchyn\u011b a\u00a0z\u00e1kulis\u00ed ateli\u00e9r\u016f v\u0161echny mal\u00e9, v\u011bt\u0161\u00ed i\u00a0ty nejv\u011bt\u0161\u00ed.<\/p>\r\n<p>Hala \u010d. 17 v\u00a0historick\u00e9 hole\u0161ovick\u00e9 tr\u017enici se zm\u011bnila ve filmovou sc\u00e9nu jako\u017e i\u00a0netradi\u010dn\u00ed v\u00fdstavn\u00ed prostor, kde jsou p\u0159edstaveny r\u016fzn\u00e9\u00a0anima\u010dn\u00ed techniky, optick\u00e9 iluze i\u00a0historick\u00e9 kamery, \u0159ada origin\u00e1ln\u00edch kreseb, obr\u00e1zkov\u00fdch sc\u00e9n\u00e1\u0159\u016f, loutek, rekvizit, dekorac\u00ed a\u00a0uk\u00e1zky z\u00a0animovan\u00fdch film\u016f i\u00a0po\u010d\u00edta\u010dov\u00fdch her. Na ty nejmen\u0161\u00ed n\u00e1v\u0161t\u011bvn\u00edky pak \u010dek\u00e1 z\u00f3na \u010cesk\u00e9 televize.<\/p>\r\n<p>N\u00e1v\u0161t\u011bvn\u00edci se mohou t\u011b\u0161it na projekce 140 \u010desk\u00fdch\u00a0\u201eBest of\u201c\u00a0animovan\u00fdch film\u016f i\u00a0na origin\u00e1ln\u00ed instalaci nazvanou\u00a0\u201eCesta \u010desk\u00e9ho anim\u00e1tora od minulosti k\u00a0budoucnosti\u201c. Na t\u00e9 se pod\u00edlely v\u00fdznamn\u00e9 osobnosti animovan\u00e9 tvorby (Ji\u0159\u00ed B\u00e1rta, Pavel Koutsk\u00fd, Michal \u017dabka, Galina Mikl\u00ednov\u00e1, Jan Balej, Daria Ka\u0161\u010dejeva, Denisa Grimmov\u00e1, Kristina Dufkov\u00e1, Noro Dr\u017eiak a\u00a0\u0159ada dal\u0161\u00edch).<\/p>\r\n<p>V jednotliv\u00fdch sekc\u00edch za minim\u00e1ln\u00edho textov\u00e9ho doprovodu se n\u00e1v\u0161t\u011bvn\u00edk\u016fm\u00a0vykresl\u00ed bohat\u00e1 a&nbsp;sv\u011btov\u011b oce\u0148ovan\u00e1 historie \u010desk\u00e9ho animovan\u00e9ho filmu (Zeman, T\u00fdrlov\u00e1, Trnka, Brde\u010dka, Pojar, \u0160vankmajer\u2026) a&nbsp;nem\u00e9n\u011b zaj\u00edmav\u00e1 sou\u010dasnost (Klimt, Balej, Dr\u017eiak, Pavl\u00e1tov\u00e1, Ka\u0161\u010dejeva aj.).\u00a0K vid\u011bn\u00ed budou tak\u00e9 nejzaj\u00edmav\u011bj\u0161\u00ed artefakty z&nbsp;p\u0159\u00edprav film\u016f, jako jsou\u00a0loutky, p\u016fvodn\u00ed v\u00fdtvarn\u00e9 n\u00e1vrhy, kulisy, dekorace, plak\u00e1ty a&nbsp;mnoho dal\u0161\u00edho.<\/p>\r\n<p><strong>Auto\u0159i v\u00fdstavy<\/strong><br \/>\r\nHlavn\u00edm kur\u00e1torem v\u00fdstavy je re\u017eis\u00e9r Jan Buben\u00ed\u010dek, kter\u00fd loni zaz\u00e1\u0159il celove\u010dern\u00edm animovan\u00fdm filmem My\u0161i pat\u0159\u00ed do nebe nominovan\u00fdm na evropsk\u00e9ho Oscara. Spolu s\u00a0n\u00edm garantuj\u00ed ojedin\u011bl\u00fd projekt filmov\u00fd dramaturg a\u00a0pedagog FAMU Ji\u0159\u00ed Kub\u00ed\u010dek, scen\u00e1rista Edgar Dutka a\u00a0producentka Zuzana Bukovinsk\u00e1.<\/p>\r\n<p><strong>Doprovodn\u00fd program<\/strong><br \/>\r\nP\u0159i\u00a0besed\u00e1ch, setk\u00e1n\u00edch\u00a0a\u00a0workshopech\u00a0v\u00e1s budou prov\u00e1zet ti nejzasv\u011bcen\u011bj\u0161\u00ed \u2013 tedy sami tv\u016frci, kresl\u00ed\u0159i, anim\u00e1to\u0159i a\u00a0vypr\u00e1v\u011b\u010di p\u0159\u00edb\u011bh\u016f.<\/p>\r\n<p><strong>M\u00edsto kon\u00e1n\u00ed<\/strong><br \/>\r\nPra\u017esk\u00e1 tr\u017enice, hala \u010d. 17<br \/>\r\nBubensk\u00e9 n\u00e1b\u0159e\u017e\u00ed 306\/13,\u00a0Praha&nbsp;7 &#8211; Hole\u0161ovice<\/p>\r\n<p><strong>Otv\u00edrac\u00ed doba<br \/>\r\n\u010dt 3.&nbsp;2.&nbsp;2022 \u2013 ne 3.&nbsp;7.&nbsp;2022<br \/>\r\n<\/strong>po\u2013p\u00e1 9.00\u201318.00<br \/>\r\nso a&nbsp;ne 10.00\u201320.00<\/p>\r\n<p><strong>Vstupn\u00e9<\/strong><br \/>\r\n<em>pond\u011bl\u00ed\u2013p\u00e1tek<\/em><br \/>\r\ndosp\u011bl\u00ed 190\u00a0K\u010d<br \/>\r\nd\u011bti do 3 let zdarma<br \/>\r\nd\u011bti do 16 let 130\u00a0K\u010d<br \/>\r\nstudenti, senio\u0159i, ZTP-P 150\u00a0K\u010d<br \/>\r\nrodinn\u00e9 vstupn\u00e9 (2+3) 500\u00a0K\u010d<br \/>\r\n\u0161koly (min. 10 d\u011bt\u00ed, vyu\u010duj\u00edc\u00ed zdarma) 120\u00a0K\u010d<\/p>\r\n<p><em>sobota a&nbsp;ned\u011ble<\/em><br \/>\r\ndosp\u011bl\u00ed 220\u00a0K\u010d<br \/>\r\nd\u011bti do 3 let zdarma<br \/>\r\nd\u011bti do 16 let 150\u00a0K\u010d<br \/>\r\nstudenti, senio\u0159i, ZTP-P 190\u00a0K\u010d<br \/>\r\nrodinn\u00e9 vstupn\u00e9 (2+3) 550\u00a0K\u010d<br \/>\r\n\u0161koly (min. 10 d\u011bt\u00ed, vyu\u010duj\u00edc\u00ed zdarma) 120\u00a0K\u010d<\/p>","protected":false},"excerpt":{"rendered":"[perex] Od \u010dtvrtka 3.&nbsp;\u00fanora 2022 a\u017e do \u010dervence je v&nbsp;Pra\u017esk\u00e9 tr\u017enici p\u0159\u00edstupn\u00e1 nov\u00e1 v\u00fdstava pro celou rodinu\u00a0Sv\u011bty \u010desk\u00e9 animace,\u00a0kter\u00e1 p\u0159edstav\u00ed to z\u00e1sadn\u00ed z&nbsp;\u010desk\u00e9 animovan\u00e9 tvorby obdob\u00ed 1945\u20132020.\u00a0Za projektem stoj\u00ed po\u0159adatel\u00e9 \u00fasp\u011b\u0161n\u00fdch v\u00fdstavn\u00edch po\u010din\u016f Tim Burton a&nbsp;jeho sv\u011bt, Evolution: David Cronenberg nebo Pixar \u2013 30 let animace. V\u00fdstava nab\u00eddne tak\u00e9 doprovodn\u00fd program a&nbsp;bude otev\u0159en\u00e1 od pond\u011bl\u00ed [&hellip;]","protected":false},"author":97,"featured_media":54402,"comment_status":"closed","ping_status":"open","sticky":false,"template":"","format":"standard","meta":[],"categories":[34],"tags":[],"_links":{"self":[{"href":"https:\/\/www.praha7.cz\/api\/wp\/v2\/posts\/54401"}],"collection":[{"href":"https:\/\/www.praha7.cz\/api\/wp\/v2\/posts"}],"about":[{"href":"https:\/\/www.praha7.cz\/api\/wp\/v2\/types\/post"}],"author":[{"embeddable":true,"href":"https:\/\/www.praha7.cz\/api\/wp\/v2\/users\/97"}],"replies":[{"embeddable":true,"href":"https:\/\/www.praha7.cz\/api\/wp\/v2\/comments?post=54401"}],"version-history":[{"count":6,"href":"https:\/\/www.praha7.cz\/api\/wp\/v2\/posts\/54401\/revisions"}],"predecessor-version":[{"id":54409,"href":"https:\/\/www.praha7.cz\/api\/wp\/v2\/posts\/54401\/revisions\/54409"}],"wp:featuredmedia":[{"embeddable":true,"href":"https:\/\/www.praha7.cz\/api\/wp\/v2\/media\/54402"}],"wp:attachment":[{"href":"https:\/\/www.praha7.cz\/api\/wp\/v2\/media?parent=54401"}],"wp:term":[{"taxonomy":"category","embeddable":true,"href":"https:\/\/www.praha7.cz\/api\/wp\/v2\/categories?post=54401"},{"taxonomy":"post_tag","embeddable":true,"href":"https:\/\/www.praha7.cz\/api\/wp\/v2\/tags?post=54401"}],"curies":[{"name":"wp","href":"https:\/\/api.w.org\/{rel}","templated":true}]}}