    
{"id":54340,"date":"2022-02-01T14:19:19","date_gmt":"2022-02-01T13:19:19","guid":{"rendered":"https:\/\/www.praha7.cz\/?p=54340"},"modified":"2022-02-02T11:26:53","modified_gmt":"2022-02-02T10:26:53","slug":"praha-7-prispeje-na-krouzky-detem-ze-zakladnich-i-materskych-skol-4","status":"publish","type":"post","link":"https:\/\/www.praha7.cz\/praha-7-prispeje-na-krouzky-detem-ze-zakladnich-i-materskych-skol-4\/","title":{"rendered":"Praha&nbsp;7 p\u0159isp\u011bje na krou\u017eky d\u011btem ze z\u00e1kladn\u00edch i&nbsp;mate\u0159sk\u00fdch \u0161kol"},"content":{"rendered":"<p>[perex]<\/p>\r\n<p>Sedm\u00e1 m\u011bstsk\u00e1 \u010d\u00e1st pokra\u010duje v\u00a0projektu <a href=\"https:\/\/www.praha7.cz\/volny-cas-prehled\/deti\/prispevek-na-krouzky\/\" target=\"_blank\" rel=\"noopener\">Krou\u017eek pro ka\u017ed\u00e9 d\u00edt\u011b<\/a>. Rodi\u010de \u017e\u00e1k\u016f z\u00e1kladn\u00edch i\u00a0mate\u0159sk\u00fdch \u0161kol\u00a0s trval\u00fdm bydli\u0161t\u011bm v\u00a0Praze 7 si mohou po\u017e\u00e1dat o\u00a0p\u0159\u00edsp\u011bvek na krou\u017eky, kter\u00e9 se konaj\u00ed ve 2.\u00a0pololet\u00ed \u0161koln\u00edho roku 2021\/2022.\u00a0 \u017d\u00e1dosti se pod\u00e1vaj\u00ed do 28.&nbsp;2.\u00a02022.\u00a0P\u0159\u00edsp\u011bvky jsou ur\u010deny pro rodi\u010de v\u00a0nep\u0159\u00edzniv\u00e9 finan\u010dn\u00ed situaci.<\/p>\r\n<p>[\/perex]<\/p>\r\n<p>Na \u00fahradu krou\u017eku \u017e\u00e1k\u016f <strong>z\u00e1kladn\u00edch \u0161kol<\/strong> dle vlastn\u00edho v\u00fdb\u011bru m\u011bstsk\u00e1 \u010d\u00e1st p\u0159isp\u011bje <strong>a\u017e do v\u00fd\u0161e 1&nbsp;500 korun<\/strong>.\u00a0<\/p>\r\n<p>P\u0159\u00edsp\u011bvek na krou\u017eky mohou za\u017e\u00e1dat tak\u00e9 rodi\u010de d\u011bt\u00ed <strong>v\u00a0mate\u0159ink\u00e1ch\u00a0a\u017e do v\u00fd\u0161e 750\u00a0K\u010d<\/strong>. P\u0159\u00edsp\u011bvek se vztahuje na volno\u010dasov\u00e9 aktivity organizovan\u00e9 nebo zprost\u0159edkovan\u00e9\u00a0mate\u0159sk\u00fdmi \u0161kolami na Sedmi\u010dce.\u00a0<\/p>\r\n<hr \/>\r\n<h4>Jak si o&nbsp;p\u0159\u00edsp\u011bvek za\u017e\u00e1dat?<\/h4>\r\n<p>\u017d\u00e1dost je mo\u017en\u00e9 vyplnit prost\u0159ednictv\u00edm n\u00ed\u017ee uveden\u00e9ho elektronick\u00e9ho on-line formul\u00e1\u0159e. Po vypln\u011bn\u00ed a&nbsp;odesl\u00e1n\u00ed formul\u00e1\u0159e dostane \u017eadatel vypln\u011bnou \u017d\u00e1dost ve form\u00e1tu PDF zp\u011bt na e-mail uveden\u00fd v&nbsp;\u017e\u00e1dosti. Po podeps\u00e1n\u00ed a&nbsp;potvrzen\u00ed raz\u00edtkem organiz\u00e1tora krou\u017eku je t\u0159eba hotovou \u017d\u00e1dost doru\u010dit osobn\u011b do podatelny \u00da\u0159adu M\u010c Praha&nbsp;7 \u010di prost\u0159ednictv\u00edm po\u0161tovn\u00edch slu\u017eeb, pop\u0159\u00edpad\u011b elektronicky p\u0159i pod\u00e1n\u00ed datovou zpr\u00e1vou nebo e-mailem. <strong><span style=\"color: #ff0000;\">Potvrzen\u00e1 \u017e\u00e1dost mus\u00ed b\u00fdt na \u00fa\u0159ad doru\u010dena nejpozd\u011bji do 28.&nbsp;2.&nbsp;2022.<\/span><\/strong><\/p>\r\n<p>V\u00edce informac\u00ed najdete v&nbsp;n\u00ed\u017ee uveden\u00fdch pravidlech.<\/p>\r\n<h3><a href=\"https:\/\/www.praha7.cz\/wp-content\/uploads\/2022\/02\/krouzek__pravidla_upravena_2pol_2122.pdf\" target=\"_blank\" rel=\"noopener\">Pravidla poskytnut\u00ed p\u0159\u00edsp\u011bvku na krou\u017eek<\/a><\/h3>\r\n<h3><a href=\"https:\/\/forms.office.com\/r\/x4DPf29x4D\" target=\"_blank\" rel=\"noopener\">\u017d\u00e1dost o&nbsp;p\u0159\u00edsp\u011bvek na krou\u017eek<\/a><\/h3>\r\n<hr \/>\r\n<p>V\u00edce informac\u00ed m\u016f\u017eete z\u00edskat na Odboru soci\u00e1ln\u00edho za\u010dle\u0148ov\u00e1n\u00ed u\u00a0Korn\u00e9lie Peterkov\u00e9, tel.: 608&nbsp;703&nbsp;876, e-mail: <a href=\"mailto:krouzky@praha7.cz\">krouzky@praha7.cz<\/a><\/p>","protected":false},"excerpt":{"rendered":"[perex] Sedm\u00e1 m\u011bstsk\u00e1 \u010d\u00e1st pokra\u010duje v\u00a0projektu Krou\u017eek pro ka\u017ed\u00e9 d\u00edt\u011b. Rodi\u010de \u017e\u00e1k\u016f z\u00e1kladn\u00edch i\u00a0mate\u0159sk\u00fdch \u0161kol\u00a0s trval\u00fdm bydli\u0161t\u011bm v\u00a0Praze 7 si mohou po\u017e\u00e1dat o\u00a0p\u0159\u00edsp\u011bvek na krou\u017eky, kter\u00e9 se konaj\u00ed ve 2.\u00a0pololet\u00ed \u0161koln\u00edho roku 2021\/2022.\u00a0 \u017d\u00e1dosti se pod\u00e1vaj\u00ed do 28.&nbsp;2.\u00a02022.\u00a0P\u0159\u00edsp\u011bvky jsou ur\u010deny pro rodi\u010de v\u00a0nep\u0159\u00edzniv\u00e9 finan\u010dn\u00ed situaci. [\/perex] Na \u00fahradu krou\u017eku \u017e\u00e1k\u016f z\u00e1kladn\u00edch \u0161kol dle vlastn\u00edho v\u00fdb\u011bru [&hellip;]","protected":false},"author":5,"featured_media":32838,"comment_status":"closed","ping_status":"open","sticky":false,"template":"","format":"standard","meta":[],"categories":[34],"tags":[],"_links":{"self":[{"href":"https:\/\/www.praha7.cz\/api\/wp\/v2\/posts\/54340"}],"collection":[{"href":"https:\/\/www.praha7.cz\/api\/wp\/v2\/posts"}],"about":[{"href":"https:\/\/www.praha7.cz\/api\/wp\/v2\/types\/post"}],"author":[{"embeddable":true,"href":"https:\/\/www.praha7.cz\/api\/wp\/v2\/users\/5"}],"replies":[{"embeddable":true,"href":"https:\/\/www.praha7.cz\/api\/wp\/v2\/comments?post=54340"}],"version-history":[{"count":7,"href":"https:\/\/www.praha7.cz\/api\/wp\/v2\/posts\/54340\/revisions"}],"predecessor-version":[{"id":60130,"href":"https:\/\/www.praha7.cz\/api\/wp\/v2\/posts\/54340\/revisions\/60130"}],"wp:featuredmedia":[{"embeddable":true,"href":"https:\/\/www.praha7.cz\/api\/wp\/v2\/media\/32838"}],"wp:attachment":[{"href":"https:\/\/www.praha7.cz\/api\/wp\/v2\/media?parent=54340"}],"wp:term":[{"taxonomy":"category","embeddable":true,"href":"https:\/\/www.praha7.cz\/api\/wp\/v2\/categories?post=54340"},{"taxonomy":"post_tag","embeddable":true,"href":"https:\/\/www.praha7.cz\/api\/wp\/v2\/tags?post=54340"}],"curies":[{"name":"wp","href":"https:\/\/api.w.org\/{rel}","templated":true}]}}