    
{"id":54325,"date":"2022-02-01T09:27:58","date_gmt":"2022-02-01T08:27:58","guid":{"rendered":"https:\/\/www.praha7.cz\/?p=54325"},"modified":"2022-02-01T12:30:06","modified_gmt":"2022-02-01T11:30:06","slug":"letak-pomoc-pro-lidi-bez-domova-v-zime-2021-2022","status":"publish","type":"post","link":"https:\/\/www.praha7.cz\/letak-pomoc-pro-lidi-bez-domova-v-zime-2021-2022\/","title":{"rendered":"Let\u00e1k: Pomoc pro lidi bez domova v&nbsp;zim\u011b 2021\/2022"},"content":{"rendered":"<p>[perex]<\/p>\r\n<p>Hlavn\u00ed m\u011bsto m\u00e1 snahu pom\u00e1hat v\u0161em lidem bez domova a&nbsp;zvl\u00e1\u0161t\u011b v&nbsp;zimn\u00edm obdob\u00ed nab\u00edz\u00ed pomoc nav\u00edc k&nbsp;obvykl\u00fdm slu\u017eb\u00e1m. V&nbsp;leto\u0161n\u00edm roce p\u0159ipravilo p\u0159ehledn\u00fd <a href=\"https:\/\/www.praha7.cz\/wp-content\/uploads\/2022\/02\/letak-Pomoc-pro-lidi-bez-domova.png\" target=\"_blank\" rel=\"noopener\">let\u00e1k<\/a>, kter\u00fd shrnuje dostupnou nab\u00eddku mo\u017enost\u00ed p\u0159esp\u00e1n\u00ed, stravy a&nbsp;oh\u0159\u00e1t se p\u0159es den pro mu\u017ee i&nbsp;\u017eeny \u017eij\u00edc\u00ed na ulici. Podrobn\u00e9 informace a&nbsp;let\u00e1ky v&nbsp;r\u016fzn\u00fdch jazykov\u00fdch mutac\u00edch ke sta\u017een\u00ed <a href=\"https:\/\/www.csspraha.cz\/zho\" target=\"_blank\" rel=\"noopener\">zde<\/a>.<\/p>\r\n<p>[\/perex]<\/p>","protected":false},"excerpt":{"rendered":"[perex] Hlavn\u00ed m\u011bsto m\u00e1 snahu pom\u00e1hat v\u0161em lidem bez domova a&nbsp;zvl\u00e1\u0161t\u011b v&nbsp;zimn\u00edm obdob\u00ed nab\u00edz\u00ed pomoc nav\u00edc k&nbsp;obvykl\u00fdm slu\u017eb\u00e1m. V&nbsp;leto\u0161n\u00edm roce p\u0159ipravilo p\u0159ehledn\u00fd let\u00e1k, kter\u00fd shrnuje dostupnou nab\u00eddku mo\u017enost\u00ed p\u0159esp\u00e1n\u00ed, stravy a&nbsp;oh\u0159\u00e1t se p\u0159es den pro mu\u017ee i&nbsp;\u017eeny \u017eij\u00edc\u00ed na ulici. Podrobn\u00e9 informace a&nbsp;let\u00e1ky v&nbsp;r\u016fzn\u00fdch jazykov\u00fdch mutac\u00edch ke sta\u017een\u00ed zde. [\/perex]","protected":false},"author":97,"featured_media":54330,"comment_status":"closed","ping_status":"open","sticky":false,"template":"","format":"standard","meta":[],"categories":[34],"tags":[],"_links":{"self":[{"href":"https:\/\/www.praha7.cz\/api\/wp\/v2\/posts\/54325"}],"collection":[{"href":"https:\/\/www.praha7.cz\/api\/wp\/v2\/posts"}],"about":[{"href":"https:\/\/www.praha7.cz\/api\/wp\/v2\/types\/post"}],"author":[{"embeddable":true,"href":"https:\/\/www.praha7.cz\/api\/wp\/v2\/users\/97"}],"replies":[{"embeddable":true,"href":"https:\/\/www.praha7.cz\/api\/wp\/v2\/comments?post=54325"}],"version-history":[{"count":1,"href":"https:\/\/www.praha7.cz\/api\/wp\/v2\/posts\/54325\/revisions"}],"predecessor-version":[{"id":54331,"href":"https:\/\/www.praha7.cz\/api\/wp\/v2\/posts\/54325\/revisions\/54331"}],"wp:featuredmedia":[{"embeddable":true,"href":"https:\/\/www.praha7.cz\/api\/wp\/v2\/media\/54330"}],"wp:attachment":[{"href":"https:\/\/www.praha7.cz\/api\/wp\/v2\/media?parent=54325"}],"wp:term":[{"taxonomy":"category","embeddable":true,"href":"https:\/\/www.praha7.cz\/api\/wp\/v2\/categories?post=54325"},{"taxonomy":"post_tag","embeddable":true,"href":"https:\/\/www.praha7.cz\/api\/wp\/v2\/tags?post=54325"}],"curies":[{"name":"wp","href":"https:\/\/api.w.org\/{rel}","templated":true}]}}