    
{"id":54315,"date":"2022-02-01T11:08:04","date_gmt":"2022-02-01T10:08:04","guid":{"rendered":"https:\/\/www.praha7.cz\/?p=54315"},"modified":"2022-02-01T11:43:02","modified_gmt":"2022-02-01T10:43:02","slug":"zemrel-literarni-historik-a-cestny-obcan-prahy-7-radko-pytlik","status":"publish","type":"post","link":"https:\/\/www.praha7.cz\/zemrel-literarni-historik-a-cestny-obcan-prahy-7-radko-pytlik\/","title":{"rendered":"Zem\u0159el liter\u00e1rn\u00ed historik a&nbsp;\u010destn\u00fd ob\u010dan Prahy&nbsp;7 Radko Pytl\u00edk"},"content":{"rendered":"<p>[perex]<\/p>\r\n<p>S l\u00edtost\u00ed oznamujeme, \u017ee dne 31.&nbsp;1.&nbsp;2022 v&nbsp;\u00factyhodn\u00e9m v\u011bku 93 let zem\u0159el Radko Pytl\u00edk \u2013 spisovatel, liter\u00e1rn\u00ed historik a&nbsp;\u010destn\u00fd ob\u010dan Prahy&nbsp;7. Radko Pytl\u00edk \u017eil cel\u00fd \u017eivot na Letn\u00e9 a&nbsp;byl velk\u00fdm sedmi\u010dkov\u00fdm patriotem. \u010cestn\u00e9 ob\u010danstv\u00ed Prahy&nbsp;7 obdr\u017eel v&nbsp;roce 2008 u&nbsp;p\u0159\u00edle\u017eitosti sv\u00fdch osmdes\u00e1t\u00fdch narozenin.\u00a0\u00a0\u00a0<\/p>\r\n<p>Vyjad\u0159ujeme up\u0159\u00edmnou soustrast rodin\u011b a&nbsp;v\u0161em poz\u016fstal\u00fdm.<\/p>\r\n<p>[\/perex]<\/p>\r\n<p>Radko Pytl\u00edk se narodil v\u00a0\u0159\u00edjnu 1928 v\u00a0Praze. Otec ing. dr. Rudolf Pytl\u00edk pracoval jako \u0159editel ryb\u00e1\u0159sk\u00e9ho a&nbsp;hydrobiologick\u00e9ho \u00fastavu, pozd\u011bji se v\u011bnoval v\u011bdeck\u00e9 pr\u00e1ci v\u00a0oboru hydrobiologie. Matka R\u016f\u017eena byla v\u00a0dom\u00e1cnosti, krom\u011b Radka vychov\u00e1vala je\u0161t\u011b jeho bratra Ji\u0159\u00edho, rodina \u017eila na Letn\u00e9 v\u00a0Mal\u00ed\u0159sk\u00e9 ulici. Radko zde v\u00a0Praze 7 vychodil obecnou \u0161kolu, pozd\u011bji studoval gymn\u00e1zium na Strossmayerov\u011b n\u00e1m\u011bst\u00ed, kde odmaturoval v\u00a0roce 1947. Pot\u00e9 se nechal zapsat na Filosofickou fakultu UK, studoval zde \u010desk\u00fd jazyk, liter\u00e1rn\u00ed v\u011bdu a&nbsp;filosofii. Mezi jeho profesory na univerzit\u011b pat\u0159ili nap\u0159\u00edklad p\u0159edn\u00ed liter\u00e1rn\u00ed v\u011bdec a&nbsp;znalec rusk\u00e9 literatury Bohumil Mathesius \u010di v\u00fdznamn\u00fd \u010desk\u00fd filosof, propag\u00e1tor fenomenologie Jan Pato\u010dka. Vysoko\u0161kolsk\u00e1 studia zavr\u0161il v\u00a0roce 1952 doktorskou prac\u00ed na t\u00e9ma po\u010d\u00e1tk\u016f tvorby Jaroslava Ha\u0161ka.<\/p>\r\n<p>Po ukon\u010den\u00ed dvoulet\u00e9 slu\u017eby v\u00a0arm\u00e1d\u011b v\u00a0Boru u&nbsp;Tachova (1952\u201354) nastoupil do zam\u011bstn\u00e1n\u00ed v\u00a0\u00dastavu pro \u010deskou literaturu \u010cSAV pod veden\u00edm Jana Muka\u0159ovsk\u00e9ho, kter\u00fd vedl \u00fastav v\u00a0duchu strukturalismu, jeho\u017e byl \u010deln\u00fdm p\u0159edstavitelem a&nbsp;zast\u00e1ncem. V\u00a0r\u00e1mci v\u011bdeck\u00e9ho b\u00e1d\u00e1n\u00ed v\u00a0\u00fastavu publikoval Pytl\u00edk \u0159adu prac\u00ed \u2013 monografie o&nbsp;Vil\u00e9mu Mr\u0161t\u00edkovi, Jaroslavu Kratochv\u00edlovi \u010di Josefu Kadlecovi, komparatistick\u00e9 studie \u010cesk\u00e1 literatura v\u00a0evropsk\u00e9m kontextu, Sedmkr\u00e1t o&nbsp;literatu\u0159e nebo O&nbsp;literatu\u0159e faktu. P\u0159isp\u00edval tak\u00e9 do cel\u00e9 \u0159ady slovn\u00edk\u016f a&nbsp;almanach\u016f (Slovn\u00edk \u010desk\u00e9 literatury, D\u011bjiny \u010desk\u00e9 literatury, O&nbsp;\u010desk\u00e9 sati\u0159e a&nbsp;dal\u0161\u00ed).\u00a0<\/p>\r\n<p>Od po\u010d\u00e1tku pades\u00e1t\u00fdch let se tak\u00e9 mohli \u010dten\u00e1\u0159i setkat s\u00a0Pytl\u00edkov\u00fdmi texty v\u00a0odborn\u00fdch i&nbsp;popul\u00e1rn\u00edch periodik\u00e1ch \u2013 Kv\u011btnu, Hostu do domu, Kulturn\u00ed tvorb\u011b, Kv\u011btech, Dikobrazu a&nbsp;mnoh\u00fdch dal\u0161\u00edch.<\/p>\r\n<p>V pop\u0159ed\u00ed Pytl\u00edkova badatelsk\u00e9ho a&nbsp;publika\u010dn\u00edho z\u00e1jmu st\u00e1la \u0159adu desetilet\u00ed osobnost a&nbsp;liter\u00e1rn\u00ed tvorba Jaroslava Ha\u0161ka a&nbsp;byl bezesporu nejv\u011bt\u0161\u00edm sou\u010dasn\u00fdm \u201eha\u0161kologem\u201c. \u0158ada Pytl\u00edkov\u00fdch knih v\u011bnovan\u00e1 tomuto autorovi je opravdu \u00factyhodn\u00e1 \u2013 Bibliografie Jaroslava Ha\u0161ka (1960), Zpr\u00e1va o&nbsp;Jaroslavu Ha\u0161kovi (1982 a&nbsp;1997), Lidsk\u00fd profil Jaroslava Ha\u0161ka (korespondence, 1979), 1982 Jaroslav Ha\u0161ek a&nbsp;dobr\u00fd voj\u00e1k \u0160vejk, Kniha o&nbsp;\u0160vejkovi (1983) Tak pravil Josef \u0160vejk (1994) a&nbsp;dal\u0161\u00ed. Nejkomplexn\u011bj\u0161\u00edm po\u010dinem je biografick\u00e1 kniha Toulav\u00e9 house. Pytl\u00edk zde zevrubn\u011b popisuje spisovatelovy komplikovan\u00e9 osudy, sna\u017e\u00ed se nach\u00e1zet paralely mezi Ha\u0161kov\u00fdm osobn\u00edm \u017eivotem, z\u00e1\u017eitky a&nbsp;zku\u0161enostmi, atmosf\u00e9rou doby p\u0159ed prvn\u00ed sv\u011btovou v\u00e1lkou a&nbsp;jeho liter\u00e1rn\u00edm d\u00edlem. Z\u00e1rove\u0148 reviduje n\u011bkter\u00e9 nep\u0159esn\u00e9 \u010di nepravdiv\u00e9 informace z\u00a0p\u0159edchoz\u00edch Ha\u0161kov\u00fdch biografi\u00ed. Kniha vy\u0161la poprv\u00e9 v\u00a0roce 1971, do sou\u010dasn\u00e9 doby byla je\u0161t\u011b dvakr\u00e1t p\u0159epracov\u00e1na a&nbsp;dopln\u011bna (1982 a&nbsp;1998) a&nbsp;do\u010dkala se i&nbsp;p\u0159elo\u017een\u00ed do p\u011bti jazyk\u016f.<\/p>\r\n<p>Pytl\u00edkov\u00fdm obl\u00edbencem byl tak\u00e9 spisovatel Bohumil Hrabal, s\u00a0n\u00edm\u017e ho nav\u00edc poutalo i&nbsp;mnohalet\u00e9 p\u0159\u00e1telstv\u00ed. Po Hrabalov\u011b smrti v\u00a0roce 1997 vydal knihu \u2026. A&nbsp;neuv\u011b\u0159iteln\u00e9 se stalo skutkem. V\u00a0t\u00e9to pr\u00e1ci mapuje jako prvn\u00ed i&nbsp;Hrabalova d\u00edla, kter\u00e1 vych\u00e1zela v\u00a0samizdatu a&nbsp;p\u0159ipojuje post\u0159ehy ze spisovatelova osobn\u00edho a&nbsp;tv\u016fr\u010d\u00edho \u017eivota z\u00edskan\u00e9 z\u00a0\u010detn\u00fdch kontakt\u016f s\u00a0n\u00edm. Dal\u0161\u00ed pr\u00e1ce v\u011bnovan\u00e1 \u201ekr\u00e1li p\u00e1bitel\u016f\u201c nese n\u00e1zev Koridor smrti Bohumila Hrabala. Zde reflektuje p\u0159edev\u0161\u00edm motivy smrti v\u00a0Hrabalov\u011b d\u00edle a&nbsp;zam\u00fd\u0161l\u00ed se nad okolnostmi jeho z\u00e1hadn\u00e9ho \u00famrt\u00ed. Ze zahrani\u010dn\u00edch spisovatel\u016f obracel Pytl\u00edk svou pozornost na klasika rusk\u00e9 literatury Fedora Michajlovi\u010de Dostojevsk\u00e9ho, kter\u00e9mu v\u011bnoval knihu F. M. Dostojevskij \u2013 \u017eivot a&nbsp;d\u00edlo. V\u00a0\u0161iroce pojat\u00e9 publikaci oce\u0148uje hloubku Dostojevsk\u00e9ho my\u0161lenek, p\u0159enesen\u00fdch do jeho tvorby.<\/p>\r\n<p>Dal\u0161\u00edm velk\u00fdm okruhem Pytl\u00edkova z\u00e1jmu byl humor v\u00a0literatu\u0159e. Je autorem antologie Mal\u00e1 encyklopedie humoru, v\u00a0n\u00ed\u017e se mu poda\u0159ilo zachytit v\u00fdvoj humoru v\u00a0\u010desk\u00e9 literatu\u0159e a&nbsp;dokreslit ho na konkr\u00e9tn\u00edch uk\u00e1zk\u00e1ch. Podobnou tematikou se zab\u00fdv\u00e1 i&nbsp;kniha Fenomenologie humoru. Pytl\u00edk se nevyh\u00fdbal ani v&nbsp;\u010cech\u00e1ch tradi\u010dn\u00edmu kreslen\u00e9mu humoru a&nbsp;karikatu\u0159e v\u00a0publikaci \u010cesk\u00fd kreslen\u00fd humor 20.&nbsp;stolet\u00ed \u010di zmapov\u00e1n\u00ed studentsk\u00e9ho recesistick\u00e9ho \u010dasopisu Trn.\u00a0<\/p>\r\n<p>O Radku Pytl\u00edkovi bylo v\u0161eobecn\u011b zn\u00e1mo, \u017ee byl velk\u00fdm hole\u0161ovick\u00fdm a&nbsp;letensk\u00fdm patriotem. Sv\u011bd\u010d\u00ed o&nbsp;tom \u0159ada jeho liter\u00e1rn\u00edch prac\u00ed, v\u00a0nich\u017e se zab\u00fdval pr\u00e1v\u011b Prahou 7 \u2013 a\u0165 u\u017e se jedn\u00e1 o&nbsp;Toulky Prahou 7 \u2013 Ze z\u00e1pisk\u016f rod\u00e1ka (2001), Stru\u010dn\u00e9 d\u011bjiny Prahy&nbsp;7 (2004) \u010di knihu fejeton\u016f pojedn\u00e1vaj\u00edc\u00ed o&nbsp;osobnostech spojen\u00fdch s\u00a0Prahou 7 Nezn\u00e1m\u00e9 o&nbsp;zn\u00e1m\u00fdch z\u00a0Hole\u0161ovic (2009). Prahy&nbsp;7 se, by\u0165 okrajov\u011b, dot\u00fdk\u00e1 i&nbsp;publikace O&nbsp;Buben\u010di a&nbsp;okol\u00ed vydan\u00e1 v\u00a0roce 2004 u&nbsp;p\u0159\u00edle\u017eitosti stolet\u00e9ho v\u00fdro\u010d\u00ed pov\u00fd\u0161en\u00ed t\u00e9to obce na m\u011bsto. Pytl\u00edk tak\u00e9 dlouh\u00e1 l\u00e9ta publikoval v\u00a0\u010dasopise M\u010c Praha&nbsp;7 Hobulet pod zna\u010dkou Okdar. Obecn\u011b souvis\u00ed tematicky s\u00a0Prahou i&nbsp;pr\u016fvodce po d\u00e1vn\u00fdch hospod\u00e1ch, kav\u00e1rn\u00e1ch a&nbsp;\u0161ant\u00e1nech Ve st\u00ednu p\u00edpy vydan\u00e1 v\u00a0roce 1996.<\/p>\r\n<p>I po odchodu do d\u016fchodu v\u00a0roce 1993 z\u016fstal Pytl\u00edk aktivn\u00edm a&nbsp;plodn\u00fdm autorem. P\u0159isp\u00edval do Svobodn\u00e9ho slova (redigoval zde p\u0159\u00edlohu Kv\u00edtko), Vlasty, Sign\u00e1lu, Prager Zeitung a&nbsp;dal\u0161\u00edch periodik. V\u00a0roce 1991 zakl\u00e1dal spolu s\u00a0vnukem Jaroslava Ha\u0161ka Richardem Mezin\u00e1rodn\u00ed spole\u010dnost Jaroslava Ha\u0161ka, redigoval listy t\u00e9to spole\u010dnosti. V\u00a0roce 2003 se p\u0159i sto dvac\u00e1t\u00e9m v\u00fdro\u010d\u00ed Ha\u0161kova narozen\u00ed pod\u00edlel na organizaci velk\u00e9 mezin\u00e1rodn\u00ed konferenci o&nbsp;spisovatelov\u011b d\u00edle konan\u00e9 v\u00a0Lipnici nad S\u00e1zavou.<\/p>\r\n<p>Radko Pytl\u00edk \u017eil cel\u00fd \u017eivot na Letn\u00e9. Z\u00a0prvn\u00edho man\u017eelstv\u00ed m\u011bl dceru Mark\u00e9tu a&nbsp;syna Martina, jeho druh\u00e1 man\u017eelka V\u011bra Dykov\u00e1 pracuje v\u00a0Pam\u00e1tn\u00edku n\u00e1rodn\u00edho p\u00edsemnictv\u00ed a&nbsp;sou\u010dasn\u011b vede rodinn\u00e9 nakladatelstv\u00ed Emporius, kter\u00e9 vyd\u00e1valo sou\u010dasnou Pytl\u00edkovu tvorbu. S\u00a0V\u011brou Dykovou vychoval Radko Pytl\u00edk dv\u011b d\u011bti \u2013 dcera Krist\u00fdna je profesorkou na gymn\u00e1ziu, syn Vojt\u011bch je zn\u00e1m\u00fdm divadeln\u00edm a&nbsp;filmov\u00fdm hercem a&nbsp;hudebn\u00edkem.<\/p>\r\n<p>Radko Pytl\u00edk obdr\u017eel \u010destn\u00e9 ob\u010danstv\u00ed Prahy&nbsp;7 v\u00a0roce 2008 u&nbsp;p\u0159\u00edle\u017eitosti sv\u00fdch osmdes\u00e1t\u00fdch narozenin.\u00a0\u00a0 \u00a0<\/p>","protected":false},"excerpt":{"rendered":"[perex] S&nbsp;l\u00edtost\u00ed oznamujeme, \u017ee dne 31.&nbsp;1.&nbsp;2022 v&nbsp;\u00factyhodn\u00e9m v\u011bku 93 let zem\u0159el Radko Pytl\u00edk \u2013 spisovatel, liter\u00e1rn\u00ed historik a&nbsp;\u010destn\u00fd ob\u010dan Prahy&nbsp;7. Radko Pytl\u00edk \u017eil cel\u00fd \u017eivot na Letn\u00e9 a&nbsp;byl velk\u00fdm sedmi\u010dkov\u00fdm patriotem. \u010cestn\u00e9 ob\u010danstv\u00ed Prahy&nbsp;7 obdr\u017eel v&nbsp;roce 2008 u&nbsp;p\u0159\u00edle\u017eitosti sv\u00fdch osmdes\u00e1t\u00fdch narozenin.\u00a0\u00a0\u00a0 Vyjad\u0159ujeme up\u0159\u00edmnou soustrast rodin\u011b a&nbsp;v\u0161em poz\u016fstal\u00fdm. [\/perex] Radko Pytl\u00edk se narodil v\u00a0\u0159\u00edjnu 1928 [&hellip;]","protected":false},"author":5,"featured_media":54317,"comment_status":"closed","ping_status":"open","sticky":false,"template":"","format":"standard","meta":[],"categories":[34],"tags":[],"_links":{"self":[{"href":"https:\/\/www.praha7.cz\/api\/wp\/v2\/posts\/54315"}],"collection":[{"href":"https:\/\/www.praha7.cz\/api\/wp\/v2\/posts"}],"about":[{"href":"https:\/\/www.praha7.cz\/api\/wp\/v2\/types\/post"}],"author":[{"embeddable":true,"href":"https:\/\/www.praha7.cz\/api\/wp\/v2\/users\/5"}],"replies":[{"embeddable":true,"href":"https:\/\/www.praha7.cz\/api\/wp\/v2\/comments?post=54315"}],"version-history":[{"count":5,"href":"https:\/\/www.praha7.cz\/api\/wp\/v2\/posts\/54315\/revisions"}],"predecessor-version":[{"id":54324,"href":"https:\/\/www.praha7.cz\/api\/wp\/v2\/posts\/54315\/revisions\/54324"}],"wp:featuredmedia":[{"embeddable":true,"href":"https:\/\/www.praha7.cz\/api\/wp\/v2\/media\/54317"}],"wp:attachment":[{"href":"https:\/\/www.praha7.cz\/api\/wp\/v2\/media?parent=54315"}],"wp:term":[{"taxonomy":"category","embeddable":true,"href":"https:\/\/www.praha7.cz\/api\/wp\/v2\/categories?post=54315"},{"taxonomy":"post_tag","embeddable":true,"href":"https:\/\/www.praha7.cz\/api\/wp\/v2\/tags?post=54315"}],"curies":[{"name":"wp","href":"https:\/\/api.w.org\/{rel}","templated":true}]}}