    
{"id":54153,"date":"2022-01-25T13:16:53","date_gmt":"2022-01-25T12:16:53","guid":{"rendered":"https:\/\/www.praha7.cz\/?p=54153"},"modified":"2022-01-25T15:40:08","modified_gmt":"2022-01-25T14:40:08","slug":"pripominka-mezinarodniho-dne-pamatky-obeti-holokaustu-v-prazske-trznici","status":"publish","type":"post","link":"https:\/\/www.praha7.cz\/pripominka-mezinarodniho-dne-pamatky-obeti-holokaustu-v-prazske-trznici\/","title":{"rendered":"P\u0159ipom\u00ednka ob\u011bt\u00ed holokaustu Rom\u016f a&nbsp;Sint\u016f v&nbsp;Pra\u017esk\u00e9 tr\u017enici"},"content":{"rendered":"<p>[perex]<\/p>\r\n<p>U p\u0159\u00edle\u017eitosti Mezin\u00e1rodn\u00edho dne pam\u00e1tky ob\u011bt\u00ed holocaustu a&nbsp;p\u0159edch\u00e1zen\u00ed zlo\u010din\u016fm proti lidskosti prob\u011bhne ve \u010dtvrtek 27.&nbsp;ledna 2022\u00a0instalace v\u00edt\u011bzn\u00e9ho p\u0159\u00edsp\u011bvku\u00a0ze Sout\u011b\u017ee Em\u00edlie Mach\u00e1lkov\u00e9 a&nbsp;Karla Holomka v&nbsp;hole\u0161ovick\u00e9 tr\u017enici.\u00a0Mohutn\u00e1 le\u017e\u00edc\u00ed socha Hlava Nemtudomky vytvo\u0159en\u00e1 studentem AVU Jakubem Br\u00e1zdou upozorn\u00ed kolemjdouc\u00ed na pam\u00e1tku ob\u011bt\u00ed holokaustu Rom\u016f a&nbsp;Sint\u016f &#8211; a&nbsp;tak\u00e9 na skute\u010dnost, \u017ee v&nbsp;hlavn\u00edm m\u011bst\u011b dosud nen\u00ed pietn\u00ed m\u00edsto, kter\u00e9 by tyto ob\u011bti p\u0159ipom\u00ednalo. Akce se kon\u00e1 v&nbsp;r\u00e1mci projektu Dobr\u00fd den! La\u010dho \u010fives! obecn\u011b prosp\u011b\u0161n\u00e9 spole\u010dnosti <a href=\"https:\/\/www.zivapamet.cz\/\">\u017div\u00e1 pam\u011b\u0165<\/a>.<\/p>\r\n<p>[\/perex]<\/p>\r\n<p><strong>Program\u00a0<\/strong><\/p>\r\n<ul>\r\n\t<li><strong>8:00<\/strong> Projekce filmu Muzea romsk\u00e9 kultury \u2026 to jsou t\u011b\u017ek\u00e9 vzpom\u00ednky a&nbsp;diskuze s&nbsp;historikem Michalem Schusterem v&nbsp;BIO OKO.\u00a0<em>Jedn\u00e1 se o&nbsp;uzav\u0159enou akci pro \u017e\u00e1ky 9.&nbsp;t\u0159\u00edd Z\u0160<\/em>.<\/li>\r\n\t<li><strong>13:30<\/strong> Slavnostn\u00ed odhalen\u00ed sochy Nemtudomky Jakuba Br\u00e1zdy v&nbsp;Pra\u017esk\u00e9 tr\u017enici (mezi halami \u010d. 25 a&nbsp;24 &#8211; p\u0159ed infost\u00e1nkem). Zazn\u00ed skladba \u201e1396&#8243; pro ob\u011bti t\u00e1bora Hodon\u00edn u&nbsp;Ku\u0161t\u00e1tu Pavla Nesita.<\/li>\r\n\t<li><strong>14:00 &#8211; 17:00<\/strong> V\u00fdstava Zapomenut\u00fd holokaust.<\/li>\r\n<\/ul>\r\n<p>FB Ud\u00e1lost\u00a0<a href=\"https:\/\/www.facebook.com\/events\/302484481935715\" target=\"_blank\" rel=\"noopener\">P\u0159ipom\u00ednka ob\u011bt\u00ed holokaustu Rom\u016f a&nbsp;Sint\u016f<\/a><\/p>\r\n<p>Jen na \u00fazem\u00ed \u010ceskoslovenska byly z\u0159\u00edzeny dva sb\u011brn\u00e9 t\u00e1bory pro Romy a&nbsp;Sinty, v&nbsp;Letech u&nbsp;P\u00edsku a&nbsp;v&nbsp;Hodon\u00edn\u011b u&nbsp;Kun\u0161t\u00e1tu. V\u011bt\u0161ina zdej\u0161\u00edch v\u011bz\u0148\u016f byla d\u00e1le deportov\u00e1na do dal\u0161\u00edch koncentra\u010dn\u00edch t\u00e1bor\u016f, zejm\u00e9na Osv\u011btimi, odkud se jich vr\u00e1til pouze zlomek.<\/p>\r\n<p>Na pietn\u00ed akt nav\u00e1\u017ee otev\u0159en\u00ed v\u00fdstavy Zapomenut\u00fd holokaust v&nbsp;jedn\u00e9 z&nbsp;opu\u0161t\u011bn\u00fdch hal v&nbsp;Pra\u017esk\u00e9 tr\u017enici. P\u0159echodn\u00e1 instalace p\u0159edstav\u00ed ve\u0159ejnosti dal\u0161\u00ed p\u0159\u00edsp\u011bvky student\u016f vysok\u00fdch \u0161kol z&nbsp;v\u00fd\u0161e uveden\u00e9 sout\u011b\u017ee, kter\u00e9 se um\u011blecky zab\u00fdvaj\u00ed t\u00e9matem p\u0159ipom\u00ednky holokaustu Rom\u016f a&nbsp;Sint\u016f.<\/p>","protected":false},"excerpt":{"rendered":"[perex] U&nbsp;p\u0159\u00edle\u017eitosti Mezin\u00e1rodn\u00edho dne pam\u00e1tky ob\u011bt\u00ed holocaustu a&nbsp;p\u0159edch\u00e1zen\u00ed zlo\u010din\u016fm proti lidskosti prob\u011bhne ve \u010dtvrtek 27.&nbsp;ledna 2022\u00a0instalace v\u00edt\u011bzn\u00e9ho p\u0159\u00edsp\u011bvku\u00a0ze Sout\u011b\u017ee Em\u00edlie Mach\u00e1lkov\u00e9 a&nbsp;Karla Holomka v&nbsp;hole\u0161ovick\u00e9 tr\u017enici.\u00a0Mohutn\u00e1 le\u017e\u00edc\u00ed socha Hlava Nemtudomky vytvo\u0159en\u00e1 studentem AVU Jakubem Br\u00e1zdou upozorn\u00ed kolemjdouc\u00ed na pam\u00e1tku ob\u011bt\u00ed holokaustu Rom\u016f a&nbsp;Sint\u016f &#8211; a&nbsp;tak\u00e9 na skute\u010dnost, \u017ee v&nbsp;hlavn\u00edm m\u011bst\u011b dosud nen\u00ed pietn\u00ed m\u00edsto, kter\u00e9 [&hellip;]","protected":false},"author":97,"featured_media":54157,"comment_status":"closed","ping_status":"open","sticky":false,"template":"","format":"standard","meta":[],"categories":[34],"tags":[],"_links":{"self":[{"href":"https:\/\/www.praha7.cz\/api\/wp\/v2\/posts\/54153"}],"collection":[{"href":"https:\/\/www.praha7.cz\/api\/wp\/v2\/posts"}],"about":[{"href":"https:\/\/www.praha7.cz\/api\/wp\/v2\/types\/post"}],"author":[{"embeddable":true,"href":"https:\/\/www.praha7.cz\/api\/wp\/v2\/users\/97"}],"replies":[{"embeddable":true,"href":"https:\/\/www.praha7.cz\/api\/wp\/v2\/comments?post=54153"}],"version-history":[{"count":13,"href":"https:\/\/www.praha7.cz\/api\/wp\/v2\/posts\/54153\/revisions"}],"predecessor-version":[{"id":54179,"href":"https:\/\/www.praha7.cz\/api\/wp\/v2\/posts\/54153\/revisions\/54179"}],"wp:featuredmedia":[{"embeddable":true,"href":"https:\/\/www.praha7.cz\/api\/wp\/v2\/media\/54157"}],"wp:attachment":[{"href":"https:\/\/www.praha7.cz\/api\/wp\/v2\/media?parent=54153"}],"wp:term":[{"taxonomy":"category","embeddable":true,"href":"https:\/\/www.praha7.cz\/api\/wp\/v2\/categories?post=54153"},{"taxonomy":"post_tag","embeddable":true,"href":"https:\/\/www.praha7.cz\/api\/wp\/v2\/tags?post=54153"}],"curies":[{"name":"wp","href":"https:\/\/api.w.org\/{rel}","templated":true}]}}