    
{"id":54089,"date":"2022-01-24T15:55:54","date_gmt":"2022-01-24T14:55:54","guid":{"rendered":"https:\/\/www.praha7.cz\/?p=54089"},"modified":"2022-01-24T15:55:55","modified_gmt":"2022-01-24T14:55:55","slug":"osvetou-k-blahobytu-iii","status":"publish","type":"post","link":"https:\/\/www.praha7.cz\/osvetou-k-blahobytu-iii\/","title":{"rendered":"Osv\u011btou k&nbsp;blahobytu III."},"content":{"rendered":"<p>[perex]<\/p>\r\n<p>V\u00fdsledky prvn\u00ed sv\u011btov\u00e9 v\u00e1lky p\u0159inesly \u010cech\u016fm a&nbsp;Slov\u00e1k\u016fm k\u00fd\u017eenou svobodu, kter\u00e1 byla stvrzena vznikem spole\u010dn\u00e9ho st\u00e1tu. Nov\u00e1 republika ale musela hned od po\u010d\u00e1tku \u010delit zna\u010dn\u00fdm obt\u00ed\u017e\u00edm, krom\u011b ohro\u017een\u00ed zvn\u011bj\u0161ku zejm\u00e9na probl\u00e9m\u016fm v&nbsp;oblasti z\u00e1sobov\u00e1n\u00ed obyvatel z\u00e1kladn\u00edmi pot\u0159ebami. V\u00fdjimkou nebylo ani hlavn\u00ed m\u011bsto Praha, ani jeho sedm\u00e1 \u010d\u00e1st.<\/p>\r\n<p>[\/perex]<\/p>\r\n<p>Je\u0161t\u011b \u0159adu m\u011bs\u00edc\u016f po slavn\u00e9m 28.&nbsp;\u0159\u00edjnu se obyvatel\u00e9 (zvl\u00e1\u0161t\u011b m\u011bst) pot\u00fdkali s&nbsp;nedostatkem potravin, byl tak\u00e9 citeln\u00fd nedostatek byt\u016f a&nbsp;firmy a&nbsp;tov\u00e1rny se jen pomalu vracely k&nbsp;pln\u00e9mu provozu.<\/p>\r\n<p>V p\u00e1tek 19.&nbsp;kv\u011btna prob\u011bhla na \u00fazem\u00ed Velk\u00e9 Prahy gener\u00e1ln\u00ed st\u00e1vka, Prahou pro\u0161el pr\u016fvod \u010d\u00edtaj\u00edc\u00ed sto tis\u00edc hlav. Shrom\u00e1\u017ed\u011bn\u00ed se konalo i&nbsp;v&nbsp;srdci Prahy&nbsp;7, na Strossmayerov\u011b n\u00e1m\u011bst\u00ed, za \u00fa\u010dasti v\u00edce ne\u017e \u010dty\u0159 tis\u00edcovek protestuj\u00edc\u00edch. St\u00e1vkuj\u00edc\u00ed kolegy z&nbsp;pr\u016fmyslov\u00fdch firem svou p\u0159\u00edtomnost\u00ed podpo\u0159ili z\u0159\u00edzenci Elektrick\u00fdch podnik\u016f i&nbsp;\u017eelezni\u010d\u00e1\u0159i z&nbsp;n\u00e1dra\u017e\u00ed Bubny. St\u00e1vka nakonec skon\u010dila v\u00edt\u011bzstv\u00edm d\u011bln\u00edk\u016f, pl\u00e1novan\u00e9 sn\u00ed\u017een\u00ed mezd bylo odlo\u017eeno na neur\u010dito.<\/p>\r\n<p>V\u0161echny \u010d\u00e1sti Prahy&nbsp;7 a&nbsp;zejm\u00e9na Hole\u0161ovice si i&nbsp;po velk\u00e9 v\u00e1lce udr\u017eely sv\u016fj pr\u016fmyslov\u00fd charakter, s&nbsp;\u010d\u00edm\u017e \u00fazce souviselo tak\u00e9 slo\u017een\u00ed zdej\u0161\u00edch obyvatel. Dle prvn\u00edho pov\u00e1le\u010dn\u00e9ho s\u010d\u00edt\u00e1n\u00ed obyvatelstva v&nbsp;roce 1921 m\u011bla na\u0161e \u010dtvr\u0165 ji\u017e v\u00edce ne\u017e 46 tis\u00edc obyvatel. Z&nbsp;nich p\u0159es 40&nbsp;% pracovalo v&nbsp;pr\u016fmyslu a&nbsp;v&nbsp;drobn\u00fdch \u017eivnostech.<\/p>\r\n<p><strong>Spartaki\u00e1da na Manin\u00e1ch<\/strong><br \/>\r\nZdej\u0161\u00ed d\u011bln\u00edci se pom\u011brn\u011b brzy za\u010dali hl\u00e1sit o&nbsp;sv\u00e1 pr\u00e1va. K&nbsp;tomu p\u0159isp\u011blo i&nbsp;pnut\u00ed uvnit\u0159 d\u011blnick\u00e9ho hnut\u00ed, p\u0159edev\u0161\u00edm v&nbsp;r\u00e1mci soci\u00e1ln\u00ed demokracie, od kter\u00e9 se tehdy odd\u011blovala jej\u00ed levicov\u00e1 frakce a&nbsp;jej\u00ed\u017e \u010dlenov\u00e9 na ja\u0159e 1921 vytvo\u0159ili komunistickou stranu. V&nbsp;prosinci 1920 dokonce soci\u00e1ln\u011bdemokratick\u00e1 levice vyhl\u00e1sila gener\u00e1ln\u00ed st\u00e1vku, kter\u00e1 ov\u0161em nebyla p\u0159\u00edli\u0161 \u00fasp\u011b\u0161n\u00e1. Centrem st\u00e1vkov\u00e9ho hnut\u00ed se stalo st\u0159edo\u010desk\u00e9 Kladno s&nbsp;tis\u00edcovkami horn\u00edk\u016f pracuj\u00edc\u00edch ve zdej\u0161\u00edm uheln\u00e9m rev\u00edru.<\/p>\r\n<p>Protest nakonec skon\u010dil ne\u00fasp\u011bchem \u2013 k&nbsp;\u010demu\u017e z\u0159ejm\u011b p\u0159isp\u011bl fakt, \u017ee \u0159ada d\u011bln\u00edk\u016f nem\u011bla z\u00e1jem aktivn\u011b vstupovat do sporu, kter\u00fd se net\u00fdkal bezprost\u0159edn\u011b jejich z\u00e1jm\u016f, n\u00fdbr\u017e jen vnitrostranick\u00fdch p\u016ftek. P\u0159esto hnut\u00ed kladensk\u00fdch horn\u00edk\u016f rezonovalo i&nbsp;v&nbsp;Praze 7, hlavn\u011b mezi zam\u011bstnanci n\u00e1dra\u017e\u00ed Bubny a&nbsp;zdej\u0161\u00edch oprav\u00e1rensk\u00fdch d\u00edlen. Sem tak\u00e9 vedla \u017eeleznice z&nbsp;Kladna, a&nbsp;proto byly Bubny v\u017edy c\u00edlem horn\u00edk\u016f m\u00ed\u0159\u00edc\u00edch na pra\u017esk\u00e9 demonstrace. St\u00e1tn\u00ed spr\u00e1va na to v&nbsp;dubnu 1921 reagovala pos\u00edlen\u00edm zdej\u0161\u00ed stanice, nov\u011b zde slou\u017eilo 50 \u010detn\u00edk\u016f a&nbsp;k&nbsp;udr\u017een\u00ed klidu byl dokonce povol\u00e1n odd\u00edl voj\u00e1k\u016f z&nbsp;Terez\u00edna.<\/p>\r\n<p><a href=\"https:\/\/www.praha7.cz\/osvetou-k-blahobytu-iii\/04-vez%cc%87ejna-cviu%cc%88en-dtj-letn%e2%80%a0-p7-30-b\/\" rel=\"attachment wp-att-54096\"><img loading=\"lazy\" src=\"https:\/\/www.praha7.cz\/wp-content\/uploads\/2022\/01\/04-vez\u0307ejna\u0304-cviu\u0308en\u00b0-DTJ-Letn\u2020-P7-30-b-1500x838.jpg\" alt=\"\" width=\"640\" height=\"358\" class=\"alignnone wp-image-54096 size-large\" srcset=\"https:\/\/www.praha7.cz\/wp-content\/uploads\/2022\/01\/04-vez\u0307ejna\u0304-cviu\u0308en\u00b0-DTJ-Letn\u2020-P7-30-b-1500x838.jpg 1500w, https:\/\/www.praha7.cz\/wp-content\/uploads\/2022\/01\/04-vez\u0307ejna\u0304-cviu\u0308en\u00b0-DTJ-Letn\u2020-P7-30-b-600x335.jpg 600w, https:\/\/www.praha7.cz\/wp-content\/uploads\/2022\/01\/04-vez\u0307ejna\u0304-cviu\u0308en\u00b0-DTJ-Letn\u2020-P7-30-b-768x429.jpg 768w, https:\/\/www.praha7.cz\/wp-content\/uploads\/2022\/01\/04-vez\u0307ejna\u0304-cviu\u0308en\u00b0-DTJ-Letn\u2020-P7-30-b.jpg 1514w\" sizes=\"(max-width: 640px) 100vw, 640px\" \/><\/a><br \/>\r\n<em>Ve\u0159ejn\u00e9 cvi\u010den\u00ed D\u011blnick\u00e9 t\u011blov\u00fdchovn\u00e9 jednoty na Letn\u00e9 v&nbsp;\u010dervnu 1930<\/em><\/p>\r\n<p>&nbsp;<\/p>\r\n<p>D\u016fsledkem politick\u00e9 krize d\u011blnick\u00e9ho hnut\u00ed bylo i&nbsp;rozd\u011blen\u00ed t\u011blocvi\u010dn\u00e9 organizace, kter\u00e1 fungovala pod kuratelou soci\u00e1ln\u00ed demokracie. V&nbsp;\u010dervnu se od dosud funguj\u00edc\u00ed D\u011blnick\u00e9 t\u011blov\u00fdchovn\u00e9 jednoty (DTJ) odd\u011blili p\u0159\u00edznivci nov\u011b vznikaj\u00edc\u00ed komunistick\u00e9 strany a&nbsp;vytvo\u0159ili konkuren\u010dn\u00ed Federaci d\u011blnick\u00fdch t\u011blocvi\u010dn\u00fdch jednot (FDTJ). Situace do\u0161la tak daleko, \u017ee ob\u011b organizace po\u0159\u00e1daly na konci \u010dervna 1921 prakticky soub\u011b\u017en\u011b sv\u00e9 slavnosti, p\u0159i\u010dem\u017e ob\u011b se konaly na \u00fazem\u00ed Prahy&nbsp;7. Komunist\u00e9 z&nbsp;FDTJ narychlo vybudovali improvizovan\u00fd stadion a&nbsp;uspo\u0159\u00e1dali d\u011blnickou spartaki\u00e1du na Manin\u00e1ch. Soci\u00e1ln\u00ed demokrat\u00e9 z&nbsp;DTJ se pak se\u0161li na d\u011blnick\u00e9 olympi\u00e1d\u011b na Letensk\u00e9 pl\u00e1ni.<\/p>\r\n<p><strong>Svazy a&nbsp;protesty<\/strong><br \/>\r\nZ\u0159ejm\u011b v\u00edce ne\u017e rozkol ve \u201esv\u00e9\u201c politick\u00e9 stran\u011b ale d\u011bln\u00edci \u0159e\u0161ili vlastn\u00ed situaci. Po prvn\u00ed sv\u011btov\u00e9 v\u00e1lce se je\u0161t\u011b v\u00edce prosadil vliv organizac\u00ed, kter\u00e9 sdru\u017eovaly d\u011bln\u00edky a&nbsp;pracuj\u00edc\u00ed v&nbsp;jednotliv\u00fdch oborech. Za zam\u011bstnance tak vystupoval nap\u0159\u00edklad Svaz kovod\u011bln\u00edk\u016f, velice siln\u00fd v&nbsp;Praze 7 vzhledem k&nbsp;mno\u017estv\u00ed zdej\u0161\u00edch stroj\u00edrensk\u00fdch firem. Pr\u00e1v\u011b d\u011bln\u00edci stroj\u00edren z&nbsp;Prahy a&nbsp;okol\u00ed se pustili do prvn\u00edch v\u00fdznamn\u011bj\u0161\u00edch protest\u016f na ja\u0159e 1921. Bylo toti\u017e nutn\u00e9 vyjednat novou kolektivn\u00ed smlouvu, ta st\u00e1vaj\u00edc\u00ed z&nbsp;roku 1912 navzdory \u010detn\u00fdm dodatk\u016fm p\u0159estala b\u00fdt koncem roku 1920 \u00fa\u010dinn\u00e1. Z\u00e1stupci zam\u011bstnanc\u016f cht\u011bli do nov\u00e9 smlouvy prosadit n\u011bkolik sv\u00fdch po\u017eadavk\u016f, zejm\u00e9na zv\u00fd\u0161en\u00ed minim\u00e1ln\u00ed mzdy, prodlou\u017een\u00ed dovolen\u00e9 (na 10 dn\u016f!) nebo pod\u00edl na zisku firem pro\u00a0d\u011blnictvo. Dal\u0161\u00ed po\u017eadavky se t\u00fdkaly jednac\u00edho \u0159\u00e1du, tzv. tov\u00e1rn\u00edch v\u00fdbor\u016f. Tyto org\u00e1ny, kter\u00e9 byly tvo\u0159eny zam\u011bstnanci tov\u00e1ren, m\u011bly ur\u010dit\u00fd vliv na chod firem \u2013 zab\u00fdvaly se pracovn\u00edmi podm\u00ednkami, ale i&nbsp;nap\u0159. p\u0159ij\u00edm\u00e1n\u00edm \u010di propou\u0161t\u011bn\u00edm zam\u011bstnanc\u016f. D\u011bln\u00edci \u017e\u00e1dali o&nbsp;pos\u00edlen\u00ed pravomoc\u00ed t\u011bchto rad.<\/p>\r\n<p>Ob\u011b strany, tedy d\u011bln\u00edci a&nbsp;zam\u011bstnavatel\u00e9, se ani po slo\u017eit\u00fdch jedn\u00e1n\u00edch nedohodly. D\u011bln\u00edci stroj\u00edrensk\u00fdch firem v&nbsp;Praze a&nbsp;ve st\u0159edn\u00edch \u010cech\u00e1ch se na po\u010d\u00e1tku kv\u011btna 1921 rozhodli vstoupit do st\u00e1vky. Ze zdej\u0161\u00edch tov\u00e1ren se prvn\u00ed p\u0159ipojilo 360 \u201ekov\u00e1k\u016f\u201c z&nbsp;podniku Nov\u00e1k a&nbsp;Jahn u\u017e 4.&nbsp;kv\u011btna, na konci m\u011bs\u00edce je pak podpo\u0159ili kolegov\u00e9 z&nbsp;dal\u0161\u00edch firem, nap\u0159. Vincenc Ge\u010dmen, Roub\u00ed\u010dek \u010di Fross a&nbsp;B\u00fcssing. Celkem vstoupilo do st\u00e1vky p\u0159es 32&nbsp;000 d\u011bln\u00edk\u016f, z&nbsp;toho 1&nbsp;236 jich p\u0159eru\u0161ilo pr\u00e1ci ve firm\u00e1ch v&nbsp;Praze 7. Vyjedn\u00e1v\u00e1n\u00ed mezi ob\u011bma stranami nakonec skon\u010dilo za \u00fa\u010dasti ministra soci\u00e1ln\u00ed p\u00e9\u010de JUDr. Grubera kompromisem.<\/p>\r\n<p>Prakticky p\u0159esn\u011b o&nbsp;rok pozd\u011bji v\u0161ak kovod\u011bln\u00edci p\u0159eru\u0161ili pr\u00e1ci znovu. Reagovali tak na n\u00e1vrh majitel\u016f tov\u00e1ren sn\u00ed\u017eit mzdy d\u011bln\u00edk\u016f o&nbsp;cel\u00fdch 25 %, a&nbsp;to vzhledem k&nbsp;nastal\u00e9 odbytov\u00e9 krizi. Tentokr\u00e1t se k&nbsp;protestu p\u0159ipojili pracuj\u00edc\u00ed z&nbsp;jeden\u00e1cti \u201esedmi\u010dkov\u00fdch\u201c firem.\u00a0V p\u00e1tek 19.&nbsp;kv\u011btna prob\u011bhla na \u00fazem\u00ed Velk\u00e9 Prahy gener\u00e1ln\u00ed st\u00e1vka, Prahou pro\u0161el pr\u016fvod \u010d\u00edtaj\u00edc\u00ed sto tis\u00edc hlav. Shrom\u00e1\u017ed\u011bn\u00ed se konalo i&nbsp;v&nbsp;srdci Prahy&nbsp;7, na Strossmayerov\u011b n\u00e1m\u011bst\u00ed, za \u00fa\u010dasti v\u00edce ne\u017e \u010dty\u0159 tis\u00edcovek protestuj\u00edc\u00edch. St\u00e1vkuj\u00edc\u00ed kolegy z&nbsp;pr\u016fmyslov\u00fdch firem svou p\u0159\u00edtomnost\u00ed podpo\u0159ili z\u0159\u00edzenci Elektrick\u00fdch podnik\u016f i&nbsp;\u017eelezni\u010d\u00e1\u0159i z&nbsp;n\u00e1dra\u017e\u00ed Bubny. St\u00e1vka nakonec skon\u010dila v\u00edt\u011bzstv\u00edm d\u011bln\u00edk\u016f, pl\u00e1novan\u00e9 sn\u00ed\u017een\u00ed mezd bylo odlo\u017eeno na neur\u010dito.<\/p>\r\n<p><strong>Nakupujte ve V\u010dele<\/strong><br \/>\r\nVzhledem ke struktu\u0159e zdej\u0161\u00edch obyvatel nen\u00ed p\u0159ekvapuj\u00edc\u00ed, \u017ee fandili p\u0159edev\u0161\u00edm levicov\u00fdm stran\u00e1m. V&nbsp;komun\u00e1ln\u00edch volb\u00e1ch v&nbsp;z\u00e1\u0159\u00ed 1923 zde komunistick\u00e1 strana z\u00edskala p\u0159es p\u011bt tis\u00edc hlas\u016f, a&nbsp;obsadila tak ve \u010dtvrti pomysln\u00e9 druh\u00e9 m\u00edsto, zat\u00edmco v&nbsp;r\u00e1mci Velk\u00e9 Prahy skon\u010dili komunist\u00e9 a\u017e t\u0159et\u00ed.<\/p>\r\n<p>B\u011bhem obdob\u00ed prvn\u00ed republiky bylo stranictv\u00ed, respektive \u010dlenstv\u00ed v&nbsp;politick\u00fdch stran\u00e1ch\u00a0podstatn\u011b \u010dast\u011bj\u0161\u00ed ne\u017e dnes. Pod patronac\u00ed partaj\u00ed tak\u00e9 fungovala \u0159ada organizac\u00ed \u2013 o&nbsp;t\u011blov\u00fdchovn\u00fdch ji\u017e byla \u0159e\u010d, strany tak\u00e9 organizovaly sv\u016fj dorost v&nbsp;ml\u00e1de\u017enick\u00fdch sdru\u017een\u00edch, zakl\u00e1daly dru\u017estva nebo vytv\u00e1\u0159ely s\u00ed\u0165 podp\u016frn\u00fdch organizac\u00ed. Obzvl\u00e1\u0161\u0165 v&nbsp;tom vynikali agr\u00e1rn\u00edci, ale ani levicov\u00e9 strany nez\u016fst\u00e1valy pozadu. Samoz\u0159ejm\u011b i&nbsp;jednotliv\u00e9 odborov\u00e9 svazy, jakkoli se tv\u00e1\u0159ily jako nez\u00e1visl\u00e9, podl\u00e9haly politick\u00fdm stran\u00e1m a&nbsp;jejich z\u00e1jm\u016fm. Nejednotnost v\u0161ak v&nbsp;kone\u010dn\u00e9m d\u016fsledku vedla k&nbsp;obt\u00ed\u017en\u011bj\u0161\u00edmu prosazov\u00e1n\u00ed po\u017eadavk\u016f.<\/p>\r\n<p>Centrem soci\u00e1ln\u00edch demokrat\u016f v&nbsp;Praze 7 byl d\u016fm \u010d. p. 51 ve Veletr\u017en\u00ed ulici. S\u00eddlil zde okresn\u00ed v\u00fdkonn\u00fd v\u00fdbor, sbor d\u016fv\u011brn\u00edk\u016f, osv\u011btov\u00fd odbor d\u011blnick\u00e9 akademie nebo stavebn\u00ed dru\u017estvo Lidov\u00fd d\u016fm. Podobn\u011b na tom byli i&nbsp;zdej\u0161\u00ed komunist\u00e9 \u2013 jejich organizace s\u00eddlily na n\u011bkolika adres\u00e1ch v&nbsp;Praze 7, na B\u011blsk\u00e9ho t\u0159\u00edd\u011b (dnes Dukelsk\u00fdch hrdin\u016f) \u010d. p. 572, v&nbsp;Libe\u0148sk\u00e9 ulici (dnes Tusarova) \u010d. p. 539 nebo v&nbsp;Rohansk\u00e9 (dnes Komunard\u016f) \u010d. p. 1&nbsp;180. Sv\u016fj \u201ehlavn\u00ed stan\u201c ale m\u011bli komunist\u00e9 v&nbsp;Jablonsk\u00e9ho ulici v&nbsp;dnes ji\u017e neexistuj\u00edc\u00edm dom\u011b \u010d. p. 224. Pr\u00e1v\u011b zde se sch\u00e1zeli stran\u00edci ke sv\u00fdm sch\u016fz\u00edm, fungoval tu i&nbsp;hostinec. Komunist\u00e9 tak\u00e9 ve dvac\u00e1t\u00fdch letech minul\u00e9ho stolet\u00ed prakticky ovl\u00e1dli dru\u017estvo V\u010dela, kter\u00e9 provozovalo v&nbsp;Praze 7 p\u011bt \u201ekonsumn\u00edch\u201c prodejen.<\/p>\r\n<p><a href=\"https:\/\/www.praha7.cz\/osvetou-k-blahobytu-iii\/03-prodejna-vu%cc%88ela\/\" rel=\"attachment wp-att-54094\"><img loading=\"lazy\" src=\"https:\/\/www.praha7.cz\/wp-content\/uploads\/2022\/01\/03-prodejna-Vu\u0308ela-600x354.jpg\" alt=\"\" width=\"600\" height=\"354\" class=\"alignnone wp-image-54094 size-medium\" srcset=\"https:\/\/www.praha7.cz\/wp-content\/uploads\/2022\/01\/03-prodejna-Vu\u0308ela-600x354.jpg 600w, https:\/\/www.praha7.cz\/wp-content\/uploads\/2022\/01\/03-prodejna-Vu\u0308ela-768x453.jpg 768w, https:\/\/www.praha7.cz\/wp-content\/uploads\/2022\/01\/03-prodejna-Vu\u0308ela-1500x884.jpg 1500w\" sizes=\"(max-width: 600px) 100vw, 600px\" \/><\/a><\/p>\r\n<p><strong>Problematick\u00e1 Jossovka<\/strong><br \/>\r\nV&nbsp;druh\u00e9 polovin\u011b dvac\u00e1t\u00fdch let do\u0161lo k&nbsp;hospod\u00e1\u0159sk\u00e9mu o\u017eiven\u00ed, co\u017e se odrazilo i&nbsp;v&nbsp;ni\u017e\u0161\u00edm po\u010dtu d\u011blnick\u00fdch protest\u016f. V\u00fdjimkou byla jen st\u00e1vka pracuj\u00edc\u00edch v&nbsp;textiln\u00edm pr\u016fmyslu, kter\u00e1 se odehr\u00e1la v&nbsp;obdob\u00ed \u00fanora a\u017e dubna 1926. Tento segment pr\u016fmyslu byl tradi\u010dn\u011b nechvaln\u011b proslul\u00fd n\u00edzk\u00fdmi mzdami i&nbsp;velmi \u0161patn\u00fdmi pracovn\u00edmi podm\u00ednkami. Pracovalo se zde a\u017e 16 hodin denn\u011b, v\u00edce ne\u017e 90&nbsp;% zam\u011bstnanc\u016f tvo\u0159ily d\u011blnice, \u010dasto je\u0161t\u011b mladistv\u00e9. V&nbsp;Praze 7 se st\u00e1vkovalo zejm\u00e9na v&nbsp;tzv. Jossovce, v&nbsp;tov\u00e1rn\u011b Joss &amp; L\u00f6wenstein, jej\u00ed\u017e are\u00e1l st\u00e1val na rohu ulic Milady Hor\u00e1kov\u00e9 a&nbsp;Franti\u0161ka K\u0159\u00ed\u017eka. J\u00e1drem protestu bylo odm\u00edtnut\u00ed pl\u00e1novan\u00e9ho sni\u017eov\u00e1n\u00ed mezd. \u010c\u00e1st zam\u011bstnanky\u0148 se tak\u00e9 vymezovala proti nutnosti kupovat materi\u00e1l nutn\u00fd pro v\u00fdrobu (nit\u011b). Po n\u011bkolik t\u00fddnech skon\u010dila st\u00e1vka v\u00edt\u011bzstv\u00edm protestuj\u00edc\u00edch.<\/p>\r\n<p>Dal\u0161\u00ed vlna d\u011blnick\u00fdch protest\u016f v&nbsp;Praze 7 p\u0159i\u0161la v&nbsp;souvislosti s&nbsp;hospod\u00e1\u0159skou kriz\u00ed na p\u0159elomu dvac\u00e1t\u00fdch a&nbsp;t\u0159ic\u00e1t\u00fdch let. Pr\u016fvodn\u00edm znakem krize bylo omezov\u00e1n\u00ed v\u00fdroby a&nbsp;propou\u0161t\u011bn\u00ed, v&nbsp;Praze 7 byly posti\u017eeny zejm\u00e9na stroj\u00edrensk\u00e9 firmy (Nov\u00e1k a&nbsp;Jahn, Umrath a&nbsp;dal\u0161\u00ed). O&nbsp;pr\u00e1ci byla takov\u00e1 nouze, \u017ee d\u011bln\u00edci a&nbsp;d\u011blnice, kte\u0159\u00ed si pr\u00e1ci udr\u017eeli, mnohem snadn\u011bji p\u0159istoupili na redukci mezd \u010di p\u0159ijali zhor\u0161en\u00ed pracovn\u00edch podm\u00ednek. P\u0159esto prob\u011bhlo na po\u010d\u00e1tku t\u0159ic\u00e1t\u00fdch let n\u011bkolik st\u00e1vek v&nbsp;p\u0159\u00e1deln\u011b Mahler (1930), op\u011bt v&nbsp;tov\u00e1rn\u011b na ko\u0161ile Joss &amp; L\u00f6wenstein (1931) nebo v&nbsp;tov\u00e1rn\u011b na l\u00edmce Erco (1931).<\/p>\r\n<p>K ur\u010dit\u00e9mu zlep\u0161en\u00ed situace do\u0161lo a\u017e v&nbsp;druh\u00e9 polovin\u011b t\u0159ic\u00e1t\u00fdch let. Tehdy byl ji\u017e tak\u00e9 velice patrn\u00fd \u00fastup pr\u016fmyslov\u00fdch z\u00e1vod\u016f z&nbsp;oblasti Bubn\u016f a&nbsp;Letn\u00e9, dokonce i&nbsp;veden\u00ed \u201enejproblemati\u010dt\u011bj\u0161\u00ed\u201c tov\u00e1rny Joss &amp; L\u00f6wenstein uzav\u0159elo na po\u010d\u00e1tku roku 1935 letensk\u00fd z\u00e1vod. V\u00fdroba byla p\u0159esunuta do pobo\u010dky do Vimperka, kde byla levn\u011bj\u0161\u00ed pracovn\u00ed s\u00edla. Na m\u00edst\u011b fabriky nechal koncem t\u0159ic\u00e1t\u00fdch let Penzijn\u00ed fond zam\u011bstnanc\u016f N\u00e1rodn\u00ed banky \u010deskoslovensk\u00e9 vystav\u011bt bytov\u00fd komplex s&nbsp;kinem Oko. Naproti tomu Hole\u0161ovice z\u016fstaly pr\u016fmyslovou oblast\u00ed i&nbsp;po velkou \u010d\u00e1st 20.&nbsp;stolet\u00ed.<\/p>\r\n<p>Na \u00fapln\u00e9m konci t\u0159ic\u00e1t\u00fdch let v&nbsp;dob\u00e1ch ohro\u017een\u00ed se d\u011bln\u00edci i&nbsp;politick\u00e9 strany (v\u010detn\u011b dosud nest\u00e1totvorn\u00e9 KS\u010c), kter\u00e9 reprezentovaly jejich z\u00e1jmy, semkli s&nbsp;ostatn\u00edmi vrstvami spole\u010dnosti v&nbsp;z\u00e1pase o&nbsp;uchov\u00e1n\u00ed \u010deskoslovensk\u00e9 st\u00e1tnosti. Praha&nbsp;7 se tehdy stala d\u011bji\u0161t\u011bm sr\u00e1\u017eek mezi d\u011bln\u00edky a&nbsp;zast\u00e1nci radik\u00e1ln\u00ed pravice, je\u017e zde m\u011bla pom\u011brn\u011b siln\u00e9 pozice.<br \/>\r\n<br \/>\r\n<a href=\"https:\/\/www.praha7.cz\/osvetou-k-blahobytu-iii\/02-scho%cc%88ze-do%cc%88m-komunisto%cc%88-0112-1932\/\" rel=\"attachment wp-att-54095\"><img loading=\"lazy\" src=\"https:\/\/www.praha7.cz\/wp-content\/uploads\/2022\/01\/02-schO\u0308ze-dO\u0308m-komunistO\u0308-0112-1932.jpg\" alt=\"\" width=\"1181\" height=\"674\" class=\"alignnone wp-image-54095 size-full\" srcset=\"https:\/\/www.praha7.cz\/wp-content\/uploads\/2022\/01\/02-schO\u0308ze-dO\u0308m-komunistO\u0308-0112-1932.jpg 1181w, https:\/\/www.praha7.cz\/wp-content\/uploads\/2022\/01\/02-schO\u0308ze-dO\u0308m-komunistO\u0308-0112-1932-600x342.jpg 600w, https:\/\/www.praha7.cz\/wp-content\/uploads\/2022\/01\/02-schO\u0308ze-dO\u0308m-komunistO\u0308-0112-1932-768x438.jpg 768w\" sizes=\"(max-width: 1181px) 100vw, 1181px\" \/><\/a><em>Pozv\u00e1nka na akci konanou v&nbsp;Dom\u011b komunist\u016f v&nbsp;Rajsk\u00e9 ulici v&nbsp;prosinci 1932<\/em><\/p>","protected":false},"excerpt":{"rendered":"[perex] V\u00fdsledky prvn\u00ed sv\u011btov\u00e9 v\u00e1lky p\u0159inesly \u010cech\u016fm a&nbsp;Slov\u00e1k\u016fm k\u00fd\u017eenou svobodu, kter\u00e1 byla stvrzena vznikem spole\u010dn\u00e9ho st\u00e1tu. Nov\u00e1 republika ale musela hned od po\u010d\u00e1tku \u010delit zna\u010dn\u00fdm obt\u00ed\u017e\u00edm, krom\u011b ohro\u017een\u00ed zvn\u011bj\u0161ku zejm\u00e9na probl\u00e9m\u016fm v&nbsp;oblasti z\u00e1sobov\u00e1n\u00ed obyvatel z\u00e1kladn\u00edmi pot\u0159ebami. V\u00fdjimkou nebylo ani hlavn\u00ed m\u011bsto Praha, ani jeho sedm\u00e1 \u010d\u00e1st. [\/perex] Je\u0161t\u011b \u0159adu m\u011bs\u00edc\u016f po slavn\u00e9m 28.&nbsp;\u0159\u00edjnu se obyvatel\u00e9 [&hellip;]","protected":false},"author":76,"featured_media":54091,"comment_status":"closed","ping_status":"open","sticky":false,"template":"","format":"standard","meta":[],"categories":[37],"tags":[],"_links":{"self":[{"href":"https:\/\/www.praha7.cz\/api\/wp\/v2\/posts\/54089"}],"collection":[{"href":"https:\/\/www.praha7.cz\/api\/wp\/v2\/posts"}],"about":[{"href":"https:\/\/www.praha7.cz\/api\/wp\/v2\/types\/post"}],"author":[{"embeddable":true,"href":"https:\/\/www.praha7.cz\/api\/wp\/v2\/users\/76"}],"replies":[{"embeddable":true,"href":"https:\/\/www.praha7.cz\/api\/wp\/v2\/comments?post=54089"}],"version-history":[{"count":5,"href":"https:\/\/www.praha7.cz\/api\/wp\/v2\/posts\/54089\/revisions"}],"predecessor-version":[{"id":54098,"href":"https:\/\/www.praha7.cz\/api\/wp\/v2\/posts\/54089\/revisions\/54098"}],"wp:featuredmedia":[{"embeddable":true,"href":"https:\/\/www.praha7.cz\/api\/wp\/v2\/media\/54091"}],"wp:attachment":[{"href":"https:\/\/www.praha7.cz\/api\/wp\/v2\/media?parent=54089"}],"wp:term":[{"taxonomy":"category","embeddable":true,"href":"https:\/\/www.praha7.cz\/api\/wp\/v2\/categories?post=54089"},{"taxonomy":"post_tag","embeddable":true,"href":"https:\/\/www.praha7.cz\/api\/wp\/v2\/tags?post=54089"}],"curies":[{"name":"wp","href":"https:\/\/api.w.org\/{rel}","templated":true}]}}