    
{"id":53855,"date":"2022-01-17T11:42:02","date_gmt":"2022-01-17T10:42:02","guid":{"rendered":"https:\/\/www.praha7.cz\/?p=53855"},"modified":"2022-02-03T11:13:30","modified_gmt":"2022-02-03T10:13:30","slug":"seniory-a-hure-pohyblive-obyvatele-prahy-7-sveze-po-meste-specialni-taxik","status":"publish","type":"post","link":"https:\/\/www.praha7.cz\/seniory-a-hure-pohyblive-obyvatele-prahy-7-sveze-po-meste-specialni-taxik\/","title":{"rendered":"Seniory a&nbsp;h\u016f\u0159e pohybliv\u00e9 obyvatele Prahy&nbsp;7 sveze po m\u011bst\u011b speci\u00e1ln\u00ed tax\u00edk"},"content":{"rendered":"<p>[perex]<\/p>\r\n<p>Od pond\u011bl\u00ed 17.&nbsp;ledna vyr\u00e1\u017e\u00ed do ulic prostorn\u00e9 b\u00edlo-\u017elut\u00e9 vozidlo s\u00a0n\u00e1pisem Tax\u00edk Max\u00edk na boku. Praha&nbsp;7 spole\u010dn\u011b s\u00a0Charitou Hole\u0161ovice zah\u00e1jila zku\u0161ebn\u00ed provoz nov\u00e9 slu\u017eby pro seniory a&nbsp;ob\u010dany s&nbsp;hendikepem. Je v\u00e1m p\u0159es 75 let nebo jste dr\u017eitelem pr\u016fkazu ZTP, ZTP\/P anebo jste po operaci ky\u010dle a&nbsp;\u0161patn\u011b se v\u00e1m chod\u00ed? Tax\u00edk Max\u00edk v\u00e1s bezpe\u010dn\u011b doprav\u00ed k\u00a0l\u00e9ka\u0159i, na \u00fa\u0159ad a&nbsp;dal\u0161\u00ed m\u00edsta, kam budete pot\u0159ebovat.<\/p>\r\n<p>[\/perex]<\/p>\r\n<p><span style=\"color: #0000ff;\"><strong>Tax\u00edk Max\u00edk ve zku\u0161ebn\u00edm re\u017eimu jezd\u00ed:<\/strong><\/span><\/p>\r\n<p><span style=\"color: #0000ff;\"><strong>pond\u011bl\u00ed \u2013 p\u00e1tek, 8:00 \u2013 15:00 hod.<\/strong><\/span><\/p>\r\n<p>&nbsp;<\/p>\r\n<p><span style=\"color: #0000ff;\"><strong>objedn\u00e1vky se vy\u0159izuj\u00ed:<\/strong><\/span><\/p>\r\n<p><span style=\"color: #0000ff;\"><strong>v\u00a0pond\u011bl\u00ed a&nbsp;ve st\u0159edu od 8:00 do 15:00 hod., na \u010d\u00edsle pana \u0159idi\u010de Pavla Fi\u0161ara: <\/strong><\/span><br \/>\r\n<span style=\"color: #0000ff;\"><strong>775&nbsp;550\u00a0847<\/strong><\/span><\/p>\r\n<p>&nbsp;<\/p>\r\n<p><strong>Upozor\u0148ujeme, \u017ee slu\u017ebu Tax\u00edk Max\u00edk nelze vyu\u017e\u00edt v\u00a0p\u0159\u00edpad\u011b, \u017ee m\u00e1 klient p\u0159\u00edznaky respira\u010dn\u00edho onemocn\u011bn\u00ed (hore\u010dka, ka\u0161el, r\u00fdma) \u010di jin\u00e9 infek\u010dn\u00ed choroby nebo byl v&nbsp;bl\u00edzk\u00e9m kontaktu s&nbsp;n\u011bk\u00fdm, komu bylo infek\u010dn\u00ed onemocn\u011bn\u00ed prok\u00e1z\u00e1no. Z\u00e1rove\u0148 nen\u00ed mo\u017en\u00e9 slu\u017ebu vyu\u017e\u00edt pro p\u0159epravu na testov\u00e1n\u00ed nemoci COVID-19 z\u00a0d\u016fvodu podez\u0159en\u00ed na mo\u017en\u00fd v\u00fdskyt nemoci u&nbsp;klienta. D\u011bkujeme za pochopen\u00ed.<\/strong><\/p>\r\n<p>&nbsp;<\/p>\r\n<p><em>\u201eNa Sedmi\u010dce d\u011bl\u00e1me v\u0161e pro to, aby senio\u0159i \u010di lid\u00e9 se\u00a0zdravotn\u00edmi pot\u00ed\u017eemi bydleli doma a&nbsp;ne v\u00a0\u00fastavu. M\u00e1me specializovan\u00e9 poradny, p\u016fj\u010dujeme zdravotn\u00ed pom\u016fcky, podporujeme pe\u010duj\u00edc\u00ed, kte\u0159\u00ed se ob\u011btav\u011b o&nbsp;sv\u00e9 bl\u00edzk\u00e9 staraj\u00ed. Ne ka\u017ed\u00fd, kdo je sob\u011bsta\u010dn\u00fd, ale t\u0159eba se mu h\u016f\u0159e chod\u00ed, m\u00e1 v\u017edy po ruce n\u011bkoho, kdo by mu pomohl s\u00a0cestou k\u00a0l\u00e9ka\u0159i, na po\u0161tu nebo na n\u00e1kup. Pro tyto p\u0159\u00edpady je zde nyn\u00ed Tax\u00edk Max\u00edk, kter\u00fd \u010dek\u00e1 na zavol\u00e1n\u00ed. P\u0159ejeme \u0161\u0165astnou a&nbsp;bezpe\u010dnou cestu,\u201c<\/em> uvedl <em><strong>starosta Prahy&nbsp;7 Jan \u010ci\u017einsk\u00fd<\/strong><\/em>.<\/p>\r\n<p>Slu\u017eba Tax\u00edk Max\u00edk je v\u00fdsledkem spolupr\u00e1ce Prahy&nbsp;7, Charity Praha \u2013 Hole\u0161ovice, Nadace Charty 77 \u2013 Konta Bari\u00e9ry a&nbsp;spole\u010dnosti \u010cesk\u00e1 l\u00e9k\u00e1rna Holding, kter\u00e1 provozuje s\u00ed\u0165 l\u00e9k\u00e1ren Dr. Max. Nadace Charty 77 za prost\u0159edky z\u00edskan\u00e9 prodejem produkt\u016f zna\u010dky Dr. Max ji\u017e \u0161est\u00fdm rokem po\u0159izuje speci\u00e1ln\u00ed velkoprostorov\u00e9 automobily, kter\u00e9 poskytuje zapojen\u00fdm m\u011bst\u016fm \u010di m\u011bstsk\u00fdm \u010d\u00e1stem. Ty z\u00e1rove\u0148 z\u00edsk\u00e1vaj\u00ed p\u0159\u00edsp\u011bvek na rozjezd slu\u017eby v&nbsp;prvn\u00edm roce. Podm\u00ednkou je osmilet\u00e1 udr\u017eitelnost projektu. Na provoz Tax\u00edka Max\u00edka v\u00a0Praze 7 p\u0159isp\u00edv\u00e1 tak\u00e9 Nada\u010dn\u00ed fond Agora 7. Tax\u00edk Max\u00edk, kter\u00fd doputoval na Sedmi\u010dku, je prvn\u00edm vozem v&nbsp;tomto projektu <br \/>\r\ns&nbsp;ekologi\u010dt\u011bj\u0161\u00edm plug-in hybrid motorem.<\/p>\r\n<p><em>\u201eNa\u0161\u00edm partnerem pro zaji\u0161t\u011bn\u00ed provozu Tax\u00edka Max\u00edka je Charita Hole\u0161ovice, kter\u00e1 m\u00e1 bohat\u00e9 zku\u0161enosti s&nbsp;ter\u00e9nn\u00edmi pe\u010dovatelsk\u00fdmi a&nbsp;o\u0161et\u0159ovatelsk\u00fdmi slu\u017ebami. Nyn\u00ed startujeme zku\u0161ebn\u00ed re\u017eim, ve kter\u00e9m se zam\u011b\u0159ujeme na pomoc senior\u016fm star\u0161\u00edm 75 let, lidem s\u00a0hendikepem \u010di soused\u016fm, kte\u0159\u00ed jsou kup\u0159\u00edkladu po operaci a&nbsp;maj\u00ed do\u010dasn\u011b zhor\u0161enou pohyblivost. Fungov\u00e1n\u00ed t\u00e9to slu\u017eby budeme pr\u016fb\u011b\u017en\u011b vyhodnocovat a&nbsp;p\u0159\u00edpadn\u011b upravovat na z\u00e1klad\u011b zku\u0161enost\u00ed z&nbsp;praxe,\u201c<\/em> \u0159ekl <em><strong>radn\u00ed Prahy&nbsp;7 pro soci\u00e1ln\u00ed a&nbsp;zdravotn\u00ed politiku Jakob Hurrle<\/strong><\/em>. \u00a0\u00a0<\/p>\r\n<p><em>\u201eD\u011bkujeme za d\u016fv\u011bru a&nbsp;m\u00e1me radost, \u017ee se m\u016f\u017eeme pod\u00edlet na tomto smyslupln\u00e9m projektu. Spoust\u011b senior\u016fm a&nbsp;zdravotn\u011b indisponovan\u00fdm spoluob\u010dan\u016fm usnadn\u00edme jejich \u010dast\u00e9 strasti, jak se p\u0159epravit na r\u016fzn\u00e1 m\u00edsta. Pro \u0159adu na\u0161ich senior\u016f to bude kone\u010dn\u011b mo\u017enost, jak opustit zdi sv\u00e9ho bytu a&nbsp;nav\u0161t\u00edvit m\u00edsta, na kter\u00e1 by se jinak nem\u011bli \u0161anci dostat. T\u011b\u0161\u00edme se na realizaci projektu a&nbsp;setk\u00e1n\u00ed s\u00a0lidmi, kter\u00fdm touto cestou m\u016f\u017eeme pomoci,\u201c<\/em> \u0159ekla <em><strong>\u0159editelka Charity Praha \u2013 Hole\u0161ovice Jana Fajstavrov\u00e1<\/strong><\/em>.<\/p>\r\n<p>&nbsp;<\/p>\r\n<p><strong>Kdo m\u016f\u017ee Tax\u00edka Max\u00edka ve zku\u0161ebn\u00edm re\u017eimu vyu\u017e\u00edt?<\/strong><\/p>\r\n<p>Obyvatel\u00e9 Prahy&nbsp;7 (bez ohledu na trval\u00e9 bydli\u0161t\u011b)<\/p>\r\n<ul>\r\n\t<li>osoby ve v\u011bku 75 a&nbsp;v\u00edce let<\/li>\r\n\t<li>dr\u017eitel\u00e9 pr\u016fkaz\u016f ZTP a&nbsp;ZTP\/P<\/li>\r\n\t<li>osoby se zhor\u0161enou schopnost\u00ed pohybu<br \/>\r\n\u00a0<\/li>\r\n<\/ul>\r\n<h3>Kam se d\u00e1 jezdit a&nbsp;kolik to stoj\u00ed?<\/h3>\r\n<p>Cesty jsou umo\u017en\u011bny na \u00fazem\u00ed hl. m. Prahy. Cena je stanovena jako pau\u0161\u00e1ln\u00ed dle tarifn\u00edch z\u00f3n. Plat\u00ed v\u017edy pro jednu osobu a&nbsp;jednu j\u00edzdu (jedn\u00edm sm\u011brem).<\/p>\r\n<ul>\r\n\t<li>40&nbsp;K\u010d \u2013 \u00fazem\u00ed Prahy&nbsp;7<\/li>\r\n\t<li>60&nbsp;K\u010d \u2013 vnit\u0159n\u00ed Praha (M\u010c Praha 1 a\u017e 10, v\u010detn\u011b M\u010c Praha &#8211; Troja)<\/li>\r\n\t<li>100&nbsp;K\u010d \u2013 ostatn\u00ed \u010d\u00e1sti Prahy<\/li>\r\n\t<li>p\u0159evoz jedn\u00e9 doprov\u00e1zej\u00edc\u00ed osoby je zdarma<\/li>\r\n<\/ul>\r\n<p>&nbsp;<\/p>\r\n<h3><a href=\"https:\/\/www.praha7.cz\/wp-content\/uploads\/2022\/01\/Provozn\u00ed-\u0159\u00e1d-Tax\u00edk-Max\u00edk-final.pdf\">Dal\u0161\u00ed informace najdete v&nbsp;Provozn\u00edm \u0159\u00e1du slu\u017eby Tax\u00edk Max\u00edk.<\/a><\/h3>\r\n<p>&nbsp;<\/p>\r\n<p><img loading=\"lazy\" src=\"https:\/\/www.praha7.cz\/wp-content\/uploads\/2021\/12\/Tax\u00edk-Max\u00edk-Praha-7.jpg\" alt=\"\" width=\"1404\" height=\"936\" class=\"alignnone size-full wp-image-53339\" srcset=\"https:\/\/www.praha7.cz\/wp-content\/uploads\/2021\/12\/Tax\u00edk-Max\u00edk-Praha-7.jpg 1404w, https:\/\/www.praha7.cz\/wp-content\/uploads\/2021\/12\/Tax\u00edk-Max\u00edk-Praha-7-600x400.jpg 600w, https:\/\/www.praha7.cz\/wp-content\/uploads\/2021\/12\/Tax\u00edk-Max\u00edk-Praha-7-768x512.jpg 768w\" sizes=\"(max-width: 1404px) 100vw, 1404px\" \/><\/p>","protected":false},"excerpt":{"rendered":"[perex] Od pond\u011bl\u00ed 17.&nbsp;ledna vyr\u00e1\u017e\u00ed do ulic prostorn\u00e9 b\u00edlo-\u017elut\u00e9 vozidlo s\u00a0n\u00e1pisem Tax\u00edk Max\u00edk na boku. Praha&nbsp;7 spole\u010dn\u011b s\u00a0Charitou Hole\u0161ovice zah\u00e1jila zku\u0161ebn\u00ed provoz nov\u00e9 slu\u017eby pro seniory a&nbsp;ob\u010dany s&nbsp;hendikepem. Je v\u00e1m p\u0159es 75 let nebo jste dr\u017eitelem pr\u016fkazu ZTP, ZTP\/P anebo jste po operaci ky\u010dle a&nbsp;\u0161patn\u011b se v\u00e1m chod\u00ed? Tax\u00edk Max\u00edk v\u00e1s bezpe\u010dn\u011b doprav\u00ed k\u00a0l\u00e9ka\u0159i, na [&hellip;]","protected":false},"author":5,"featured_media":53858,"comment_status":"closed","ping_status":"open","sticky":false,"template":"","format":"standard","meta":[],"categories":[36,74],"tags":[],"_links":{"self":[{"href":"https:\/\/www.praha7.cz\/api\/wp\/v2\/posts\/53855"}],"collection":[{"href":"https:\/\/www.praha7.cz\/api\/wp\/v2\/posts"}],"about":[{"href":"https:\/\/www.praha7.cz\/api\/wp\/v2\/types\/post"}],"author":[{"embeddable":true,"href":"https:\/\/www.praha7.cz\/api\/wp\/v2\/users\/5"}],"replies":[{"embeddable":true,"href":"https:\/\/www.praha7.cz\/api\/wp\/v2\/comments?post=53855"}],"version-history":[{"count":4,"href":"https:\/\/www.praha7.cz\/api\/wp\/v2\/posts\/53855\/revisions"}],"predecessor-version":[{"id":54419,"href":"https:\/\/www.praha7.cz\/api\/wp\/v2\/posts\/53855\/revisions\/54419"}],"wp:featuredmedia":[{"embeddable":true,"href":"https:\/\/www.praha7.cz\/api\/wp\/v2\/media\/53858"}],"wp:attachment":[{"href":"https:\/\/www.praha7.cz\/api\/wp\/v2\/media?parent=53855"}],"wp:term":[{"taxonomy":"category","embeddable":true,"href":"https:\/\/www.praha7.cz\/api\/wp\/v2\/categories?post=53855"},{"taxonomy":"post_tag","embeddable":true,"href":"https:\/\/www.praha7.cz\/api\/wp\/v2\/tags?post=53855"}],"curies":[{"name":"wp","href":"https:\/\/api.w.org\/{rel}","templated":true}]}}