    
{"id":53837,"date":"2022-01-14T11:36:23","date_gmt":"2022-01-14T10:36:23","guid":{"rendered":"https:\/\/www.praha7.cz\/?p=53837"},"modified":"2022-01-19T11:34:02","modified_gmt":"2022-01-19T10:34:02","slug":"plavani-pro-seniory-v-1-pololeti-2022","status":"publish","type":"post","link":"https:\/\/www.praha7.cz\/plavani-pro-seniory-v-1-pololeti-2022\/","title":{"rendered":"Plav\u00e1n\u00ed pro seniory v&nbsp;1.&nbsp;pololet\u00ed 2022"},"content":{"rendered":"<p>[perex]<\/p>\r\n<p>M\u011bstsk\u00e1 \u010d\u00e1st Praha\u00a07 pokra\u010duje tak\u00e9 v\u00a0roce 2022 v\u00a0po\u0159\u00e1d\u00e1n\u00ed rehabilita\u010dn\u00edch kurz\u016f plav\u00e1n\u00ed pro seniory. Lekce jsou vedeny profesion\u00e1ln\u00edmi lektory a&nbsp;budou prob\u00edhat v\u00a0baz\u00e9nu na V\u00fdstavi\u0161ti od \u00fanora do \u010dervna. Rezervaci p\u011bti vybran\u00fdch term\u00edn\u016f je nutn\u00e9 prov\u00e9st osobn\u011b\u00a0v\u00a0pond\u011bl\u00ed 31.\u00a0ledna 2022 od 9 do 11 hodin ve <a href=\"http:\/\/vodarenskavezletna.cz\/o_nas.html#contacts\" target=\"_blank\" rel=\"noopener\">Vod\u00e1rensk\u00e9 v\u011b\u017ei Letn\u00e1<\/a>.\u00a0Upozor\u0148ujeme, \u017ee kapacita je omezen\u00e1 a\u00a0o\u00a0kurzy b\u00fdv\u00e1 velk\u00fd z\u00e1jem. \u00a0\u00a0 \u00a0<\/p>\r\n<p>[\/perex]<\/p>\r\n<h3>Kdy a&nbsp;kde?<\/h3>\r\n<p>\u00danor\u00a0 \u00a0 \u00a0 \u00a0 7., 11., 14., 18., 21., 25., 28.<\/p>\r\n<p>B\u0159ezen\u00a0 \u00a0 4., 7., 11., 14., 18., 25., 28.<\/p>\r\n<p>Duben\u00a0 \u00a0 \u00a01., 4., 8., 11., 22., 25., 29.<\/p>\r\n<p>Kv\u011bten\u00a0 \u00a0 2., 6., 9., 13., 16., 20., 23., 27., 30.<\/p>\r\n<p>\u010cerven\u00a0 \u00a0 3., 6., 10., 13., 17., 20., 24.<\/p>\r\n<p>&nbsp;<\/p>\r\n<p>\u010cas: 13.00\u201314.00<\/p>\r\n<p>M\u00edsto: Plaveck\u00fd baz\u00e9n na V\u00fdstavi\u0161ti \u2013\u00a0<a href=\"https:\/\/www.navystavisti.cz\/sport\/plavecky-bazen\/\" target=\"_blank\" rel=\"noopener\">web<\/a><\/p>\r\n<h3>Informace k&nbsp;registraci<\/h3>\r\n<p>Registrace prob\u00edh\u00e1 v&nbsp;<strong>pond\u011bl\u00ed 31.&nbsp;ledna 2022 od 9.00 do 11.00, pouze osobn\u011b, ve Vod\u00e1rensk\u00e9 v\u011b\u017ei Letn\u00e1<\/strong>, vstup z\u00a0ulice Korunova\u010dn\u00ed, Praha&nbsp;7.&nbsp;\u010clenov\u00e9 klubu M\u010c Praha&nbsp;7 p\u0159edlo\u017e\u00ed p\u0159i registraci \u010dlenskou kartu. Rezervovat lze max. 5 libovoln\u00fdch term\u00edn\u016f.\u00a0Nen\u00ed mo\u017en\u00e9 registrovat v\u00edce osob jednou osobou najednou.\u00a0Kurzy jsou pouze pro seniory z&nbsp;Prahy&nbsp;7.\u00a0 Vstupn\u00e9 10 K\u010d, hrad\u00ed se v&nbsp;pokladn\u011b baz\u00e9nu.<\/p>\r\n<p>Akce se budou moci z\u00fa\u010dastnit <strong>pouze osoby spl\u0148uj\u00edc\u00ed pravidlo ON<\/strong> (o\u010dkov\u00e1n\u00ed, prod\u011blan\u00e1 nemoc covid-19).<\/p>\r\n<hr \/>\r\n<p><em>Akce se mohou \u00fa\u010dastnit pouze osoby bez zdravotn\u00edch obt\u00ed\u017e\u00ed. \u00da\u010dastn\u00edci jsou povinni dodr\u017eovat aktu\u00e1ln\u011b platn\u00e1 protiepidemick\u00e1 na\u0159\u00edzen\u00ed a&nbsp;hygienick\u00e1 doporu\u010den\u00ed.<\/em><\/p>\r\n<p><em>\u00da\u010dastn\u00edci akce svou \u00fa\u010dast\u00ed \u010destn\u011b prohla\u0161uj\u00ed, \u017ee se u&nbsp;nich neprojevuj\u00ed a&nbsp;v&nbsp;posledn\u00edch dvou t\u00fddnech neprojevily p\u0159\u00edznaky virov\u00e9ho infek\u010dn\u00edho onemocn\u011bn\u00ed (nap\u0159. hore\u010dka, ka\u0161el, du\u0161nost, n\u00e1hl\u00e1 ztr\u00e1ta chuti a&nbsp;\u010dichu apod.).<\/em><\/p>\r\n<p><em>V p\u0159\u00edpad\u011b, \u017ee m\u00e1te p\u0159\u00edznaky respira\u010dn\u00ed infekce (hore\u010dka, ka\u0161el, r\u00fdma) nebo jste byli v&nbsp;bl\u00edzk\u00e9m kontaktu s&nbsp;n\u011bk\u00fdm, kdo podobn\u00e9 p\u0159\u00edznaky m\u00e1, z\u016fsta\u0148te pros\u00edm doma.<\/em><\/p>","protected":false},"excerpt":{"rendered":"[perex] M\u011bstsk\u00e1 \u010d\u00e1st Praha\u00a07 pokra\u010duje tak\u00e9 v\u00a0roce 2022 v\u00a0po\u0159\u00e1d\u00e1n\u00ed rehabilita\u010dn\u00edch kurz\u016f plav\u00e1n\u00ed pro seniory. Lekce jsou vedeny profesion\u00e1ln\u00edmi lektory a&nbsp;budou prob\u00edhat v\u00a0baz\u00e9nu na V\u00fdstavi\u0161ti od \u00fanora do \u010dervna. Rezervaci p\u011bti vybran\u00fdch term\u00edn\u016f je nutn\u00e9 prov\u00e9st osobn\u011b\u00a0v\u00a0pond\u011bl\u00ed 31.\u00a0ledna 2022 od 9 do 11 hodin ve Vod\u00e1rensk\u00e9 v\u011b\u017ei Letn\u00e1.\u00a0Upozor\u0148ujeme, \u017ee kapacita je omezen\u00e1 a\u00a0o\u00a0kurzy b\u00fdv\u00e1 velk\u00fd z\u00e1jem. [&hellip;]","protected":false},"author":97,"featured_media":25554,"comment_status":"closed","ping_status":"open","sticky":false,"template":"","format":"standard","meta":[],"categories":[34],"tags":[],"_links":{"self":[{"href":"https:\/\/www.praha7.cz\/api\/wp\/v2\/posts\/53837"}],"collection":[{"href":"https:\/\/www.praha7.cz\/api\/wp\/v2\/posts"}],"about":[{"href":"https:\/\/www.praha7.cz\/api\/wp\/v2\/types\/post"}],"author":[{"embeddable":true,"href":"https:\/\/www.praha7.cz\/api\/wp\/v2\/users\/97"}],"replies":[{"embeddable":true,"href":"https:\/\/www.praha7.cz\/api\/wp\/v2\/comments?post=53837"}],"version-history":[{"count":5,"href":"https:\/\/www.praha7.cz\/api\/wp\/v2\/posts\/53837\/revisions"}],"predecessor-version":[{"id":53939,"href":"https:\/\/www.praha7.cz\/api\/wp\/v2\/posts\/53837\/revisions\/53939"}],"wp:featuredmedia":[{"embeddable":true,"href":"https:\/\/www.praha7.cz\/api\/wp\/v2\/media\/25554"}],"wp:attachment":[{"href":"https:\/\/www.praha7.cz\/api\/wp\/v2\/media?parent=53837"}],"wp:term":[{"taxonomy":"category","embeddable":true,"href":"https:\/\/www.praha7.cz\/api\/wp\/v2\/categories?post=53837"},{"taxonomy":"post_tag","embeddable":true,"href":"https:\/\/www.praha7.cz\/api\/wp\/v2\/tags?post=53837"}],"curies":[{"name":"wp","href":"https:\/\/api.w.org\/{rel}","templated":true}]}}