    
{"id":53613,"date":"2022-01-04T13:17:42","date_gmt":"2022-01-04T12:17:42","guid":{"rendered":"https:\/\/www.praha7.cz\/?p=53613"},"modified":"2022-01-04T13:17:42","modified_gmt":"2022-01-04T12:17:42","slug":"v-praze-stale-funguje-mobilni-ockovaci-tym-pro-imobilni-obyvatele-v-domacnostech","status":"publish","type":"post","link":"https:\/\/www.praha7.cz\/v-praze-stale-funguje-mobilni-ockovaci-tym-pro-imobilni-obyvatele-v-domacnostech\/","title":{"rendered":"V Praze st\u00e1le funguje mobiln\u00ed o\u010dkovac\u00ed t\u00fdm  pro imobiln\u00ed obyvatele v&nbsp;dom\u00e1cnostech"},"content":{"rendered":"<p>[perex]<\/p>\r\n<p>V\u00a0hlavn\u00edm m\u011bst\u011b i&nbsp;nad\u00e1le p\u016fsob\u00ed speci\u00e1ln\u00ed mobiln\u00ed t\u00fdm pro o\u010dkov\u00e1n\u00ed imobiln\u00edch Pra\u017ean\u016f v&nbsp;dom\u00e1c\u00edm prost\u0159ed\u00ed, do n\u011bho\u017e je zapojeno Sdru\u017een\u00ed praktick\u00fdch l\u00e9ka\u0159\u016f, \u010cesk\u00fd \u010derven\u00fd k\u0159\u00ed\u017e (\u010c\u010cK), Fakultn\u00ed nemocnice v&nbsp;Motole a&nbsp;M\u011bstsk\u00e1 poliklinika Praha. D\u00edky tomu je mo\u017en\u00e9 ochr\u00e1nit i&nbsp;ty, pro kter\u00e9 by cesta do o\u010dkovac\u00edho centra nebo ordinace praktick\u00e9ho l\u00e9ka\u0159e byla jen t\u011b\u017eko p\u0159edstaviteln\u00e1.\u00a0Registrovat se mohou i&nbsp;nad\u00e1le dal\u0161\u00ed pacienti, kter\u00e9 n\u00e1sledn\u011b nav\u0161t\u00edv\u00ed l\u00e9ka\u0159 p\u0159\u00edmo u&nbsp;nich doma. \u00a0<\/p>\r\n<p>[\/perex]<\/p>\r\n<p>\u201e<em>Velmi oce\u0148uji nasazen\u00ed v\u0161ech z\u00fa\u010dastn\u011bn\u00fdch organizac\u00ed, a&nbsp;p\u0159edev\u0161\u00edm ka\u017ed\u00e9ho praktick\u00e9ho l\u00e9ka\u0159e, kter\u00fd je ochoten se nad r\u00e1mec sv\u00e9 pr\u00e1ce v\u011bnovat lidem, pro kter\u00e9 je n\u00e1v\u0161t\u011bva ordinace i&nbsp;o\u010dkovac\u00edho centra nep\u0159ekonateln\u00fdm probl\u00e9mem. Pod\u011bkov\u00e1n\u00ed pat\u0159\u00ed i&nbsp;koordin\u00e1torce o\u010dkov\u00e1n\u00ed Pet\u0159e \u017d\u00e1kovsk\u00e9 z\u00a0odboru zdravotnictv\u00ed pra\u017esk\u00e9ho magistr\u00e1tu a&nbsp;Pavlu Chlumovi z\u00a0\u010cesk\u00e9ho \u010derven\u00e9ho k\u0159\u00ed\u017ee<\/em>,\u201c uv\u00e1d\u00ed Milena Johnov\u00e1, radn\u00ed hl. m. Prahy pro oblast zdravotnictv\u00ed.<\/p>\r\n<p>Do projektu je zapojeno v\u00a0tuto chv\u00edli 22 praktick\u00fdch l\u00e9ka\u0159\u016f, kte\u0159\u00ed o\u010dkuj\u00ed bu\u010f v&nbsp;r\u00e1mci\u00a0samostatn\u00fdch mobiln\u00edch v\u00fdjezd\u016f s\u00a0\u0159idi\u010di \u010c\u010cK, nebo p\u0159i vlastn\u00ed n\u00e1v\u0161t\u011bvn\u00ed slu\u017eb\u011b.\u00a0<\/p>\r\n<p>\u201e<em>O\u010dkov\u00e1n\u00ed, stejn\u011b jako i&nbsp;ambulantn\u00ed p\u00e9\u010di, poskytuj\u00ed prakti\u010dt\u00ed l\u00e9ka\u0159i na n\u00e1v\u0161t\u011bv\u00e1ch u&nbsp;pacient\u016f doma, bohu\u017eel n\u011bkte\u0159\u00ed maj\u00ed praktick\u00e9 l\u00e9ka\u0159e daleko nebo p\u00e9\u010de nen\u00ed zavedena v\u016fbec. V\u00a0dob\u011b pandemie covid-19 se tak\u00e9 mnoh\u00fdm pacient\u016fm zdravotn\u00ed stav zhor\u0161il natolik, \u017ee nyn\u00ed nejsou schopni fyzicky doj\u00edt do ordinace, p\u0159est\u011bhovali se nap\u0159\u00edklad k\u00a0rodin\u011b a&nbsp;v\u00a0m\u00edst\u011b bydli\u0161t\u011b t\u011b\u017eko sh\u00e1n\u011bj\u00ed nov\u00e9ho praktick\u00e9ho l\u00e9ka\u0159e. D\u00edky pomoci koleg\u016f ochotn\u00fdch o\u010dkovat i&nbsp;neregistrovan\u00e9, \u0159idi\u010d\u016fm \u010cesk\u00e9ho \u010derven\u00e9ho k\u0159\u00ed\u017ee a&nbsp;pra\u017esk\u00e9mu magistr\u00e1tu se n\u00e1m poda\u0159ilo zajistit o\u010dkov\u00e1n\u00ed v\u00a0dom\u00e1c\u00edm prost\u0159ed\u00ed i&nbsp;jim. P\u0159i ka\u017ed\u00e9m v\u00fdjezdu se setk\u00e1v\u00e1me s&nbsp;inspirativn\u00edmi\u00a0lidmi a&nbsp;pe\u010duj\u00edc\u00edmi osobami, kter\u00fdm pat\u0159\u00ed velk\u00fd obdiv<\/em>,\u201c \u0159\u00edk\u00e1 praktick\u00e1 l\u00e9ka\u0159ka Ludmila Bezd\u00ed\u010dkov\u00e1.<\/p>\r\n<p>Celkov\u011b bylo uskute\u010dn\u011bno 21 v\u00fdjezd\u016f mobiln\u00edho o\u010dkovac\u00edho t\u00fdmu za pomoci \u010c\u010cK a&nbsp;od za\u010d\u00e1tku projektu bylo aplikov\u00e1no v\u00edce ne\u017e 520 d\u00e1vek vakc\u00edny. Dal\u0161\u00ed v\u00fdjezdy pokra\u010duj\u00ed i&nbsp;v&nbsp;lednu 2022 a\u00a0vzhledem k\u00a0vyt\u00ed\u017eenosti praktick\u00fdch l\u00e9ka\u0159\u016f a&nbsp;co nej\u0161ir\u0161\u00ed dostupnosti je mo\u017en\u00e9 nechat se nao\u010dkovat i&nbsp;v&nbsp;r\u00e1mci v\u00edkend\u016f.\u00a0<\/p>\r\n<p>\u201e<em>P\u0159i plo\u0161n\u00e9m o\u010dkov\u00e1n\u00ed plat\u00ed, \u017ee nejt\u011b\u017e\u0161\u00ed je doru\u010dit o\u010dkovac\u00ed d\u00e1vku na jej\u00edm posledn\u00edm kilometru cesty. Zvl\u00e1\u0161t\u011b to plat\u00ed v&nbsp;p\u0159\u00edpad\u011b osob, pro kter\u00e9 je putov\u00e1n\u00ed za vakc\u00ednou fyzicky t\u00e9m\u011b\u0159 vylou\u010den\u00e9. Jsme proto r\u00e1di, \u017ee m\u016f\u017eeme b\u00fdt sou\u010d\u00e1st\u00ed projektu hlavn\u00edho m\u011bsta Prahy, kter\u00fd pr\u00e1v\u011b na tyto osoby mysl\u00ed a&nbsp;nab\u00edz\u00ed jim stejnou mo\u017enost se chr\u00e1nit<\/em>,\u201c dopl\u0148uje Richard Smejkal\u00a0z\u00a0\u010cesk\u00e9ho \u010derven\u00e9ho k\u0159\u00ed\u017ee.<\/p>\r\n<p>O\u010dkov\u00e1n\u00ed je p\u0159itom kl\u00ed\u010dov\u00fdm n\u00e1strojem ochrany p\u0159ed t\u011b\u017ek\u00fdm pr\u016fb\u011bhem onemocn\u011bn\u00ed covid-19, ka\u017ed\u00e1 d\u00e1vka sni\u017euje riziko zejm\u00e9na u&nbsp;nejohro\u017een\u011bj\u0161\u00edch skupin obyvatel. Pozitivn\u00ed vliv o\u010dkov\u00e1n\u00ed byl patrn\u00fd v&nbsp;r\u00e1mci podzimn\u00ed vlny zejm\u00e9na v\u00a0domovech pro seniory, kde je vysok\u00e1 proo\u010dkovanost kolem 95&nbsp;% lid\u00ed. Celkov\u011b ale v\u00a0Praze st\u00e1le nen\u00ed nao\u010dkov\u00e1no p\u0159ibli\u017en\u011b 14&nbsp;% obyvatel nejvy\u0161\u0161\u00ed v\u011bkov\u00e9 kategorie nad 80 let.<\/p>\r\n<p><strong>Pokud by cht\u011bl pacient po\u017e\u00e1dat o&nbsp;o\u010dkov\u00e1n\u00ed v\u00a0dom\u00e1c\u00edm prost\u0159ed\u00ed, sta\u010d\u00ed se registrovat ve <a href=\"https:\/\/docs.google.com\/forms\/d\/e\/1FAIpQLSdKHd4FzIyUn09rYYklFQE6NPa72FjXWqBdqQD2Qwidem59Zw\/viewform\" target=\"_blank\" rel=\"noopener\">formul\u00e1\u0159i<\/a>. Vypln\u011bn\u00edm formul\u00e1\u0159e bude z\u00e1jemce zaps\u00e1n do seznamu \u010dekaj\u00edc\u00edch a&nbsp;minim\u00e1ln\u011b t\u00fdden p\u0159ed v\u00fdjezdem bude informov\u00e1n o&nbsp;term\u00ednu a&nbsp;\u010dase dojezdu na j\u00edm uveden\u00e9m telefonn\u00edm \u010d\u00edsle. V&nbsp;p\u0159\u00edpad\u011b pot\u00ed\u017e\u00ed s&nbsp;vypln\u011bn\u00edm registra\u010dn\u00edho formul\u00e1\u0159e je mo\u017en\u00e9 volat na bezplatnou linku Magistr\u00e1tu hl. m. Prahy 800&nbsp;160\u00a0166.<\/strong><\/p>\r\n<p>V\u0161echny pot\u0159ebn\u00e9 informace o&nbsp;o\u010dkov\u00e1n\u00ed v&nbsp;dom\u00e1c\u00edm prost\u0159ed\u00ed jsou tak\u00e9 k\u00a0dispozici na webov\u00fdch str\u00e1nk\u00e1ch <a href=\"https:\/\/ockovani.praha.eu\/ockovani-u-praktickych-lekaru\/\" target=\"_blank\" rel=\"noopener\">ockovani.praha.eu<\/a>.<\/p>","protected":false},"excerpt":{"rendered":"[perex] V\u00a0hlavn\u00edm m\u011bst\u011b i&nbsp;nad\u00e1le p\u016fsob\u00ed speci\u00e1ln\u00ed mobiln\u00ed t\u00fdm pro o\u010dkov\u00e1n\u00ed imobiln\u00edch Pra\u017ean\u016f v&nbsp;dom\u00e1c\u00edm prost\u0159ed\u00ed, do n\u011bho\u017e je zapojeno Sdru\u017een\u00ed praktick\u00fdch l\u00e9ka\u0159\u016f, \u010cesk\u00fd \u010derven\u00fd k\u0159\u00ed\u017e (\u010c\u010cK), Fakultn\u00ed nemocnice v&nbsp;Motole a&nbsp;M\u011bstsk\u00e1 poliklinika Praha. D\u00edky tomu je mo\u017en\u00e9 ochr\u00e1nit i&nbsp;ty, pro kter\u00e9 by cesta do o\u010dkovac\u00edho centra nebo ordinace praktick\u00e9ho l\u00e9ka\u0159e byla jen t\u011b\u017eko p\u0159edstaviteln\u00e1.\u00a0Registrovat se mohou i&nbsp;nad\u00e1le [&hellip;]","protected":false},"author":97,"featured_media":53615,"comment_status":"closed","ping_status":"open","sticky":false,"template":"","format":"standard","meta":[],"categories":[34],"tags":[],"_links":{"self":[{"href":"https:\/\/www.praha7.cz\/api\/wp\/v2\/posts\/53613"}],"collection":[{"href":"https:\/\/www.praha7.cz\/api\/wp\/v2\/posts"}],"about":[{"href":"https:\/\/www.praha7.cz\/api\/wp\/v2\/types\/post"}],"author":[{"embeddable":true,"href":"https:\/\/www.praha7.cz\/api\/wp\/v2\/users\/97"}],"replies":[{"embeddable":true,"href":"https:\/\/www.praha7.cz\/api\/wp\/v2\/comments?post=53613"}],"version-history":[{"count":2,"href":"https:\/\/www.praha7.cz\/api\/wp\/v2\/posts\/53613\/revisions"}],"predecessor-version":[{"id":53616,"href":"https:\/\/www.praha7.cz\/api\/wp\/v2\/posts\/53613\/revisions\/53616"}],"wp:featuredmedia":[{"embeddable":true,"href":"https:\/\/www.praha7.cz\/api\/wp\/v2\/media\/53615"}],"wp:attachment":[{"href":"https:\/\/www.praha7.cz\/api\/wp\/v2\/media?parent=53613"}],"wp:term":[{"taxonomy":"category","embeddable":true,"href":"https:\/\/www.praha7.cz\/api\/wp\/v2\/categories?post=53613"},{"taxonomy":"post_tag","embeddable":true,"href":"https:\/\/www.praha7.cz\/api\/wp\/v2\/tags?post=53613"}],"curies":[{"name":"wp","href":"https:\/\/api.w.org\/{rel}","templated":true}]}}