    
{"id":53244,"date":"2021-12-20T10:31:15","date_gmt":"2021-12-20T09:31:15","guid":{"rendered":"https:\/\/www.praha7.cz\/?p=53244"},"modified":"2021-12-20T17:40:44","modified_gmt":"2021-12-20T16:40:44","slug":"betlemske-svetlo-2021","status":"publish","type":"post","link":"https:\/\/www.praha7.cz\/betlemske-svetlo-2021\/","title":{"rendered":"Betl\u00e9msk\u00e9 sv\u011btlo 2021"},"content":{"rendered":"<p>[perex]<\/p>\r\n<p>Ve dnech 20. &#8211; 22.&nbsp;prosince 2021 v&nbsp;\u010dase 16-18 hod. budou v&nbsp;Husitsk\u00e9m kostele (Farsk\u00e9ho 3) rozd\u00e1vat Betl\u00e9msk\u00e9 sv\u011btlo skauti z&nbsp;39.&nbsp;st\u0159ediska Vatra.\u00a0<\/p>\r\n<p>[\/perex]<\/p>\r\n<p><img loading=\"lazy\" src=\"https:\/\/www.praha7.cz\/wp-content\/uploads\/2021\/12\/betlemske-svetlo-nova-radnice.jpg\" alt=\"\" width=\"1126\" height=\"788\" class=\"alignnone wp-image-53248 size-full\" srcset=\"https:\/\/www.praha7.cz\/wp-content\/uploads\/2021\/12\/betlemske-svetlo-nova-radnice.jpg 1126w, https:\/\/www.praha7.cz\/wp-content\/uploads\/2021\/12\/betlemske-svetlo-nova-radnice-572x400.jpg 572w, https:\/\/www.praha7.cz\/wp-content\/uploads\/2021\/12\/betlemske-svetlo-nova-radnice-768x537.jpg 768w\" sizes=\"(max-width: 1126px) 100vw, 1126px\" \/><\/p>","protected":false},"excerpt":{"rendered":"[perex] Ve dnech 20. &#8211; 22.&nbsp;prosince 2021 v&nbsp;\u010dase 16-18 hod. budou v&nbsp;Husitsk\u00e9m kostele (Farsk\u00e9ho 3) rozd\u00e1vat Betl\u00e9msk\u00e9 sv\u011btlo skauti z&nbsp;39.&nbsp;st\u0159ediska Vatra.\u00a0 [\/perex]","protected":false},"author":97,"featured_media":53247,"comment_status":"closed","ping_status":"open","sticky":false,"template":"","format":"standard","meta":[],"categories":[34],"tags":[],"_links":{"self":[{"href":"https:\/\/www.praha7.cz\/api\/wp\/v2\/posts\/53244"}],"collection":[{"href":"https:\/\/www.praha7.cz\/api\/wp\/v2\/posts"}],"about":[{"href":"https:\/\/www.praha7.cz\/api\/wp\/v2\/types\/post"}],"author":[{"embeddable":true,"href":"https:\/\/www.praha7.cz\/api\/wp\/v2\/users\/97"}],"replies":[{"embeddable":true,"href":"https:\/\/www.praha7.cz\/api\/wp\/v2\/comments?post=53244"}],"version-history":[{"count":1,"href":"https:\/\/www.praha7.cz\/api\/wp\/v2\/posts\/53244\/revisions"}],"predecessor-version":[{"id":53249,"href":"https:\/\/www.praha7.cz\/api\/wp\/v2\/posts\/53244\/revisions\/53249"}],"wp:featuredmedia":[{"embeddable":true,"href":"https:\/\/www.praha7.cz\/api\/wp\/v2\/media\/53247"}],"wp:attachment":[{"href":"https:\/\/www.praha7.cz\/api\/wp\/v2\/media?parent=53244"}],"wp:term":[{"taxonomy":"category","embeddable":true,"href":"https:\/\/www.praha7.cz\/api\/wp\/v2\/categories?post=53244"},{"taxonomy":"post_tag","embeddable":true,"href":"https:\/\/www.praha7.cz\/api\/wp\/v2\/tags?post=53244"}],"curies":[{"name":"wp","href":"https:\/\/api.w.org\/{rel}","templated":true}]}}