    
{"id":53231,"date":"2021-12-20T16:49:28","date_gmt":"2021-12-20T15:49:28","guid":{"rendered":"https:\/\/www.praha7.cz\/?p=53231"},"modified":"2021-12-20T16:49:28","modified_gmt":"2021-12-20T15:49:28","slug":"centrum-locika-predstavuje-detem-mezinarodni-gesto-pomoci-pro-obeti-nasili","status":"publish","type":"post","link":"https:\/\/www.praha7.cz\/centrum-locika-predstavuje-detem-mezinarodni-gesto-pomoci-pro-obeti-nasili\/","title":{"rendered":"Centrum LOCIKA p\u0159edstavuje d\u011btem mezin\u00e1rodn\u00ed gesto pomoci pro ob\u011bti n\u00e1sil\u00ed"},"content":{"rendered":"<p>[perex]<\/p>\r\n<p>Centrum LOCIKA vypustila spot, ve kter\u00e9m zn\u00e1m\u00e9 osobnosti jako je nap\u0159\u00edklad influencer Kovy, fotbalista Mat\u011bj Pulkrab, here\u010dka Eva Bure\u0161ov\u00e1 nebo zp\u011bv\u00e1k Radek Banga p\u0159edstavuj\u00ed d\u011btem Sign\u00e1l pomoci \u2013 mezin\u00e1rodn\u00ed gesto pro ob\u011bti n\u00e1sil\u00ed. Spot pob\u011b\u017e\u00ed na internetu a&nbsp;soci\u00e1ln\u00edch s\u00edt\u00edch s\u00a0odkazem na webovou str\u00e1nku <a href=\"https:\/\/www.detstvibeznasili.cz\/signal-pomoci\">www.detstvibeznasili.cz\/signal-pomoci<\/a>, kde si d\u011bti mohou p\u0159e\u010d\u00edst o&nbsp;sign\u00e1lu a&nbsp;jeho pou\u017eit\u00ed v\u00edce.<\/p>\r\n<p>[\/perex]<\/p>\r\n<p><em>\u201eV\u00e1noce bohu\u017eel nejsou pro v\u0161echny z&nbsp;n\u00e1s obdob\u00edm klidu a&nbsp;radosti. V&nbsp;\u0159ad\u011b rodin kulminuje stres a&nbsp;bohu\u017eel i&nbsp;n\u00e1sil\u00ed. Leto\u0161n\u00ed rok je specifick\u00fd t\u00edm, \u017ee cel\u00e1 \u0159ada d\u011bt\u00ed bude pr\u00e1v\u011b v&nbsp;tomto obdob\u00ed op\u011bt izolov\u00e1na doma, a\u0165 z&nbsp;d\u016fvodu karant\u00e9n \u010di leckde prodlou\u017een\u00fdch v\u00e1no\u010dn\u00edch pr\u00e1zdnin. Jsem proto r\u00e1da, \u017ee pr\u00e1v\u011b te\u010f m\u016f\u017eeme\u00a0 \u017ee ve spolupr\u00e1ci se zn\u00e1m\u00fdmi osobnostmi i&nbsp;relevantn\u00edmi st\u00e1tn\u00edmi institucemi p\u0159edstavit d\u011btem mezin\u00e1rodn\u00ed gesto pomoci. Je d\u016fle\u017eit\u00e9, aby i&nbsp;d\u011bti v\u011bd\u011bly, \u017ee pomoc existuje a&nbsp;je mo\u017en\u00e9 si o&nbsp;ni \u0159\u00edct. A&nbsp;toto gesto jim ukazuje\u00a0 srozumitelnou cestu, jak na to\u201c,<\/em> uvedla Petra W\u00fcnschov\u00e1, \u0159editelka Centra LOCIKA.<\/p>\r\n<p>O povinnosti informovat o&nbsp;Sign\u00e1lu pomoci na 3 kl\u00ed\u010dov\u00fdch ministerstvech (MV, M\u0160MT a&nbsp;MPSV) rozhodla 9.6.2021 Rada vl\u00e1dy pro pr\u00e1va d\u00edt\u011bte, nicm\u00e9n\u011b nejd\u016fle\u017eit\u011bj\u0161\u00ed je, aby gesto bylo srozumiteln\u00e9 i&nbsp;pro \u0161irokou ve\u0159ejnost a&nbsp;v\u0161ichni v\u011bd\u011bli, co v&nbsp;p\u0159\u00edpad\u011b jeho identifikace d\u011blat.\u00a0<\/p>\r\n<p><em>\u201eU d\u011bt\u00ed v\u00a0r\u00e1mci na\u0161\u00ed kampan\u011b klademe d\u016fraz na to, aby v\u016fbec v\u011bd\u011bly o&nbsp;mo\u017enosti, \u017ee gesto existuje a&nbsp;lze si s\u00a0n\u00edm p\u0159ivolat pomoc. Pokud d\u011bti Sign\u00e1l pomoci samy n\u011bkde spat\u0159\u00ed, m\u011bly by se neprodlen\u011b obr\u00e1tit na n\u011bkoho dosp\u011bl\u00e9ho ve sv\u00e9m okol\u00ed. Pokud u\u017e se jedn\u00e1 o&nbsp;star\u0161\u00ed d\u00edt\u011b, kter\u00e9 je schopno situaci \u0159e\u0161it, pak m\u00e1 jasn\u00fd pokyn volat na Polici \u010cesk\u00e9 republiky a&nbsp;sd\u011blit m\u00edsto a&nbsp;okolnosti, za jak\u00fdch gesto spat\u0159ilo. Abychom rozpt\u00fdlili obavy d\u011bt\u00ed z\u00a0pou\u017eit\u00ed gesta, nato\u010dili jsme k\u00a0tomuto t\u00e9matu krom\u011b hlavn\u00edho spotu i&nbsp;kr\u00e1tk\u00e9 pov\u00edd\u00e1n\u00ed se zp\u011bv\u00e1kem Radkem Bangou, kter\u00fd spole\u010dn\u011b s\u00a0Petrou W\u00fcnschovou vysv\u011btluje jeho pou\u017eit\u00ed v\u00edce do hloubky,\u201c<\/em> doplnila Magdal\u00e9na \u010cern\u00e1 z\u00a0Centra LOCIKA, kter\u00e1 m\u00e1 kampa\u0148 na starosti.<\/p>\r\n<p>Gesto Sign\u00e1l pomoci poch\u00e1z\u00ed z\u00a0Kanady, jedn\u00e1 se o&nbsp;single-handed gesto, kter\u00e9 m\u016f\u017ee b\u00fdt pou\u017eito, kdy\u017e se n\u011bkdo c\u00edt\u00ed b\u00fdt ohro\u017een a&nbsp;pot\u0159ebuje pomoc. Mezin\u00e1rodn\u00ed sign\u00e1l m\u00e1 obrovsk\u00e9 vyu\u017eit\u00ed p\u0159i jak\u00e9mkoli nebezpe\u010d\u00ed, a\u010dkoli prioritn\u00ed je dom\u00e1c\u00ed a&nbsp;jin\u00e9 n\u00e1sil\u00ed. Toto jednoduch\u00e9 znamen\u00ed rukou lze pou\u017e\u00edt v&nbsp;pr\u016fb\u011bhu videohovoru nebo p\u0159i osobn\u00edm kontaktu s&nbsp;jinou osobou. Ohro\u017een\u00e1 osoba si tak m\u016f\u017ee pomoc\u00ed neverb\u00e1ln\u00edho sign\u00e1lu p\u0159ivolat pomoc, ani\u017e by zanechala digit\u00e1ln\u00ed \u010di jinou stopu.<\/p>\r\n<p>P\u016fvodn\u011b byl sign\u00e1l vytvo\u0159en jako n\u00e1stroj boje proti celosv\u011btov\u00e9mu n\u00e1r\u016fstu p\u0159\u00edpad\u016f dom\u00e1c\u00edho n\u00e1sil\u00ed v&nbsp;d\u016fsledku opat\u0159en\u00ed sebeizolace souvisej\u00edc\u00edch s&nbsp;pandemi\u00ed COVID-19. B\u011bhem pandemie doch\u00e1z\u00ed k&nbsp;v\u00fdznamn\u00e9 eskalaci p\u0159\u00edpad\u016f dom\u00e1c\u00edho n\u00e1sil\u00ed. Z\u00e1rove\u0148 opat\u0159en\u00ed v&nbsp;oblasti soci\u00e1ln\u00ed izolace znesnad\u0148uj\u00ed ob\u011btem n\u00e1sil\u00ed, aby si bezpe\u010dn\u011b po\u017e\u00e1dali o&nbsp;pomoc. Vznikla zde kritick\u00e1 pot\u0159eba diskr\u00e9tn\u00edho zp\u016fsobu, j\u00edm\u017e by bylo mo\u017en\u00e9 dos\u00e1hnout nezbytn\u00e9 pomoci pro ohro\u017een\u00e9 osoby.<\/p>\r\n<p>Sign\u00e1l pomoci byl poprv\u00e9 p\u0159edstaven v&nbsp;Kanad\u011b Kanadskou nadac\u00ed \u017een 14.&nbsp;dubna 2020 a&nbsp;28.&nbsp;dubna 2020 ve Spojen\u00fdch st\u00e1tech Women&#8217;s&nbsp;Funding Network (WFN). Kampa\u0148 tak poskytla modern\u00ed \u0159e\u0161en\u00ed probl\u00e9mu n\u00e1r\u016fstu p\u0159\u00edpad\u016f dom\u00e1c\u00edho n\u00e1sil\u00ed. Sou\u010dasn\u011b iniciativa pom\u00e1h\u00e1 upozor\u0148ovat na problematiku n\u00e1sil\u00ed zalo\u017een\u00e9ho na pohlav\u00ed a&nbsp;nab\u00edz\u00ed pot\u0159ebn\u00e9 znalosti v\u0161em, kte\u0159\u00ed maj\u00ed z\u00e1jem pom\u00e1hat s&nbsp;ochranou bezpe\u010dnosti osob ohro\u017een\u00fdch n\u00e1sil\u00edm.<\/p>\r\n<p>&nbsp;<\/p>\r\n<h3>Sign\u00e1l se prov\u00e1d\u00ed pozvednut\u00edm ruky dlan\u00ed od sebe, s&nbsp;palcem zastr\u010den\u00fdm do dlan\u011b, n\u00e1sledn\u00fdm sklopen\u00edm prst\u016f dol\u016f a&nbsp;symbolick\u00fdm zachycen\u00edm palce v&nbsp;prstech.<\/h3>\r\n<p>&nbsp;<\/p>\r\n<p>Vznik spotu finan\u010dn\u011b podpo\u0159ilo Ministerstvo zdravotnictv\u00ed.<\/p>\r\n<p>Na spotu pro bono spolupracovali: Eva Bure\u0161ov\u00e1, Jitka Nov\u00e1\u010dkov\u00e1, Ha Thanh \u0160petl\u00edkov\u00e1, Radek Banga, Pok\u00e1\u010d, Kovy a&nbsp;Mat\u011bj Pulkrab.<\/p>\r\n<p>Spot vytvo\u0159ili re\u017eis\u00e9r Miroslav Ondru\u0161 a&nbsp;re\u017eis\u00e9r a&nbsp;st\u0159iha\u010d Jakub Vansa.<\/p>\r\n<p>&nbsp;<\/p>\r\n<p><strong>Centrum LOCIKA, z.\u00fa.<\/strong><\/p>\r\n<p>Centrum LOCIKA, zah\u00e1jilo svou \u010dinnost v&nbsp;kv\u011btnu 2015. Jedn\u00e1 se o&nbsp;prvn\u00ed takto specializovan\u00e9 centrum komplexn\u00ed odborn\u00e9 p\u00e9\u010de pro d\u011bti za\u017e\u00edvaj\u00edc\u00ed dom\u00e1c\u00ed n\u00e1sil\u00ed v&nbsp;\u010cR. Vzniklo na z\u00e1klad\u011b dlouholet\u00fdch zku\u0161enost\u00ed a&nbsp;vysok\u00e9 popt\u00e1vky po t\u011bchto slu\u017eb\u00e1ch ze strany rodi\u010d\u016f i&nbsp;st\u00e1tn\u00edch org\u00e1n\u016f. Pra\u017esk\u00fd magistr\u00e1t ud\u011blil Centru pov\u011b\u0159en\u00ed k&nbsp;soci\u00e1ln\u011b-pr\u00e1vn\u00ed ochran\u011b d\u011bt\u00ed. Ro\u010dn\u011b odborn\u00edci centra pomohou a\u017e 200 d\u011btem a&nbsp;jejich rodin\u00e1m. Slu\u017eby Centrum poskytuje na adrese Um\u011bleck\u00e1 6, Praha&nbsp;7.<\/p>\r\n<p><a href=\"https:\/\/www.centrumlocika.cz\/\">www.centrumlocika.cz<\/a>, <a href=\"https:\/\/www.facebook.com\/centrumlocika\">www.facebook.com\/centrumlocika<\/a><\/p>","protected":false},"excerpt":{"rendered":"[perex] Centrum LOCIKA vypustila spot, ve kter\u00e9m zn\u00e1m\u00e9 osobnosti jako je nap\u0159\u00edklad influencer Kovy, fotbalista Mat\u011bj Pulkrab, here\u010dka Eva Bure\u0161ov\u00e1 nebo zp\u011bv\u00e1k Radek Banga p\u0159edstavuj\u00ed d\u011btem Sign\u00e1l pomoci \u2013 mezin\u00e1rodn\u00ed gesto pro ob\u011bti n\u00e1sil\u00ed. Spot pob\u011b\u017e\u00ed na internetu a&nbsp;soci\u00e1ln\u00edch s\u00edt\u00edch s\u00a0odkazem na webovou str\u00e1nku www.detstvibeznasili.cz\/signal-pomoci, kde si d\u011bti mohou p\u0159e\u010d\u00edst o&nbsp;sign\u00e1lu a&nbsp;jeho pou\u017eit\u00ed v\u00edce. [\/perex] [&hellip;]","protected":false},"author":5,"featured_media":53232,"comment_status":"closed","ping_status":"open","sticky":false,"template":"","format":"standard","meta":[],"categories":[34],"tags":[],"_links":{"self":[{"href":"https:\/\/www.praha7.cz\/api\/wp\/v2\/posts\/53231"}],"collection":[{"href":"https:\/\/www.praha7.cz\/api\/wp\/v2\/posts"}],"about":[{"href":"https:\/\/www.praha7.cz\/api\/wp\/v2\/types\/post"}],"author":[{"embeddable":true,"href":"https:\/\/www.praha7.cz\/api\/wp\/v2\/users\/5"}],"replies":[{"embeddable":true,"href":"https:\/\/www.praha7.cz\/api\/wp\/v2\/comments?post=53231"}],"version-history":[{"count":2,"href":"https:\/\/www.praha7.cz\/api\/wp\/v2\/posts\/53231\/revisions"}],"predecessor-version":[{"id":53234,"href":"https:\/\/www.praha7.cz\/api\/wp\/v2\/posts\/53231\/revisions\/53234"}],"wp:featuredmedia":[{"embeddable":true,"href":"https:\/\/www.praha7.cz\/api\/wp\/v2\/media\/53232"}],"wp:attachment":[{"href":"https:\/\/www.praha7.cz\/api\/wp\/v2\/media?parent=53231"}],"wp:term":[{"taxonomy":"category","embeddable":true,"href":"https:\/\/www.praha7.cz\/api\/wp\/v2\/categories?post=53231"},{"taxonomy":"post_tag","embeddable":true,"href":"https:\/\/www.praha7.cz\/api\/wp\/v2\/tags?post=53231"}],"curies":[{"name":"wp","href":"https:\/\/api.w.org\/{rel}","templated":true}]}}